{"id":36846,"date":"2023-11-12T19:39:10","date_gmt":"2023-11-12T22:39:10","guid":{"rendered":"https:\/\/radiorevelacionfm.cl\/?p=36846"},"modified":"2023-11-12T19:39:10","modified_gmt":"2023-11-12T22:39:10","slug":"ecoterraneo-y-la-ruta-del-agua-consolidan-acciones-publico-privadas-en-pro-del-turismo-en-aysen","status":"publish","type":"post","link":"https:\/\/radiorevelacionfm.cl\/?p=36846","title":{"rendered":"Ecoterr\u00e1neo y \u201cla Ruta del Agua\u201d consolidan acciones p\u00fablico &#8211; privadas en pro del turismo en Ays\u00e9n"},"content":{"rendered":"<div class=\"flex_column av_one_full  flex_column_div av-zero-column-padding first  avia-builder-el-0  el_before_av_one_full  avia-builder-el-first  \" style='border-radius:0px; '><div  class='avia-image-container  av-styling-    avia-builder-el-1  avia-builder-el-no-sibling  avia-align-center '  itemprop=\"image\" itemscope=\"itemscope\" itemtype=\"https:\/\/schema.org\/ImageObject\"  ><div class='avia-image-container-inner'><div class='avia-image-overlay-wrap'><img decoding=\"async\" class='wp-image-36847 avia-img-lazy-loading-not-36847 avia_image' src=\"https:\/\/radiorevelacionfm.cl\/wp-content\/uploads\/2023\/11\/conversatorio-ruta-del-agua-1-1-1_optimized-1.jpg\" alt='' title='conversatorio-ruta-del-agua-1-(1)-(1)_optimized (1)' height=\"600\" width=\"900\"  itemprop=\"thumbnailUrl\" srcset=\"https:\/\/radiorevelacionfm.cl\/wp-content\/uploads\/2023\/11\/conversatorio-ruta-del-agua-1-1-1_optimized-1.jpg 900w, https:\/\/radiorevelacionfm.cl\/wp-content\/uploads\/2023\/11\/conversatorio-ruta-del-agua-1-1-1_optimized-1-300x200.jpg 300w, https:\/\/radiorevelacionfm.cl\/wp-content\/uploads\/2023\/11\/conversatorio-ruta-del-agua-1-1-1_optimized-1-768x512.jpg 768w, https:\/\/radiorevelacionfm.cl\/wp-content\/uploads\/2023\/11\/conversatorio-ruta-del-agua-1-1-1_optimized-1-705x470.jpg 705w, https:\/\/radiorevelacionfm.cl\/wp-content\/uploads\/2023\/11\/conversatorio-ruta-del-agua-1-1-1_optimized-1-450x300.jpg 450w, https:\/\/radiorevelacionfm.cl\/wp-content\/uploads\/2023\/11\/conversatorio-ruta-del-agua-1-1-1_optimized-1-600x400.jpg 600w\" sizes=\"(max-width: 900px) 100vw, 900px\" \/><\/div><\/div><\/div><\/div><div class=\"flex_column av_one_full  flex_column_div av-zero-column-padding first  avia-builder-el-2  el_after_av_one_full  el_before_av_one_full  column-top-margin\" style='border-radius:0px; '><section class=\"av_textblock_section \"  itemscope=\"itemscope\" itemtype=\"https:\/\/schema.org\/BlogPosting\" itemprop=\"blogPost\" ><div class='avia_textblock  '   itemprop=\"text\" ><p style=\"text-align: center;\"><strong><span style=\"font-size: 18pt;\">Ecoterr\u00e1neo y \u201cla Ruta del Agua\u201d consolidan acciones p\u00fablico &#8211; privadas en pro del turismo en Ays\u00e9n<\/span><\/strong><\/p>\n<div id=\"gtx-trans\" style=\"position: absolute; left: -50px; top: 4.31534px;\">\n<div class=\"gtx-trans-icon\"><\/div>\n<\/div>\n<\/div><\/section><\/div><div class=\"flex_column av_one_full  flex_column_div av-zero-column-padding first  avia-builder-el-4  el_after_av_one_full  el_before_av_hr  column-top-margin\" style='border-radius:0px; '><section class=\"av_textblock_section \"  itemscope=\"itemscope\" itemtype=\"https:\/\/schema.org\/BlogPosting\" itemprop=\"blogPost\" ><div class='avia_textblock  '   itemprop=\"text\" ><p style=\"text-align: justify;\"><em>En la jornada hubo tambi\u00e9n premios muy interesantes, donados por los empresarios y emprendedores tur\u00edsticos, los que fueron sorteados entre los asistentes.<\/em><\/p>\n<p style=\"text-align: justify;\">En dependencias de Ecoterr\u00e1neo Patagonia Cowork, se realiz\u00f3 el conversatorio \u201cla Ruta del Agua y el futuro del turismo en Ays\u00e9n\u201d, instancia que cont\u00f3 con la participaci\u00f3n de autoridades regionales, provinciales y comunales, como el Alcalde Ays\u00e9n Julio Uribe, el director regional de Corfo Humberto Mar\u00edn, el delegado presidencial provincial Jorge D\u00edaz, el representante de la Gobernadora Regional Oscar del Solar, la gerenta de Ecoterr\u00e1neo Marcela Vidal, del proyecto FIC de la Universidad Austral, el dirigente gremial y principal expositor de la actividad Ricardo Medel, dirigentes gremiales de turismo y comercio junto emprendedores, empresarios y la\u00a0 comunidad.<\/p>\n<p style=\"text-align: justify;\">Fue una jornada de dialogo, de sano debate y con conclusiones que dan cuenta del diagn\u00f3stico sobre la realidad del turismo en Ays\u00e9n, el crecimiento que ha tenido y las brechas por superar. Todo ello, claramente busca ser enfrentado entre el mundo p\u00fablico y privado, donde cada uno aporta desde su experiencia, sus conocimientos e ideas, a poder avanzar en posicionar a Puerto Ays\u00e9n, la regi\u00f3n y la Patagonia, como el mejor destino tur\u00edstico del mundo.<\/p>\n<p style=\"text-align: justify;\">\u201cCreo que estas instancias son emocionantes porque vemos a los ayseninos como comparten un mismo sue\u00f1o, que es potenciar el turismo al m\u00e1ximo y creo que Ecoterr\u00e1neo ha sido la llave fundamental de poder juntar a muchos vecinos, para que todos con una idea similar podamos estar potenciar hoy la Ruta del Agua. De esta forma tambi\u00e9n, potenciar el turismo, potenciar nuestra comuna, que estoy seguro es el inter\u00e9s de todos quienes estuvimos hoy en este conversatorio\u201d, manifest\u00f3 el Alcalde de la comuna de Ays\u00e9n, Julio Uribe.<\/p>\n<p style=\"text-align: justify;\">Para la gerenta de Ecoterr\u00e1neo Patagonia Cowork, Marcela Vidal, organizar y coordinar este tipo de iniciativas, busca apoyar a los emprendedores y emprendedoras, en este caso, del turismo. Por ello, el haber tenido tan importante convocatoria en el conversatorio, lo calific\u00f3 como una jornada exitosa.<\/p>\n<p style=\"text-align: justify;\">\u201cUna jornada m\u00e1s que exitosa, tuvimos m\u00e1s de 60 asistentes, entre entidades p\u00fablicas, tuvimos directores de servicios, el delegado, el alcalde, tuvimos representaci\u00f3n de la gobernadora Andrea Mac\u00edas, contamos tambi\u00e9n con la representaci\u00f3n de los gremios, empresarios, emprendedores tur\u00edsticos. Yo creo que ha sido una jornada enriquecedora, donde tambi\u00e9n nos dimos cuenta de muchas cosas, de muchas fortalezas, de muchas debilidades que tenemos, pero tambi\u00e9n la soluci\u00f3n a la estrategia de gobernanza tur\u00edstica que tenemos que llevar y que tenemos que seguir para ver el futuro del turismo en Ays\u00e9n\u201d.<\/p>\n<p style=\"text-align: justify;\">Ricardo Medel, empresario tur\u00edstico y uno de los principales impulsores de \u201cla Ruta del Agua\u201d, tambi\u00e9n expuso los detalles, inicios, avances y proyecciones de esta iniciativa, que busca crecer y sumar cada vez m\u00e1s actores para potenciar el turismo en el territorio. Relevando tambi\u00e9n el trabajo colaborativo con Ecoterr\u00e1neo y la Universidad Austral. \u201cMuy contento, hicimos un trabajo colaborativo entre Ecoterr\u00e1neo, la Universidad Austral y el proyecto Ruta del Agua, activamos de nuevo a los actores, se generaron sinergias entre los distintos actores p\u00fablico \u2013 privados, as\u00ed es que, estamos muy contentos y entusiasmados de los desaf\u00edos que se vienen para la Ruta del Agua\u201d.<\/p>\n<p style=\"text-align: justify;\">De manera muy positiva tambi\u00e9n evalu\u00f3 el conversatorio, Camila Salas, coordinadora territorial del proyecto FIC laboratorio innovaci\u00f3n tur\u00edstica de la Universidad Austral campus Patagonia. \u201cFue una actividad muy provechosa, exitosa en cuanto a la convocatoria y los temas que se trataron, muy atingentes a lo que estamos viviendo actualmente como comuna, el futuro del turismo en Ays\u00e9n, sobre todo para poder encontrarnos. Un espacio de encuentro entre diversos actores, tanto p\u00fablico como privados, comunidad local y la misma academia, quienes estamos buscando estos espacios de sinergia, para poder conversar respecto del turismo y tomar acciones concretas que permitan impulsar en turismo en nuestra comuna\u201d.<\/p>\n<p style=\"text-align: justify;\">En tanto, la presidenta de la c\u00e1mara de comercio y turismo de Villa Ma\u00f1ihuales, Carolina G\u00f3mez, valor\u00f3 haber sido convocada a esta instancia de dialogo, ya que, desde su sector es muy importante unir acciones y por supuesto ser parte de la Ruta del Agua, mediante la belleza natural que existe en la villa y sus alrededores.<\/p>\n<p style=\"text-align: justify;\">\u201cPor un lado, estamos hoy en d\u00eda con los guiados a puente de Piedra, que es uno, pero nosotros estamos trabajando en el rio Ma\u00f1ihuales, estamos haciendo rafting, estamos realizando algunos servicios guiados a las cascadas en Ma\u00f1ihuales. As\u00ed es que, hay varios productos que estamos desarrollando hoy en d\u00eda, a trav\u00e9s del programa Barrios Comerciales estamos tambi\u00e9n empaquetando algunos servicios para poder presentarlos a una parrilla de productos bien organizados, costeados y que tambi\u00e9n podamos ofrecerlos a los operadores de ac\u00e1 de Ays\u00e9n. Entonces, este conversatorio es muy relevante para nosotros, porque tambi\u00e9n de esta forma, nos alineamos, conocemos cuales son las inquietudes que hoy tiene Puerto Ays\u00e9n, ya que, estamos al lado y tenemos que trabajar de manera coordinada\u201d.<\/p>\n<p style=\"text-align: justify;\">El ponerse de acuerdo, estar en sinton\u00eda con otros actores p\u00fablico \u2013 privados, quiere decir que \u201cestamos construyendo sobre pilares muy firmes el futuro de la Ruta del Agua\u201d, afirm\u00f3 el presidente de la c\u00e1mara de turismo de Puerto Ays\u00e9n, Edgardo Abello. \u201cMuy contento porque hubo un trabajo bien intenso en distintos grupos y el producto final fue muy coherente, casi todos los grupos llegamos m\u00e1s o menos a las mismas conclusiones, eso quiere decir que, estamos construyendo sobre pilares muy s\u00f3lidos el futuro de la Ruta del Agua, se vienen cosas grandes. La comuna de Ays\u00e9n tenemos que mostrarla a la regi\u00f3n y tenemos que mostrarla al mundo, saber valorar los atractivos y desarrollar una infraestructura inteligente, para que muchos quieran visitarnos\u201d.<\/p>\n<p style=\"text-align: justify;\">En Ecoterr\u00e1neo Patagonia Cowork, como empresa local, de Puerto Ays\u00e9n, ratificaron la intenci\u00f3n seguir propiciando y colaborando con instancias que signifiquen poner en valor las \u00e1reas productivas que posee la regi\u00f3n, como ocurri\u00f3 en esta oportunidad con el turismo.<\/p>\n<\/div><\/section><\/div><div  style='height:50px' class='hr hr-invisible   avia-builder-el-6  el_after_av_one_full  el_before_av_social_share '><span class='hr-inner ' ><span class='hr-inner-style'><\/span><\/span><\/div><\/p>\n<div  class='av-social-sharing-box  avia-builder-el-7  el_after_av_hr  el_before_av_hr  '><div class='av-share-box'><h5 class='av-share-link-description av-no-toc '>Compartir esta noticia<\/h5><ul class='av-share-box-list noLightbox'><li class='av-share-link av-social-link-facebook' ><a target=\"_blank\" aria-label=\"Compartir en Facebook\" href='https:\/\/www.facebook.com\/sharer.php?u=https:\/\/radiorevelacionfm.cl\/?p=36846&#038;t=Ecoterr%C3%A1neo%20y%20%E2%80%9Cla%20Ruta%20del%20Agua%E2%80%9D%20consolidan%20acciones%20p%C3%BAblico%20%E2%80%93%20privadas%20en%20pro%20del%20turismo%20en%20Ays%C3%A9n' aria-hidden='false' data-av_icon='\ue8f3' data-av_iconfont='entypo-fontello' title='' data-avia-related-tooltip='Compartir en Facebook' rel=\"noopener\"><span class='avia_hidden_link_text'>Compartir en Facebook<\/span><\/a><\/li><li class='av-share-link av-social-link-twitter' ><a target=\"_blank\" aria-label=\"Compartir en Twitter\" href='https:\/\/twitter.com\/share?text=Ecoterr%C3%A1neo%20y%20%E2%80%9Cla%20Ruta%20del%20Agua%E2%80%9D%20consolidan%20acciones%20p%C3%BAblico%20%E2%80%93%20privadas%20en%20pro%20del%20turismo%20en%20Ays%C3%A9n&#038;url=https:\/\/radiorevelacionfm.cl\/?p=36846' aria-hidden='false' data-av_icon='\ue8f1' data-av_iconfont='entypo-fontello' title='' data-avia-related-tooltip='Compartir en Twitter' rel=\"noopener\"><span class='avia_hidden_link_text'>Compartir en Twitter<\/span><\/a><\/li><li class='av-share-link av-social-link-whatsapp' ><a target=\"_blank\" aria-label=\"Compartir en Whatsapp\" href='https:\/\/api.whatsapp.com\/send?text=https:\/\/radiorevelacionfm.cl\/?p=36846' aria-hidden='false' data-av_icon='\uf232' data-av_iconfont='entypo-fontello' title='' data-avia-related-tooltip='Compartir en Whatsapp' rel=\"noopener\"><span class='avia_hidden_link_text'>Compartir en Whatsapp<\/span><\/a><\/li><li class='av-share-link av-social-link-linkedin' ><a target=\"_blank\" aria-label=\"Compartir en LinkedIn\" href='https:\/\/linkedin.com\/shareArticle?mini=true&#038;title=Ecoterr%C3%A1neo%20y%20%E2%80%9Cla%20Ruta%20del%20Agua%E2%80%9D%20consolidan%20acciones%20p%C3%BAblico%20%E2%80%93%20privadas%20en%20pro%20del%20turismo%20en%20Ays%C3%A9n&#038;url=https:\/\/radiorevelacionfm.cl\/?p=36846' aria-hidden='false' data-av_icon='\ue8fc' data-av_iconfont='entypo-fontello' title='' data-avia-related-tooltip='Compartir en LinkedIn' rel=\"noopener\"><span class='avia_hidden_link_text'>Compartir en LinkedIn<\/span><\/a><\/li><li class='av-share-link av-social-link-mail' ><a  aria-label=\"Compartir por correo\" href='mailto:?subject=Ecoterr%C3%A1neo%20y%20%E2%80%9Cla%20Ruta%20del%20Agua%E2%80%9D%20consolidan%20acciones%20p%C3%BAblico%20%E2%80%93%20privadas%20en%20pro%20del%20turismo%20en%20Ays%C3%A9n&#038;body=https:\/\/radiorevelacionfm.cl\/?p=36846' aria-hidden='false' data-av_icon='\ue805' data-av_iconfont='entypo-fontello' title='' data-avia-related-tooltip='Compartir por correo'><span class='avia_hidden_link_text'>Compartir por correo<\/span><\/a><\/li><\/ul><\/div><\/div>\n<div  style='height:50px' class='hr hr-invisible   avia-builder-el-8  el_after_av_social_share  el_before_av_comments_list '><span class='hr-inner ' ><span class='hr-inner-style'><\/span><\/span><\/div>\n<div  class='av-buildercomment  av-blog-meta-html-info-disabled av-blog-meta-tag-disabled  '><\/div>\n","protected":false},"excerpt":{"rendered":"","protected":false},"author":1,"featured_media":36847,"comment_status":"open","ping_status":"open","sticky":false,"template":"","format":"standard","meta":{"footnotes":""},"categories":[38],"tags":[],"class_list":["post-36846","post","type-post","status-publish","format-standard","has-post-thumbnail","hentry","category-regional"],"jetpack_featured_media_url":"https:\/\/radiorevelacionfm.cl\/wp-content\/uploads\/2023\/11\/conversatorio-ruta-del-agua-1-1-1_optimized-1.jpg","_links":{"self":[{"href":"https:\/\/radiorevelacionfm.cl\/index.php?rest_route=\/wp\/v2\/posts\/36846","targetHints":{"allow":["GET"]}}],"collection":[{"href":"https:\/\/radiorevelacionfm.cl\/index.php?rest_route=\/wp\/v2\/posts"}],"about":[{"href":"https:\/\/radiorevelacionfm.cl\/index.php?rest_route=\/wp\/v2\/types\/post"}],"author":[{"embeddable":true,"href":"https:\/\/radiorevelacionfm.cl\/index.php?rest_route=\/wp\/v2\/users\/1"}],"replies":[{"embeddable":true,"href":"https:\/\/radiorevelacionfm.cl\/index.php?rest_route=%2Fwp%2Fv2%2Fcomments&post=36846"}],"version-history":[{"count":1,"href":"https:\/\/radiorevelacionfm.cl\/index.php?rest_route=\/wp\/v2\/posts\/36846\/revisions"}],"predecessor-version":[{"id":36848,"href":"https:\/\/radiorevelacionfm.cl\/index.php?rest_route=\/wp\/v2\/posts\/36846\/revisions\/36848"}],"wp:featuredmedia":[{"embeddable":true,"href":"https:\/\/radiorevelacionfm.cl\/index.php?rest_route=\/wp\/v2\/media\/36847"}],"wp:attachment":[{"href":"https:\/\/radiorevelacionfm.cl\/index.php?rest_route=%2Fwp%2Fv2%2Fmedia&parent=36846"}],"wp:term":[{"taxonomy":"category","embeddable":true,"href":"https:\/\/radiorevelacionfm.cl\/index.php?rest_route=%2Fwp%2Fv2%2Fcategories&post=36846"},{"taxonomy":"post_tag","embeddable":true,"href":"https:\/\/radiorevelacionfm.cl\/index.php?rest_route=%2Fwp%2Fv2%2Ftags&post=36846"}],"curies":[{"name":"wp","href":"https:\/\/api.w.org\/{rel}","templated":true}]}}