{"id":36841,"date":"2023-11-12T19:18:28","date_gmt":"2023-11-12T22:18:28","guid":{"rendered":"https:\/\/radiorevelacionfm.cl\/?p=36841"},"modified":"2023-11-12T19:18:28","modified_gmt":"2023-11-12T22:18:28","slug":"implementan-primer-microbanco-de-alimentos-en-coyhaique-con-apoyo-de-feria-victor-domingo-silva","status":"publish","type":"post","link":"https:\/\/radiorevelacionfm.cl\/?p=36841","title":{"rendered":"Implementan primer Microbanco de Alimentos en Coyhaique con apoyo de Feria V\u00edctor Domingo Silva"},"content":{"rendered":"<div class=\"flex_column av_one_full  flex_column_div av-zero-column-padding first  avia-builder-el-0  el_before_av_one_full  avia-builder-el-first  \" style='border-radius:0px; '><div  class='avia-image-container  av-styling-    avia-builder-el-1  avia-builder-el-no-sibling  avia-align-center '  itemprop=\"image\" itemscope=\"itemscope\" itemtype=\"https:\/\/schema.org\/ImageObject\"  ><div class='avia-image-container-inner'><div class='avia-image-overlay-wrap'><img decoding=\"async\" class='wp-image-36842 avia-img-lazy-loading-not-36842 avia_image' src=\"https:\/\/radiorevelacionfm.cl\/wp-content\/uploads\/2023\/11\/microbancos-1_optimized-1.jpg\" alt='' title='microbancos-(1)_optimized (1)' height=\"600\" width=\"1067\"  itemprop=\"thumbnailUrl\" srcset=\"https:\/\/radiorevelacionfm.cl\/wp-content\/uploads\/2023\/11\/microbancos-1_optimized-1.jpg 1067w, https:\/\/radiorevelacionfm.cl\/wp-content\/uploads\/2023\/11\/microbancos-1_optimized-1-300x169.jpg 300w, https:\/\/radiorevelacionfm.cl\/wp-content\/uploads\/2023\/11\/microbancos-1_optimized-1-1030x579.jpg 1030w, https:\/\/radiorevelacionfm.cl\/wp-content\/uploads\/2023\/11\/microbancos-1_optimized-1-768x432.jpg 768w, https:\/\/radiorevelacionfm.cl\/wp-content\/uploads\/2023\/11\/microbancos-1_optimized-1-705x396.jpg 705w, https:\/\/radiorevelacionfm.cl\/wp-content\/uploads\/2023\/11\/microbancos-1_optimized-1-450x253.jpg 450w, https:\/\/radiorevelacionfm.cl\/wp-content\/uploads\/2023\/11\/microbancos-1_optimized-1-600x337.jpg 600w\" sizes=\"(max-width: 1067px) 100vw, 1067px\" \/><\/div><\/div><\/div><\/div><div class=\"flex_column av_one_full  flex_column_div av-zero-column-padding first  avia-builder-el-2  el_after_av_one_full  el_before_av_one_full  column-top-margin\" style='border-radius:0px; '><section class=\"av_textblock_section \"  itemscope=\"itemscope\" itemtype=\"https:\/\/schema.org\/BlogPosting\" itemprop=\"blogPost\" ><div class='avia_textblock  '   itemprop=\"text\" ><p style=\"text-align: center;\"><span style=\"font-size: 18pt;\"><b><span class=\"v1ContentPasted0\">Implementan primer Microbanco de Alimentos en Coyhaique con apoyo de Feria V\u00edctor Domingo Silva<\/span><span class=\"v1ContentPasted0\">\u00a0<\/span><\/b><\/span><\/p>\n<div id=\"gtx-trans\" style=\"position: absolute; left: -50px; top: 4.31534px;\">\n<div class=\"gtx-trans-icon\"><\/div>\n<\/div>\n<\/div><\/section><\/div><div class=\"flex_column av_one_full  flex_column_div av-zero-column-padding first  avia-builder-el-4  el_after_av_one_full  el_before_av_hr  column-top-margin\" style='border-radius:0px; '><section class=\"av_textblock_section \"  itemscope=\"itemscope\" itemtype=\"https:\/\/schema.org\/BlogPosting\" itemprop=\"blogPost\" ><div class='avia_textblock  '   itemprop=\"text\" ><p class=\"v1MsoNormal\" style=\"text-align: justify;\"><i><span class=\"v1ContentPasted0\">La iniciativa del Ministerio de Desarrollo Social y Familia y Elige Vivir Sano en alianza estrat\u00e9gica con la\u00a0<\/span><\/i><span class=\"v1normaltextrun\"><i><span class=\"v1ContentPasted0\" lang=\"ES-MX\">Confederaci\u00f3n Nacional de Ferias Libres,<\/span><\/i><\/span><i><span lang=\"ES-MX\"><span class=\"v1ContentPasted0\">\u00a0<\/span><\/span><\/i><i><span class=\"v1ContentPasted0\">tiene por objetivo aportar en la alimentaci\u00f3n saludable de unos 40 usuarios del albergue Social en Coyhaique.<\/span><span class=\"v1ContentPasted0\">\u00a0<\/span><\/i><\/p>\n<p class=\"v1MsoNormal v1ContentPasted0\" style=\"text-align: justify;\"><span class=\"v1ContentPasted0\">Este s\u00e1bado, la Seremi de Desarrollo Social y Familia dio el vamos al primer Microbanco de Alimentos Saludables de la Regi\u00f3n de Ays\u00e9n en la Feria V\u00edctor Domingo Silva de Coyhaique, que tiene por objetivo entregar un aporte solidario de feriantes en<\/span>\u00a0frutas y hortalizas<span class=\"v1ContentPasted0\">\u00a0al\u00a0<\/span><span class=\"v1ContentPasted0\">Albergue Social ONG Cidets<\/span><span class=\"v1ContentPasted0\">\u00a0<\/span>que trabaja directamente con personas en situaci\u00f3n de calle.<\/p>\n<p class=\"v1MsoNormal\" style=\"text-align: justify;\"><span class=\"v1ContentPasted0\">En la ocasi\u00f3n y para dar un buen cumplimiento a la creaci\u00f3n del microbanco, es que la Seremi hizo entrega de elementos de trabajo de higiene y sanitizaci\u00f3n que ser\u00e1n utilizados por la organizaci\u00f3n de la feria V\u00edctor Domingo Silva para la implementaci\u00f3n de la recuperaci\u00f3n de alimentos que dejan de venderse y que ser\u00e1n entregados posteriormente al Albergue de Cidets.<\/span><span class=\"v1ContentPasted0\">\u00a0<\/span><\/p>\n<p class=\"v1paragraph\" style=\"text-align: justify;\"><span class=\"v1normaltextrun\"><span class=\"v1ContentPasted0\" lang=\"ES-MX\">Karina Acevedo Auad, Seremi de Desarrollo Social y Familia puso en valor esta implementaci\u00f3n en Coyhaique \u00abEstamos en feria Las Quintas dando el puntapi\u00e9 inicial a los microbancos que anunci\u00f3 el\u00a0<\/span><span class=\"v1ContentPasted0\">Presidente<\/span><span class=\"v1ContentPasted0\">\u00a0en su discurso de junio y que hoy d\u00eda estamos concretando en la regi\u00f3n, para nosotros es muy importante como Ministerio porque estamos trabajando un proceso solidario y sobre todo poder dar respuesta a una demanda a un grupo que tanto lo requiere. Esto se gestiona a trav\u00e9s de CODEMA, pero principalmente lo que m\u00e1s nos colabora y nos ayuda a este microbanco, es que vamos a implementar alimentaci\u00f3n saludable al albergue con personas que est\u00e1n en situaci\u00f3n de calle y que est\u00e1 a cargo CIDETS en Coyhaique\u00bb.<\/span><\/span><span class=\"v1eop\">\u00a0<\/span><\/p>\n<p class=\"v1paragraph\" style=\"text-align: justify;\"><span class=\"v1normaltextrun\"><span class=\"v1ContentPasted0\" lang=\"ES-MX\">Contenta por la adherencia a la iniciativa nacional, Marta Soto, presidenta de la feria Libre V\u00edctor domingo Silva destac\u00f3 que \u00abEstamos muy contentos es muy gratificante. A nosotros se los llena el coraz\u00f3n de saber que podemos hacer estas cosas peque\u00f1as a grandes cosas. Vamos de poquito a poquito a nuestros verduleros le agradezco enormemente la voluntad, la solidaridad.\u00a0<\/span><span class=\"v1ContentPasted0\">Esto es una red y todo lo que nosotros estamos recuperando aqu\u00ed en la feria V\u00edctor Domingo Silva, al t\u00e9rmino de la jornada las pesamos y la entregamos a la ONG, para las personas en situaci\u00f3n de calle\u00bb, agregando que<\/span><span class=\"v1ContentPasted0\">\u00a0<\/span><span class=\"v1ContentPasted0\">\u00abNosotros los coyhaiquinos, los verduleros somos\u00a0<\/span><span class=\"v1ContentPasted0\">solidarios. Yo tengo 10 a 12 verduleros aqu\u00ed en la Feria V\u00edctor Domingo Silva y los 12 se han puesto la mano en el coraz\u00f3n y han puesto su granito de arena. Hemos recuperado en 3 s\u00e1bados, 30 kilos de alimentos\u00bb.\u00a0<\/span><\/span><span class=\"v1eop\"><span class=\"v1ContentPasted0\" lang=\"CA\">\u00a0<\/span><\/span><span lang=\"CA\">\u00a0<\/span><\/p>\n<p class=\"v1paragraph\" style=\"text-align: justify;\"><span class=\"v1normaltextrun\"><span class=\"v1ContentPasted0\" lang=\"ES-MX\">Desde Santiago viaj\u00f3 a la capital regional Froil\u00e1n Flores, presidente Confederaci\u00f3n Nacional de Ferias Libres para resaltar que \u00abEsto sirve mucho primero para conocernos y para ir desde las Ferias Libres a la comunidad y de la comunidad a las ferias libres. Nosotros somos la (organizaci\u00f3n) ferias libres a nivel nacional, las 1150 feria<\/span><span class=\"v1ContentPasted0\">s<\/span><span class=\"v1ContentPasted0\">\u00a0con 300 mil empleos directos. Somos solidarios, pero no siempre lo damos a conocer.<\/span><span class=\"v1ContentPasted0\">\u00a0<\/span><span class=\"v1ContentPasted0\">Este aporte significa una peque\u00f1a gotita de agua en un mar de lleno, que tiene mucha gente con mucha necesidad. As\u00ed que estamos dispuestos a seguir trabajando con el Gobierno para implementar los microbancos y llegar por qu\u00e9 no, a unos 100 a lo largo del pa\u00eds\u00bb.<\/span><\/span><span lang=\"CA\">\u00a0<\/span><\/p>\n<p class=\"v1paragraph\" style=\"text-align: justify;\"><span class=\"v1ContentPasted0\">Esta inauguraci\u00f3n es parte del proyecto que est\u00e1 creando 79 microbancos a lo largo de Chile durante este a\u00f1o, gracias a un convenio entre el Ministerio de DesarrolloSocial y Familia,\u00a0<\/span><span class=\"v1ContentPasted0\">\u00a0<\/span><span class=\"v1ContentPasted0\">Elige Vivir Sano con la Corporaci\u00f3n Observatorio del Mercado Alimentario (Codema) y la Asociaci\u00f3n Chilena de Organizaciones de Ferias Libres (Asof) para llegar de forma oportuna con alimentos saludables y en buen estado a poblaci\u00f3n vulnerable del pa\u00eds en todas las regiones del territorio nacional.<\/span><\/p>\n<\/div><\/section><\/div><div  style='height:50px' class='hr hr-invisible   avia-builder-el-6  el_after_av_one_full  el_before_av_social_share '><span class='hr-inner ' ><span class='hr-inner-style'><\/span><\/span><\/div><\/p>\n<div  class='av-social-sharing-box  avia-builder-el-7  el_after_av_hr  el_before_av_hr  '><div class='av-share-box'><h5 class='av-share-link-description av-no-toc '>Compartir esta noticia<\/h5><ul class='av-share-box-list noLightbox'><li class='av-share-link av-social-link-facebook' ><a target=\"_blank\" aria-label=\"Compartir en Facebook\" href='https:\/\/www.facebook.com\/sharer.php?u=https:\/\/radiorevelacionfm.cl\/?p=36841&#038;t=Implementan%20primer%20Microbanco%20de%20Alimentos%20en%20Coyhaique%20con%20apoyo%20de%20Feria%20V%C3%ADctor%20Domingo%20Silva' aria-hidden='false' data-av_icon='\ue8f3' data-av_iconfont='entypo-fontello' title='' data-avia-related-tooltip='Compartir en Facebook' rel=\"noopener\"><span class='avia_hidden_link_text'>Compartir en Facebook<\/span><\/a><\/li><li class='av-share-link av-social-link-twitter' ><a target=\"_blank\" aria-label=\"Compartir en Twitter\" href='https:\/\/twitter.com\/share?text=Implementan%20primer%20Microbanco%20de%20Alimentos%20en%20Coyhaique%20con%20apoyo%20de%20Feria%20V%C3%ADctor%20Domingo%20Silva&#038;url=https:\/\/radiorevelacionfm.cl\/?p=36841' aria-hidden='false' data-av_icon='\ue8f1' data-av_iconfont='entypo-fontello' title='' data-avia-related-tooltip='Compartir en Twitter' rel=\"noopener\"><span class='avia_hidden_link_text'>Compartir en Twitter<\/span><\/a><\/li><li class='av-share-link av-social-link-whatsapp' ><a target=\"_blank\" aria-label=\"Compartir en Whatsapp\" href='https:\/\/api.whatsapp.com\/send?text=https:\/\/radiorevelacionfm.cl\/?p=36841' aria-hidden='false' data-av_icon='\uf232' data-av_iconfont='entypo-fontello' title='' data-avia-related-tooltip='Compartir en Whatsapp' rel=\"noopener\"><span class='avia_hidden_link_text'>Compartir en Whatsapp<\/span><\/a><\/li><li class='av-share-link av-social-link-linkedin' ><a target=\"_blank\" aria-label=\"Compartir en LinkedIn\" href='https:\/\/linkedin.com\/shareArticle?mini=true&#038;title=Implementan%20primer%20Microbanco%20de%20Alimentos%20en%20Coyhaique%20con%20apoyo%20de%20Feria%20V%C3%ADctor%20Domingo%20Silva&#038;url=https:\/\/radiorevelacionfm.cl\/?p=36841' aria-hidden='false' data-av_icon='\ue8fc' data-av_iconfont='entypo-fontello' title='' data-avia-related-tooltip='Compartir en LinkedIn' rel=\"noopener\"><span class='avia_hidden_link_text'>Compartir en LinkedIn<\/span><\/a><\/li><li class='av-share-link av-social-link-mail' ><a  aria-label=\"Compartir por correo\" href='mailto:?subject=Implementan%20primer%20Microbanco%20de%20Alimentos%20en%20Coyhaique%20con%20apoyo%20de%20Feria%20V%C3%ADctor%20Domingo%20Silva&#038;body=https:\/\/radiorevelacionfm.cl\/?p=36841' aria-hidden='false' data-av_icon='\ue805' data-av_iconfont='entypo-fontello' title='' data-avia-related-tooltip='Compartir por correo'><span class='avia_hidden_link_text'>Compartir por correo<\/span><\/a><\/li><\/ul><\/div><\/div>\n<div  style='height:50px' class='hr hr-invisible   avia-builder-el-8  el_after_av_social_share  el_before_av_comments_list '><span class='hr-inner ' ><span class='hr-inner-style'><\/span><\/span><\/div>\n<div  class='av-buildercomment  av-blog-meta-html-info-disabled av-blog-meta-tag-disabled  '><\/div>\n","protected":false},"excerpt":{"rendered":"","protected":false},"author":1,"featured_media":36842,"comment_status":"open","ping_status":"open","sticky":false,"template":"","format":"standard","meta":{"footnotes":""},"categories":[38],"tags":[],"class_list":["post-36841","post","type-post","status-publish","format-standard","has-post-thumbnail","hentry","category-regional"],"jetpack_featured_media_url":"https:\/\/radiorevelacionfm.cl\/wp-content\/uploads\/2023\/11\/microbancos-1_optimized-1.jpg","_links":{"self":[{"href":"https:\/\/radiorevelacionfm.cl\/index.php?rest_route=\/wp\/v2\/posts\/36841","targetHints":{"allow":["GET"]}}],"collection":[{"href":"https:\/\/radiorevelacionfm.cl\/index.php?rest_route=\/wp\/v2\/posts"}],"about":[{"href":"https:\/\/radiorevelacionfm.cl\/index.php?rest_route=\/wp\/v2\/types\/post"}],"author":[{"embeddable":true,"href":"https:\/\/radiorevelacionfm.cl\/index.php?rest_route=\/wp\/v2\/users\/1"}],"replies":[{"embeddable":true,"href":"https:\/\/radiorevelacionfm.cl\/index.php?rest_route=%2Fwp%2Fv2%2Fcomments&post=36841"}],"version-history":[{"count":1,"href":"https:\/\/radiorevelacionfm.cl\/index.php?rest_route=\/wp\/v2\/posts\/36841\/revisions"}],"predecessor-version":[{"id":36843,"href":"https:\/\/radiorevelacionfm.cl\/index.php?rest_route=\/wp\/v2\/posts\/36841\/revisions\/36843"}],"wp:featuredmedia":[{"embeddable":true,"href":"https:\/\/radiorevelacionfm.cl\/index.php?rest_route=\/wp\/v2\/media\/36842"}],"wp:attachment":[{"href":"https:\/\/radiorevelacionfm.cl\/index.php?rest_route=%2Fwp%2Fv2%2Fmedia&parent=36841"}],"wp:term":[{"taxonomy":"category","embeddable":true,"href":"https:\/\/radiorevelacionfm.cl\/index.php?rest_route=%2Fwp%2Fv2%2Fcategories&post=36841"},{"taxonomy":"post_tag","embeddable":true,"href":"https:\/\/radiorevelacionfm.cl\/index.php?rest_route=%2Fwp%2Fv2%2Ftags&post=36841"}],"curies":[{"name":"wp","href":"https:\/\/api.w.org\/{rel}","templated":true}]}}