{"id":36838,"date":"2023-11-13T11:41:21","date_gmt":"2023-11-13T14:41:21","guid":{"rendered":"https:\/\/radiorevelacionfm.cl\/?p=36838"},"modified":"2023-11-13T11:41:21","modified_gmt":"2023-11-13T14:41:21","slug":"gobernadora-macias-valora-reposicion-del-8-para-el-proximo-ano-en-subcomision-de-presupuesto","status":"publish","type":"post","link":"https:\/\/radiorevelacionfm.cl\/?p=36838","title":{"rendered":"Gobernadora Mac\u00edas valora reposici\u00f3n del 8% para el pr\u00f3ximo a\u00f1o en Subcomisi\u00f3n de Presupuesto"},"content":{"rendered":"<div class=\"flex_column av_one_full  flex_column_div av-zero-column-padding first  avia-builder-el-0  el_before_av_one_full  avia-builder-el-first  \" style='border-radius:0px; '><div  class='avia-image-container  av-styling-    avia-builder-el-1  avia-builder-el-no-sibling  avia-align-center '  itemprop=\"image\" itemscope=\"itemscope\" itemtype=\"https:\/\/schema.org\/ImageObject\"  ><div class='avia-image-container-inner'><div class='avia-image-overlay-wrap'><img decoding=\"async\" class='wp-image-36839 avia-img-lazy-loading-not-36839 avia_image' src=\"https:\/\/radiorevelacionfm.cl\/wp-content\/uploads\/2023\/11\/Gobe-Los-Rios-1-1.jpeg\" alt='' title='Gobe Los R\u00edos (1) (1)' height=\"600\" width=\"937\"  itemprop=\"thumbnailUrl\" srcset=\"https:\/\/radiorevelacionfm.cl\/wp-content\/uploads\/2023\/11\/Gobe-Los-Rios-1-1.jpeg 937w, https:\/\/radiorevelacionfm.cl\/wp-content\/uploads\/2023\/11\/Gobe-Los-Rios-1-1-300x192.jpeg 300w, https:\/\/radiorevelacionfm.cl\/wp-content\/uploads\/2023\/11\/Gobe-Los-Rios-1-1-768x492.jpeg 768w, https:\/\/radiorevelacionfm.cl\/wp-content\/uploads\/2023\/11\/Gobe-Los-Rios-1-1-705x451.jpeg 705w, https:\/\/radiorevelacionfm.cl\/wp-content\/uploads\/2023\/11\/Gobe-Los-Rios-1-1-450x288.jpeg 450w, https:\/\/radiorevelacionfm.cl\/wp-content\/uploads\/2023\/11\/Gobe-Los-Rios-1-1-600x384.jpeg 600w\" sizes=\"(max-width: 937px) 100vw, 937px\" \/><\/div><\/div><\/div><\/div><div class=\"flex_column av_one_full  flex_column_div av-zero-column-padding first  avia-builder-el-2  el_after_av_one_full  el_before_av_one_full  column-top-margin\" style='border-radius:0px; '><section class=\"av_textblock_section \"  itemscope=\"itemscope\" itemtype=\"https:\/\/schema.org\/BlogPosting\" itemprop=\"blogPost\" ><div class='avia_textblock  '   itemprop=\"text\" ><p style=\"text-align: center;\"><strong><span style=\"font-size: 18pt;\">Gobernadora Mac\u00edas valora reposici\u00f3n del 8% para el pr\u00f3ximo a\u00f1o en Subcomisi\u00f3n de Presupuesto<\/span><\/strong><\/p>\n<div id=\"gtx-trans\" style=\"position: absolute; left: -50px; top: 4.31534px;\">\n<div class=\"gtx-trans-icon\"><\/div>\n<\/div>\n<\/div><\/section><\/div><div class=\"flex_column av_one_full  flex_column_div av-zero-column-padding first  avia-builder-el-4  el_after_av_one_full  el_before_av_hr  column-top-margin\" style='border-radius:0px; '><section class=\"av_textblock_section \"  itemscope=\"itemscope\" itemtype=\"https:\/\/schema.org\/BlogPosting\" itemprop=\"blogPost\" ><div class='avia_textblock  '   itemprop=\"text\" ><p style=\"text-align: justify;\">Este viernes se despach\u00f3 de la subcomisi\u00f3n mixta en el Congreso Nacional el presupuesto de los Gobiernos Regionales para el pr\u00f3ximo a\u00f1o, lo que quiere decir que las partidas de recursos con los que contar\u00e1n los GORES a lo largo del pa\u00eds durante el 2024 s\u00f3lo quedan ser revisadas y aprobadas por las salas del Senado y de la C\u00e1mara de Diputados.<\/p>\n<p style=\"text-align: justify;\">Uno de los aspectos m\u00e1s importantes es la reposici\u00f3n del 8% concursable del Fondo Nacional de Desarrollo Regional (FNDR), l\u00ednea de \ufb01nanciamiento que no se consideraba en el proyecto original y que luego de presiones de los Gobiernos Regionales y diversas organizaciones sociales que se ven bene\ufb01ciadas por este concurso, se reconsider\u00f3 a trav\u00e9s de modi\ufb01caciones que el Gobierno central ingres\u00f3 al proyecto de Presupuesto.<\/p>\n<p style=\"text-align: justify;\">As\u00ed lo subray\u00f3 la Gobernadora Regional de la Regi\u00f3n de Ays\u00e9n, Andrea Mac\u00edas Palma: \u201cEs una muy buena noticia, toda vez que luego de intensas y reiteradas conversaciones con el Ejecutivo, con parlamentarios, pero por sobre todo con un amplio actuar de la sociedad civil, se ha logrado restituir varias medidas que inicialmente hab\u00edan sido sacadas del Presupuesto\u201d, dijo.<\/p>\n<p style=\"text-align: justify;\">En la sesi\u00f3n del pasado viernes, donde intervinieron la Directora de Presupuestos, Javiera Mart\u00ednez, y donde represent\u00f3 a los Gobernadores, el Gobernador de Magallanes, Jorge Flies, se destac\u00f3 que el 8% se mantiene como concurso y no pasar\u00e1 por el control burocr\u00e1tico del ministerio de Desarrollo Social.<\/p>\n<p style=\"text-align: justify;\">La Gobernadora Mac\u00edas Palma fue enf\u00e1tica en asegurar que hoy s\u00ed contamos con certeza de que el 8% se mantiene en el proyecto de Presupuesto de manera concursable y con un porcentaje adem\u00e1s, de un 10% que se podr\u00e1 asignar de manera directa a situaciones de emergencia o excepcionales, como se hace con deportistas destacados.<\/p>\n<p style=\"text-align: justify;\">Por otra parte, la jefa del ejecutivo regional de Ays\u00e9n explic\u00f3 que en lo que resta de la discusi\u00f3n en el parlamento quedan materias por tratar, los que fueron advertidos por la Asociaci\u00f3n de Gobernadores Regionales de Chile (Agorechi) en su reciente encuentro nacional en Valdivia y que se presentar\u00e1n como indicaciones en lo que queda del proceso, ya que hay un trabajo coordinado con parlamentarios para esta materia.<\/p>\n<p style=\"text-align: justify;\">\u201cTodas las indicaciones apuntan a fortalecer el trabajo, a maximizar el control pero a no detener la inversi\u00f3n. Entendiendo que los recursos de los Gobiernos Regionales son los que llegan con mayor premura y con una mejor y m\u00e1s e\ufb01ciente respuesta, de manera directa, a la ciudadan\u00eda\u201d, asegur\u00f3.<\/p>\n<p style=\"text-align: justify;\">Finalmente, la Gobernadora de Ays\u00e9n recalc\u00f3 su seguridad en la probidad presupuestaria con la que ha trabajado el ejecutivo regional, distingui\u00e9ndose y marcando claras diferencias de otras instituciones en el marco del llamado caso Convenios y por esta raz\u00f3n, insisti\u00f3 en la necesidad de que en la discusi\u00f3n presupuestaria se avance en descentralizaci\u00f3n y no se restrinja este proceso en respuesta a irregularidades conocidas en otros contextos.<\/p>\n<p style=\"text-align: justify;\">Esto lo ejempli\ufb01c\u00f3 con las posturas que municipios e instituciones como Bomberos expresaron en esta discusi\u00f3n, las que fueron entregadas tambi\u00e9n en el reciente encuentro nacional de Gobernadores en Valdivia: \u201cAqu\u00ed no pueden pagar justos por pecadores y lo que no puede pasar es que se entrabe el actuar del Estado. Esperamos que este proceso culmine de manera exitosa para los Gobiernos Regionales, porque cuando a estos les va bien, le va bien a todas las comunidades y avanzamos en el proceso de descentralizaci\u00f3n\u201d, concluy\u00f3.<\/p>\n<p style=\"text-align: justify;\">Luego de la sesi\u00f3n de la Subcomisi\u00f3n Especial Mixta de Presupuestos el proyecto que present\u00f3 el Ejecutivo para el erario \ufb01scal 2024 est\u00e1 listo para ser debatido en las Salas del Senado y de la C\u00e1mara de Diputados, tramitaci\u00f3n que contin\u00faa esta semana.<\/p>\n<\/div><\/section><\/div><div  style='height:50px' class='hr hr-invisible   avia-builder-el-6  el_after_av_one_full  el_before_av_social_share '><span class='hr-inner ' ><span class='hr-inner-style'><\/span><\/span><\/div><\/p>\n<div  class='av-social-sharing-box  avia-builder-el-7  el_after_av_hr  el_before_av_hr  '><div class='av-share-box'><h5 class='av-share-link-description av-no-toc '>Compartir esta noticia<\/h5><ul class='av-share-box-list noLightbox'><li class='av-share-link av-social-link-facebook' ><a target=\"_blank\" aria-label=\"Compartir en Facebook\" href='https:\/\/www.facebook.com\/sharer.php?u=https:\/\/radiorevelacionfm.cl\/?p=36838&#038;t=Gobernadora%20Mac%C3%ADas%20valora%20reposici%C3%B3n%20del%208%25%20para%20el%20pr%C3%B3ximo%20a%C3%B1o%20en%20Subcomisi%C3%B3n%20de%20Presupuesto' aria-hidden='false' data-av_icon='\ue8f3' data-av_iconfont='entypo-fontello' title='' data-avia-related-tooltip='Compartir en Facebook' rel=\"noopener\"><span class='avia_hidden_link_text'>Compartir en Facebook<\/span><\/a><\/li><li class='av-share-link av-social-link-twitter' ><a target=\"_blank\" aria-label=\"Compartir en Twitter\" href='https:\/\/twitter.com\/share?text=Gobernadora%20Mac%C3%ADas%20valora%20reposici%C3%B3n%20del%208%25%20para%20el%20pr%C3%B3ximo%20a%C3%B1o%20en%20Subcomisi%C3%B3n%20de%20Presupuesto&#038;url=https:\/\/radiorevelacionfm.cl\/?p=36838' aria-hidden='false' data-av_icon='\ue8f1' data-av_iconfont='entypo-fontello' title='' data-avia-related-tooltip='Compartir en Twitter' rel=\"noopener\"><span class='avia_hidden_link_text'>Compartir en Twitter<\/span><\/a><\/li><li class='av-share-link av-social-link-whatsapp' ><a target=\"_blank\" aria-label=\"Compartir en Whatsapp\" href='https:\/\/api.whatsapp.com\/send?text=https:\/\/radiorevelacionfm.cl\/?p=36838' aria-hidden='false' data-av_icon='\uf232' data-av_iconfont='entypo-fontello' title='' data-avia-related-tooltip='Compartir en Whatsapp' rel=\"noopener\"><span class='avia_hidden_link_text'>Compartir en Whatsapp<\/span><\/a><\/li><li class='av-share-link av-social-link-linkedin' ><a target=\"_blank\" aria-label=\"Compartir en LinkedIn\" href='https:\/\/linkedin.com\/shareArticle?mini=true&#038;title=Gobernadora%20Mac%C3%ADas%20valora%20reposici%C3%B3n%20del%208%25%20para%20el%20pr%C3%B3ximo%20a%C3%B1o%20en%20Subcomisi%C3%B3n%20de%20Presupuesto&#038;url=https:\/\/radiorevelacionfm.cl\/?p=36838' aria-hidden='false' data-av_icon='\ue8fc' data-av_iconfont='entypo-fontello' title='' data-avia-related-tooltip='Compartir en LinkedIn' rel=\"noopener\"><span class='avia_hidden_link_text'>Compartir en LinkedIn<\/span><\/a><\/li><li class='av-share-link av-social-link-mail' ><a  aria-label=\"Compartir por correo\" href='mailto:?subject=Gobernadora%20Mac%C3%ADas%20valora%20reposici%C3%B3n%20del%208%25%20para%20el%20pr%C3%B3ximo%20a%C3%B1o%20en%20Subcomisi%C3%B3n%20de%20Presupuesto&#038;body=https:\/\/radiorevelacionfm.cl\/?p=36838' aria-hidden='false' data-av_icon='\ue805' data-av_iconfont='entypo-fontello' title='' data-avia-related-tooltip='Compartir por correo'><span class='avia_hidden_link_text'>Compartir por correo<\/span><\/a><\/li><\/ul><\/div><\/div>\n<div  style='height:50px' class='hr hr-invisible   avia-builder-el-8  el_after_av_social_share  el_before_av_comments_list '><span class='hr-inner ' ><span class='hr-inner-style'><\/span><\/span><\/div>\n<div  class='av-buildercomment  av-blog-meta-html-info-disabled av-blog-meta-tag-disabled  '><\/div>\n","protected":false},"excerpt":{"rendered":"","protected":false},"author":1,"featured_media":36839,"comment_status":"open","ping_status":"open","sticky":false,"template":"","format":"standard","meta":{"footnotes":""},"categories":[38],"tags":[],"class_list":["post-36838","post","type-post","status-publish","format-standard","has-post-thumbnail","hentry","category-regional"],"jetpack_featured_media_url":"https:\/\/radiorevelacionfm.cl\/wp-content\/uploads\/2023\/11\/Gobe-Los-Rios-1-1.jpeg","_links":{"self":[{"href":"https:\/\/radiorevelacionfm.cl\/index.php?rest_route=\/wp\/v2\/posts\/36838","targetHints":{"allow":["GET"]}}],"collection":[{"href":"https:\/\/radiorevelacionfm.cl\/index.php?rest_route=\/wp\/v2\/posts"}],"about":[{"href":"https:\/\/radiorevelacionfm.cl\/index.php?rest_route=\/wp\/v2\/types\/post"}],"author":[{"embeddable":true,"href":"https:\/\/radiorevelacionfm.cl\/index.php?rest_route=\/wp\/v2\/users\/1"}],"replies":[{"embeddable":true,"href":"https:\/\/radiorevelacionfm.cl\/index.php?rest_route=%2Fwp%2Fv2%2Fcomments&post=36838"}],"version-history":[{"count":1,"href":"https:\/\/radiorevelacionfm.cl\/index.php?rest_route=\/wp\/v2\/posts\/36838\/revisions"}],"predecessor-version":[{"id":36840,"href":"https:\/\/radiorevelacionfm.cl\/index.php?rest_route=\/wp\/v2\/posts\/36838\/revisions\/36840"}],"wp:featuredmedia":[{"embeddable":true,"href":"https:\/\/radiorevelacionfm.cl\/index.php?rest_route=\/wp\/v2\/media\/36839"}],"wp:attachment":[{"href":"https:\/\/radiorevelacionfm.cl\/index.php?rest_route=%2Fwp%2Fv2%2Fmedia&parent=36838"}],"wp:term":[{"taxonomy":"category","embeddable":true,"href":"https:\/\/radiorevelacionfm.cl\/index.php?rest_route=%2Fwp%2Fv2%2Fcategories&post=36838"},{"taxonomy":"post_tag","embeddable":true,"href":"https:\/\/radiorevelacionfm.cl\/index.php?rest_route=%2Fwp%2Fv2%2Ftags&post=36838"}],"curies":[{"name":"wp","href":"https:\/\/api.w.org\/{rel}","templated":true}]}}