{"id":36798,"date":"2023-11-10T09:30:18","date_gmt":"2023-11-10T12:30:18","guid":{"rendered":"https:\/\/radiorevelacionfm.cl\/?p=36798"},"modified":"2023-11-10T10:45:05","modified_gmt":"2023-11-10T13:45:05","slug":"exponen-a-comunidad-de-tortel-y-villa-ohiggins-estudio-de-diseno-para-ampliar-infraestructura-portuaria-en-puerto-yungay","status":"publish","type":"post","link":"https:\/\/radiorevelacionfm.cl\/?p=36798","title":{"rendered":"MOP expone a comunidad de Tortel y Villa O&#8217;higgins estudio de dise\u00f1o para ampliar infraestructura portuaria en Puerto Yungay"},"content":{"rendered":"<div class=\"flex_column av_one_full  flex_column_div av-zero-column-padding first  avia-builder-el-0  el_before_av_one_full  avia-builder-el-first  \" style='border-radius:0px; '><div  class='avia-image-container  av-styling-    avia-builder-el-1  avia-builder-el-no-sibling  avia-align-center '  itemprop=\"image\" itemscope=\"itemscope\" itemtype=\"https:\/\/schema.org\/ImageObject\"  ><div class='avia-image-container-inner'><div class='avia-image-overlay-wrap'><img decoding=\"async\" class='wp-image-36799 avia-img-lazy-loading-not-36799 avia_image' src=\"https:\/\/radiorevelacionfm.cl\/wp-content\/uploads\/2023\/11\/img-20231109-wa0002-1_optimized.jpg\" alt='' title='img-20231109-wa0002-(1)_optimized' height=\"600\" width=\"890\"  itemprop=\"thumbnailUrl\" srcset=\"https:\/\/radiorevelacionfm.cl\/wp-content\/uploads\/2023\/11\/img-20231109-wa0002-1_optimized.jpg 890w, https:\/\/radiorevelacionfm.cl\/wp-content\/uploads\/2023\/11\/img-20231109-wa0002-1_optimized-300x202.jpg 300w, https:\/\/radiorevelacionfm.cl\/wp-content\/uploads\/2023\/11\/img-20231109-wa0002-1_optimized-768x518.jpg 768w, https:\/\/radiorevelacionfm.cl\/wp-content\/uploads\/2023\/11\/img-20231109-wa0002-1_optimized-705x475.jpg 705w, https:\/\/radiorevelacionfm.cl\/wp-content\/uploads\/2023\/11\/img-20231109-wa0002-1_optimized-450x303.jpg 450w, https:\/\/radiorevelacionfm.cl\/wp-content\/uploads\/2023\/11\/img-20231109-wa0002-1_optimized-600x404.jpg 600w\" sizes=\"(max-width: 890px) 100vw, 890px\" \/><\/div><\/div><\/div><\/div>\n<div class=\"flex_column av_one_full  flex_column_div av-zero-column-padding first  avia-builder-el-2  el_after_av_one_full  el_before_av_one_full  column-top-margin\" style='border-radius:0px; '><section class=\"av_textblock_section \"  itemscope=\"itemscope\" itemtype=\"https:\/\/schema.org\/BlogPosting\" itemprop=\"blogPost\" ><div class='avia_textblock  '   itemprop=\"text\" ><p style=\"text-align: center;\"><strong><span style=\"font-size: 18pt;\">MOP expone a comunidad de Tortel y Villa O&#8217;higgins estudio de dise\u00f1o para ampliar infraestructura portuaria en Puerto Yungay<\/span><\/strong><\/p>\n<div id=\"gtx-trans\" style=\"position: absolute; left: -50px; top: 4.31534px;\">\n<div class=\"gtx-trans-icon\"><\/div>\n<\/div>\n<\/div><\/section><\/div><div class=\"flex_column av_one_full  flex_column_div av-zero-column-padding first  avia-builder-el-4  el_after_av_one_full  el_before_av_hr  column-top-margin\" style='border-radius:0px; '><section class=\"av_textblock_section \"  itemscope=\"itemscope\" itemtype=\"https:\/\/schema.org\/BlogPosting\" itemprop=\"blogPost\" ><div class='avia_textblock  '   itemprop=\"text\" ><p style=\"text-align: justify;\">El Secretario Regional Ministerial de Obras P\u00fablicas, Patricio Sanhueza Ulloa, inform\u00f3 que la Direcci\u00f3n Regional de Obras Portuarias (DOP) del Ministerio de Obras P\u00fablicas realiz\u00f3 una segunda Participaci\u00f3n Ciudadana en Caleta Tortel, la que se replicar\u00e1 este jueves en la ciudad de Villa O\u00b4Higgins, para exponer a ambas comunidades el Estudio de Ingenier\u00eda de Dise\u00f1o para ampliar la infraestructura portuaria de Puerto Yungay, iniciativa forma parte de los compromisos del gobierno del presidente Gabriel Boric e integra el Plan de Integraci\u00f3n y Conectividad Ays\u00e9n- Palena.<\/p>\n<p style=\"text-align: justify;\">\u201cLa finalidad de ambas reuniones es dar a conocer a las comunidades de Caleta Tortel y Villa O\u2019Higgins los resultados del levantamiento de informaci\u00f3n que aportaron los propios vecinos y vecinas en la primera reuni\u00f3n de Participaci\u00f3n Ciudadana\u00a0 realizada a mediados de este a\u00f1o, as\u00ed como tambi\u00e9n la selecci\u00f3n del anteproyecto efectuado y sus avances a la fecha. Este Estudio, que contemplar\u00e1 una inversi\u00f3n del Gobierno del presidente Gabriel Boric a trav\u00e9s de la Direcci\u00f3n Regional de Obras Portuarias de $163 millones, fue adjudicado a la empresa Aguas Consultores con la respectiva Inspecci\u00f3n Fiscal de nuestra Direcci\u00f3n Regional de Obras Portuarias y se estima su finalizaci\u00f3n en marzo del a\u00f1o 2024. De esta forma, nuestro equipo de la Direcci\u00f3n de Obras Portuarias expuso a la comunidad algunos aspectos que considera abordar el Estudio entre ellos un Terminal de Pasajeros con luminarias, espacio de espera para pasajeros y pasajeras, pistas separadas para barcazas con respectivas se\u00f1alizaciones, eficiencia energ\u00e9tica, servicios higi\u00e9nicos con duchas, accesibilidad universal, oficinas, espacios techados para ciclistas, estacionamiento para motos, camiones y veh\u00edculos, ampliaci\u00f3n de la explanada para las maniobras de embarque y desembarque de veh\u00edculos, sala de basura y zona de bodega techada, entre otros\u201d, asegur\u00f3 el SEREMI del MOP.<\/p>\n<p style=\"text-align: justify;\">\u201cEl Plan de Integraci\u00f3n y Conectividad Ays\u00e9n-Palena tiene una gran cantidad de acciones en este territorio, en donde estamos avanzando en infraestructura portuaria, como es con este Dise\u00f1o para Puerto Yungay\u00a0 que es la puerta de entrada y salida hacia Magallanes, as\u00ed que hay qu\u00e9 ver la manera de integrarnos con Magallanes y hacerlo en forma permanente y sustentable. Tambi\u00e9n, existen otras alternativas para avanzar con la conectividad terrestre, pero hoy Puerto Yungay es el lugar a trav\u00e9s del cual nos conectamos con la zona m\u00e1s austral del pa\u00eds, y por lo tanto son muy importantes las mejoras que podamos entregar a la infraestructura portuaria que ah\u00ed existe, lugar tambi\u00e9n desde donde damos continuidad a la Ruta 7, la que nos conecta con el sector de R\u00edo Bravo, entonces vamos a continuar realizando este trabajo con la comunidad, con todas las personas y sus dirigentes para avanzar mancomunadamente en la infraestructura que requieren\u201d, agreg\u00f3 Patricio Sanhueza.<\/p>\n<p style=\"text-align: justify;\">En esta l\u00ednea, el Director Regional de la Direcci\u00f3n de Obras Portuarias de Ays\u00e9n, \u00c1lvaro D\u00edaz Contreras, coment\u00f3: \u201cEste proyecto es una iniciativa muy relevante para la comunidad, lo que demuestra que el Estado puede estar presente para atender las necesidades de lugares aislados. En este caso, potenciaremos la infraestructura para el embarque y desembarque de pasajeros y pasajeras, con lo que buscamos dar m\u00e1s apoyo al turismo en la regi\u00f3n, e informar a la comunidad la alternativa seleccionada con todos los an\u00e1lisis econ\u00f3micos, territoriales y operacionales, y con ello dar respuesta a los requerimientos y las necesidades que nos manifestaron en la primera participaci\u00f3n ciudadana\u201d.<\/p>\n<\/div><\/section><\/div><\/p>\n<div  style='height:50px' class='hr hr-invisible   avia-builder-el-6  el_after_av_one_full  el_before_av_social_share '><span class='hr-inner ' ><span class='hr-inner-style'><\/span><\/span><\/div>\n<div  class='av-social-sharing-box  avia-builder-el-7  el_after_av_hr  el_before_av_hr  '><div class='av-share-box'><h5 class='av-share-link-description av-no-toc '>Compartir esta noticia<\/h5><ul class='av-share-box-list noLightbox'><li class='av-share-link av-social-link-facebook' ><a target=\"_blank\" aria-label=\"Compartir en Facebook\" href='https:\/\/www.facebook.com\/sharer.php?u=https:\/\/radiorevelacionfm.cl\/?p=36798&#038;t=MOP%20expone%20a%20comunidad%20de%20Tortel%20y%20Villa%20O%E2%80%99higgins%20estudio%20de%20dise%C3%B1o%20para%20ampliar%20infraestructura%20portuaria%20en%20Puerto%20Yungay' aria-hidden='false' data-av_icon='\ue8f3' data-av_iconfont='entypo-fontello' title='' data-avia-related-tooltip='Compartir en Facebook' rel=\"noopener\"><span class='avia_hidden_link_text'>Compartir en Facebook<\/span><\/a><\/li><li class='av-share-link av-social-link-twitter' ><a target=\"_blank\" aria-label=\"Compartir en Twitter\" href='https:\/\/twitter.com\/share?text=MOP%20expone%20a%20comunidad%20de%20Tortel%20y%20Villa%20O%E2%80%99higgins%20estudio%20de%20dise%C3%B1o%20para%20ampliar%20infraestructura%20portuaria%20en%20Puerto%20Yungay&#038;url=https:\/\/radiorevelacionfm.cl\/?p=36798' aria-hidden='false' data-av_icon='\ue8f1' data-av_iconfont='entypo-fontello' title='' data-avia-related-tooltip='Compartir en Twitter' rel=\"noopener\"><span class='avia_hidden_link_text'>Compartir en Twitter<\/span><\/a><\/li><li class='av-share-link av-social-link-whatsapp' ><a target=\"_blank\" aria-label=\"Compartir en Whatsapp\" href='https:\/\/api.whatsapp.com\/send?text=https:\/\/radiorevelacionfm.cl\/?p=36798' aria-hidden='false' data-av_icon='\uf232' data-av_iconfont='entypo-fontello' title='' data-avia-related-tooltip='Compartir en Whatsapp' rel=\"noopener\"><span class='avia_hidden_link_text'>Compartir en Whatsapp<\/span><\/a><\/li><li class='av-share-link av-social-link-linkedin' ><a target=\"_blank\" aria-label=\"Compartir en LinkedIn\" href='https:\/\/linkedin.com\/shareArticle?mini=true&#038;title=MOP%20expone%20a%20comunidad%20de%20Tortel%20y%20Villa%20O%E2%80%99higgins%20estudio%20de%20dise%C3%B1o%20para%20ampliar%20infraestructura%20portuaria%20en%20Puerto%20Yungay&#038;url=https:\/\/radiorevelacionfm.cl\/?p=36798' aria-hidden='false' data-av_icon='\ue8fc' data-av_iconfont='entypo-fontello' title='' data-avia-related-tooltip='Compartir en LinkedIn' rel=\"noopener\"><span class='avia_hidden_link_text'>Compartir en LinkedIn<\/span><\/a><\/li><li class='av-share-link av-social-link-mail' ><a  aria-label=\"Compartir por correo\" href='mailto:?subject=MOP%20expone%20a%20comunidad%20de%20Tortel%20y%20Villa%20O%E2%80%99higgins%20estudio%20de%20dise%C3%B1o%20para%20ampliar%20infraestructura%20portuaria%20en%20Puerto%20Yungay&#038;body=https:\/\/radiorevelacionfm.cl\/?p=36798' aria-hidden='false' data-av_icon='\ue805' data-av_iconfont='entypo-fontello' title='' data-avia-related-tooltip='Compartir por correo'><span class='avia_hidden_link_text'>Compartir por correo<\/span><\/a><\/li><\/ul><\/div><\/div>\n<div  style='height:50px' class='hr hr-invisible   avia-builder-el-8  el_after_av_social_share  el_before_av_comments_list '><span class='hr-inner ' ><span class='hr-inner-style'><\/span><\/span><\/div>\n<div  class='av-buildercomment  av-blog-meta-html-info-disabled av-blog-meta-tag-disabled  '><\/div>\n","protected":false},"excerpt":{"rendered":"","protected":false},"author":1,"featured_media":36799,"comment_status":"open","ping_status":"open","sticky":false,"template":"","format":"standard","meta":{"footnotes":""},"categories":[38],"tags":[],"class_list":["post-36798","post","type-post","status-publish","format-standard","has-post-thumbnail","hentry","category-regional"],"jetpack_featured_media_url":"https:\/\/radiorevelacionfm.cl\/wp-content\/uploads\/2023\/11\/img-20231109-wa0002-1_optimized.jpg","_links":{"self":[{"href":"https:\/\/radiorevelacionfm.cl\/index.php?rest_route=\/wp\/v2\/posts\/36798","targetHints":{"allow":["GET"]}}],"collection":[{"href":"https:\/\/radiorevelacionfm.cl\/index.php?rest_route=\/wp\/v2\/posts"}],"about":[{"href":"https:\/\/radiorevelacionfm.cl\/index.php?rest_route=\/wp\/v2\/types\/post"}],"author":[{"embeddable":true,"href":"https:\/\/radiorevelacionfm.cl\/index.php?rest_route=\/wp\/v2\/users\/1"}],"replies":[{"embeddable":true,"href":"https:\/\/radiorevelacionfm.cl\/index.php?rest_route=%2Fwp%2Fv2%2Fcomments&post=36798"}],"version-history":[{"count":2,"href":"https:\/\/radiorevelacionfm.cl\/index.php?rest_route=\/wp\/v2\/posts\/36798\/revisions"}],"predecessor-version":[{"id":36806,"href":"https:\/\/radiorevelacionfm.cl\/index.php?rest_route=\/wp\/v2\/posts\/36798\/revisions\/36806"}],"wp:featuredmedia":[{"embeddable":true,"href":"https:\/\/radiorevelacionfm.cl\/index.php?rest_route=\/wp\/v2\/media\/36799"}],"wp:attachment":[{"href":"https:\/\/radiorevelacionfm.cl\/index.php?rest_route=%2Fwp%2Fv2%2Fmedia&parent=36798"}],"wp:term":[{"taxonomy":"category","embeddable":true,"href":"https:\/\/radiorevelacionfm.cl\/index.php?rest_route=%2Fwp%2Fv2%2Fcategories&post=36798"},{"taxonomy":"post_tag","embeddable":true,"href":"https:\/\/radiorevelacionfm.cl\/index.php?rest_route=%2Fwp%2Fv2%2Ftags&post=36798"}],"curies":[{"name":"wp","href":"https:\/\/api.w.org\/{rel}","templated":true}]}}