{"id":36795,"date":"2023-11-09T21:57:50","date_gmt":"2023-11-10T00:57:50","guid":{"rendered":"https:\/\/radiorevelacionfm.cl\/?p=36795"},"modified":"2023-11-09T21:57:50","modified_gmt":"2023-11-10T00:57:50","slug":"cambio-de-mando-pdi-aysen-asume-la-prefecta-carolina-namor-como-jefa-de-la-region-policial","status":"publish","type":"post","link":"https:\/\/radiorevelacionfm.cl\/?p=36795","title":{"rendered":"Cambio de mando PDI Ays\u00e9n: asume la prefecta Carolina Namor como jefa de la Regi\u00f3n Policial"},"content":{"rendered":"<div class=\"flex_column av_one_full  flex_column_div av-zero-column-padding first  avia-builder-el-0  el_before_av_one_full  avia-builder-el-first  \" style='border-radius:0px; '><div  class='avia-image-container  av-styling-    avia-builder-el-1  avia-builder-el-no-sibling  avia-align-center '  itemprop=\"image\" itemscope=\"itemscope\" itemtype=\"https:\/\/schema.org\/ImageObject\"  ><div class='avia-image-container-inner'><div class='avia-image-overlay-wrap'><img decoding=\"async\" class='wp-image-36796 avia-img-lazy-loading-not-36796 avia_image' src=\"https:\/\/radiorevelacionfm.cl\/wp-content\/uploads\/2023\/11\/IMG-20231109-WA0034-1-1.jpg\" alt='' title='IMG-20231109-WA0034 (1) (1)' height=\"600\" width=\"840\"  itemprop=\"thumbnailUrl\" srcset=\"https:\/\/radiorevelacionfm.cl\/wp-content\/uploads\/2023\/11\/IMG-20231109-WA0034-1-1.jpg 840w, https:\/\/radiorevelacionfm.cl\/wp-content\/uploads\/2023\/11\/IMG-20231109-WA0034-1-1-300x214.jpg 300w, https:\/\/radiorevelacionfm.cl\/wp-content\/uploads\/2023\/11\/IMG-20231109-WA0034-1-1-768x549.jpg 768w, https:\/\/radiorevelacionfm.cl\/wp-content\/uploads\/2023\/11\/IMG-20231109-WA0034-1-1-260x185.jpg 260w, https:\/\/radiorevelacionfm.cl\/wp-content\/uploads\/2023\/11\/IMG-20231109-WA0034-1-1-705x504.jpg 705w, https:\/\/radiorevelacionfm.cl\/wp-content\/uploads\/2023\/11\/IMG-20231109-WA0034-1-1-450x321.jpg 450w, https:\/\/radiorevelacionfm.cl\/wp-content\/uploads\/2023\/11\/IMG-20231109-WA0034-1-1-600x429.jpg 600w\" sizes=\"(max-width: 840px) 100vw, 840px\" \/><\/div><\/div><\/div><\/div><div class=\"flex_column av_one_full  flex_column_div av-zero-column-padding first  avia-builder-el-2  el_after_av_one_full  el_before_av_one_full  column-top-margin\" style='border-radius:0px; '><section class=\"av_textblock_section \"  itemscope=\"itemscope\" itemtype=\"https:\/\/schema.org\/BlogPosting\" itemprop=\"blogPost\" ><div class='avia_textblock  '   itemprop=\"text\" ><p style=\"text-align: center;\"><span style=\"font-size: 18pt;\"><strong>Cambio de mando PDI Ays\u00e9n: asume la prefecta Carolina Namor como jefa de la Regi\u00f3n Policial<\/strong><\/span><\/p>\n<div id=\"gtx-trans\" style=\"position: absolute; left: -50px; top: 4.31534px;\">\n<div class=\"gtx-trans-icon\"><\/div>\n<\/div>\n<\/div><\/section><\/div><div class=\"flex_column av_one_full  flex_column_div av-zero-column-padding first  avia-builder-el-4  el_after_av_one_full  el_before_av_hr  column-top-margin\" style='border-radius:0px; '><section class=\"av_textblock_section \"  itemscope=\"itemscope\" itemtype=\"https:\/\/schema.org\/BlogPosting\" itemprop=\"blogPost\" ><div class='avia_textblock  '   itemprop=\"text\" ><p style=\"text-align: justify;\">En un hecho hist\u00f3rico para la Polic\u00eda de Investigaciones de Chile en la Regi\u00f3n de Ays\u00e9n, este jueves 9 de noviembre de 2023, la prefecta Carolina Namor Esbry asumi\u00f3 como nueva jefa de la Regi\u00f3n Policial de Ays\u00e9n del General Carlos Ib\u00e1\u00f1ez del Campo, quien -hasta la fecha- se encontraba liderando la Prefectura Provincial Coyhaique tras su nuevo nombramiento por parte del Director General, Sergio Mu\u00f1oz Y\u00e1\u00f1ez.<\/p>\n<p style=\"text-align: justify;\">En una solemne ceremonia de entrega y recepci\u00f3n, encabezada por el prefecto inspector Alex Schwarzenberg Ram\u00edrez, jefe de la Regi\u00f3n Policial de Los R\u00edos, en representaci\u00f3n del Director General y del Alto Mando Institucional, se constituy\u00f3 la entrega del mando de la Regi\u00f3n Policial de Ays\u00e9n.<\/p>\n<p style=\"text-align: justify;\">La prefecta Carolina Namor, con 31 a\u00f1os de servicio en la instituci\u00f3n, ha desarrollado gran parte de su carrera policial en el \u00e1rea operativa en la Regi\u00f3n Metropolitana, hasta su traslado a la ciudad de Coyhaique, donde asumi\u00f3 nuevos desaf\u00edos en el \u00e1rea administrativa, retornando al mando operativo como jefa de la Prefectura Provincial a fines del a\u00f1o 2022.<\/p>\n<p style=\"text-align: justify;\">Sobre los desaf\u00edos que asumir\u00e1 en este nuevo cargo, la Oficial Superior destac\u00f3 que, todas las competencias y aprendizajes que ha adquirido durante su trayectoria institucional, principalmente, al \u00e1rea de la investigaci\u00f3n policial y el \u00e1rea administrativa, le permitir\u00e1n marcar un sello de gesti\u00f3n enfocada en la labor investigativa, \u201cdebemos centrar el trabajo de la PDI en investigar bandas y asociaciones criminales, tanto nacionales como transnacionales\u201d.<\/p>\n<p style=\"text-align: justify;\">Asimismo, la prefecta Namor ratific\u00f3 el compromiso con toda la jurisdicci\u00f3n de la regi\u00f3n, se\u00f1alando que \u201cestamos en un \u00e1rea que tiene una geograf\u00eda extremadamente extensa y que debemos ser capaces de enfocarnos en los distintos lugares por donde podr\u00edamos abordar los distintos delitos que se est\u00e1n desarrollando en la regi\u00f3n, como tambi\u00e9n los nuevos delitos que puedan llegar\u201d, enfatizando en la importancia de desarrollar un trabajo profesional desde lo cient\u00edfico-t\u00e9cnico con los mayores est\u00e1ndares investigativos.<\/p>\n<p style=\"text-align: justify;\">Por su parte, el prefecto Luis Torralba Ram\u00edrez, con m\u00e1s de 32 a\u00f1os de servicio en la instituci\u00f3n, agradeci\u00f3 la confianza depositada por el Director General, lo que le permiti\u00f3 liderar la PDI Ays\u00e9n durante un a\u00f1o, \u201csin duda, desde mi humilde desarrollo profesional, hemos logrado incrementar las investigaciones con resultados, con imputados conocidos y, finalmente, con personas condenadas, siendo un aporte real al sistema de persecuci\u00f3n penal\u201d.<\/p>\n<p style=\"text-align: justify;\">Tras su llamado a retiro, el prefecto Torralba dese\u00f3 el mayor de los \u00e9xitos a la gesti\u00f3n de la prefecta Carolina Namor, subrayando sus competencias profesionales y personales para dar continuidad a los procesos que est\u00e1 llevando a cabo la instituci\u00f3n, \u201ctenemos un plan estrat\u00e9gico que nos impone una investigaci\u00f3n de mayor calidad, con equipos de trabajo flexibles para poder abordar la criminalidad y evitar que se instale el crimen organizado en esta regi\u00f3n. Como PDI, estamos empe\u00f1ados en llevar tranquilidad a la comunidad con una investigaci\u00f3n profesional\u201d.<\/p>\n<p style=\"text-align: justify;\">Finalmente, el Delegado Presidencial Regional, Rodrigo Araya Morales, valor\u00f3 la gesti\u00f3n del prefecto Torralba, indicando que \u201ccumpli\u00f3 una excelente labor, tuvo una buena coordinaci\u00f3n con la Delegaci\u00f3n Presidencial Regional y, en general, con todas las instituciones ligadas a la seguridad p\u00fablica, donde pudimos apreciar los esfuerzos de la Polic\u00eda de Investigaciones de Chile en la modernizaci\u00f3n para el fortalecimiento de su labor\u201d. Adem\u00e1s, felicit\u00f3 a la prefecta Namor por su designaci\u00f3n, enfatizando que \u201ctiene una formaci\u00f3n profesional en labores investigativas que es muy destacable, estamos muy seguros que va a realizar una tremenda labor. Tambi\u00e9n, es la primera mujer en asumir este rol en la Regi\u00f3n de Ays\u00e9n\u201d, lo que da cuenta del compromiso de la PDI con la equidad de g\u00e9nero a trav\u00e9s de su Plan Estrat\u00e9gico de Desarrollo Policial 2023-2028.<\/p>\n<\/div><\/section><\/div><div  style='height:50px' class='hr hr-invisible   avia-builder-el-6  el_after_av_one_full  el_before_av_social_share '><span class='hr-inner ' ><span class='hr-inner-style'><\/span><\/span><\/div><\/p>\n<div  class='av-social-sharing-box  avia-builder-el-7  el_after_av_hr  el_before_av_hr  '><div class='av-share-box'><h5 class='av-share-link-description av-no-toc '>Compartir esta noticia<\/h5><ul class='av-share-box-list noLightbox'><li class='av-share-link av-social-link-facebook' ><a target=\"_blank\" aria-label=\"Compartir en Facebook\" href='https:\/\/www.facebook.com\/sharer.php?u=https:\/\/radiorevelacionfm.cl\/?p=36795&#038;t=Cambio%20de%20mando%20PDI%20Ays%C3%A9n%3A%20asume%20la%20prefecta%20Carolina%20Namor%20como%20jefa%20de%20la%20Regi%C3%B3n%20Policial' aria-hidden='false' data-av_icon='\ue8f3' data-av_iconfont='entypo-fontello' title='' data-avia-related-tooltip='Compartir en Facebook' rel=\"noopener\"><span class='avia_hidden_link_text'>Compartir en Facebook<\/span><\/a><\/li><li class='av-share-link av-social-link-twitter' ><a target=\"_blank\" aria-label=\"Compartir en Twitter\" href='https:\/\/twitter.com\/share?text=Cambio%20de%20mando%20PDI%20Ays%C3%A9n%3A%20asume%20la%20prefecta%20Carolina%20Namor%20como%20jefa%20de%20la%20Regi%C3%B3n%20Policial&#038;url=https:\/\/radiorevelacionfm.cl\/?p=36795' aria-hidden='false' data-av_icon='\ue8f1' data-av_iconfont='entypo-fontello' title='' data-avia-related-tooltip='Compartir en Twitter' rel=\"noopener\"><span class='avia_hidden_link_text'>Compartir en Twitter<\/span><\/a><\/li><li class='av-share-link av-social-link-whatsapp' ><a target=\"_blank\" aria-label=\"Compartir en Whatsapp\" href='https:\/\/api.whatsapp.com\/send?text=https:\/\/radiorevelacionfm.cl\/?p=36795' aria-hidden='false' data-av_icon='\uf232' data-av_iconfont='entypo-fontello' title='' data-avia-related-tooltip='Compartir en Whatsapp' rel=\"noopener\"><span class='avia_hidden_link_text'>Compartir en Whatsapp<\/span><\/a><\/li><li class='av-share-link av-social-link-linkedin' ><a target=\"_blank\" aria-label=\"Compartir en LinkedIn\" href='https:\/\/linkedin.com\/shareArticle?mini=true&#038;title=Cambio%20de%20mando%20PDI%20Ays%C3%A9n%3A%20asume%20la%20prefecta%20Carolina%20Namor%20como%20jefa%20de%20la%20Regi%C3%B3n%20Policial&#038;url=https:\/\/radiorevelacionfm.cl\/?p=36795' aria-hidden='false' data-av_icon='\ue8fc' data-av_iconfont='entypo-fontello' title='' data-avia-related-tooltip='Compartir en LinkedIn' rel=\"noopener\"><span class='avia_hidden_link_text'>Compartir en LinkedIn<\/span><\/a><\/li><li class='av-share-link av-social-link-mail' ><a  aria-label=\"Compartir por correo\" href='mailto:?subject=Cambio%20de%20mando%20PDI%20Ays%C3%A9n%3A%20asume%20la%20prefecta%20Carolina%20Namor%20como%20jefa%20de%20la%20Regi%C3%B3n%20Policial&#038;body=https:\/\/radiorevelacionfm.cl\/?p=36795' aria-hidden='false' data-av_icon='\ue805' data-av_iconfont='entypo-fontello' title='' data-avia-related-tooltip='Compartir por correo'><span class='avia_hidden_link_text'>Compartir por correo<\/span><\/a><\/li><\/ul><\/div><\/div>\n<div  style='height:50px' class='hr hr-invisible   avia-builder-el-8  el_after_av_social_share  el_before_av_comments_list '><span class='hr-inner ' ><span class='hr-inner-style'><\/span><\/span><\/div>\n<div  class='av-buildercomment  av-blog-meta-html-info-disabled av-blog-meta-tag-disabled  '><\/div>\n","protected":false},"excerpt":{"rendered":"","protected":false},"author":1,"featured_media":36796,"comment_status":"open","ping_status":"open","sticky":false,"template":"","format":"standard","meta":{"footnotes":""},"categories":[36],"tags":[],"class_list":["post-36795","post","type-post","status-publish","format-standard","has-post-thumbnail","hentry","category-policial"],"jetpack_featured_media_url":"https:\/\/radiorevelacionfm.cl\/wp-content\/uploads\/2023\/11\/IMG-20231109-WA0034-1-1.jpg","_links":{"self":[{"href":"https:\/\/radiorevelacionfm.cl\/index.php?rest_route=\/wp\/v2\/posts\/36795","targetHints":{"allow":["GET"]}}],"collection":[{"href":"https:\/\/radiorevelacionfm.cl\/index.php?rest_route=\/wp\/v2\/posts"}],"about":[{"href":"https:\/\/radiorevelacionfm.cl\/index.php?rest_route=\/wp\/v2\/types\/post"}],"author":[{"embeddable":true,"href":"https:\/\/radiorevelacionfm.cl\/index.php?rest_route=\/wp\/v2\/users\/1"}],"replies":[{"embeddable":true,"href":"https:\/\/radiorevelacionfm.cl\/index.php?rest_route=%2Fwp%2Fv2%2Fcomments&post=36795"}],"version-history":[{"count":1,"href":"https:\/\/radiorevelacionfm.cl\/index.php?rest_route=\/wp\/v2\/posts\/36795\/revisions"}],"predecessor-version":[{"id":36797,"href":"https:\/\/radiorevelacionfm.cl\/index.php?rest_route=\/wp\/v2\/posts\/36795\/revisions\/36797"}],"wp:featuredmedia":[{"embeddable":true,"href":"https:\/\/radiorevelacionfm.cl\/index.php?rest_route=\/wp\/v2\/media\/36796"}],"wp:attachment":[{"href":"https:\/\/radiorevelacionfm.cl\/index.php?rest_route=%2Fwp%2Fv2%2Fmedia&parent=36795"}],"wp:term":[{"taxonomy":"category","embeddable":true,"href":"https:\/\/radiorevelacionfm.cl\/index.php?rest_route=%2Fwp%2Fv2%2Fcategories&post=36795"},{"taxonomy":"post_tag","embeddable":true,"href":"https:\/\/radiorevelacionfm.cl\/index.php?rest_route=%2Fwp%2Fv2%2Ftags&post=36795"}],"curies":[{"name":"wp","href":"https:\/\/api.w.org\/{rel}","templated":true}]}}