{"id":36791,"date":"2023-11-09T18:46:19","date_gmt":"2023-11-09T21:46:19","guid":{"rendered":"https:\/\/radiorevelacionfm.cl\/?p=36791"},"modified":"2023-11-09T21:52:32","modified_gmt":"2023-11-10T00:52:32","slug":"por-segunda-vez-en-48-horas-carabineros-detiene-a-sujeto-por-ley-de-drogas-decomisando-mas-de-1-millon-novecientos-mil-en-efectivo","status":"publish","type":"post","link":"https:\/\/radiorevelacionfm.cl\/?p=36791","title":{"rendered":"Por segunda vez en 48 horas Carabineros detiene a sujeto por ley de drogas, decomisando m\u00e1s de 1 mill\u00f3n novecientos mil pesos en efectivo"},"content":{"rendered":"<div class=\"flex_column av_one_full  flex_column_div av-zero-column-padding first  avia-builder-el-0  el_before_av_one_full  avia-builder-el-first  \" style='border-radius:0px; '><div  class='avia-image-container  av-styling-    avia-builder-el-1  avia-builder-el-no-sibling  avia-align-center '  itemprop=\"image\" itemscope=\"itemscope\" itemtype=\"https:\/\/schema.org\/ImageObject\"  ><div class='avia-image-container-inner'><div class='avia-image-overlay-wrap'><img decoding=\"async\" class='wp-image-36793 avia-img-lazy-loading-not-36793 avia_image' src=\"https:\/\/radiorevelacionfm.cl\/wp-content\/uploads\/2023\/11\/c8283cbe-a1fc-4445-8b7f-3a30957ca2a2-1_optimized.jpg\" alt='' title='c8283cbe-a1fc-4445-8b7f-3a30957ca2a2-(1)_optimized' height=\"600\" width=\"968\"  itemprop=\"thumbnailUrl\" srcset=\"https:\/\/radiorevelacionfm.cl\/wp-content\/uploads\/2023\/11\/c8283cbe-a1fc-4445-8b7f-3a30957ca2a2-1_optimized.jpg 968w, https:\/\/radiorevelacionfm.cl\/wp-content\/uploads\/2023\/11\/c8283cbe-a1fc-4445-8b7f-3a30957ca2a2-1_optimized-300x186.jpg 300w, https:\/\/radiorevelacionfm.cl\/wp-content\/uploads\/2023\/11\/c8283cbe-a1fc-4445-8b7f-3a30957ca2a2-1_optimized-768x476.jpg 768w, https:\/\/radiorevelacionfm.cl\/wp-content\/uploads\/2023\/11\/c8283cbe-a1fc-4445-8b7f-3a30957ca2a2-1_optimized-705x437.jpg 705w, https:\/\/radiorevelacionfm.cl\/wp-content\/uploads\/2023\/11\/c8283cbe-a1fc-4445-8b7f-3a30957ca2a2-1_optimized-450x279.jpg 450w, https:\/\/radiorevelacionfm.cl\/wp-content\/uploads\/2023\/11\/c8283cbe-a1fc-4445-8b7f-3a30957ca2a2-1_optimized-600x372.jpg 600w\" sizes=\"(max-width: 968px) 100vw, 968px\" \/><\/div><\/div><\/div><\/div>\n<div class=\"flex_column av_one_full  flex_column_div av-zero-column-padding first  avia-builder-el-2  el_after_av_one_full  el_before_av_one_full  column-top-margin\" style='border-radius:0px; '><section class=\"av_textblock_section \"  itemscope=\"itemscope\" itemtype=\"https:\/\/schema.org\/BlogPosting\" itemprop=\"blogPost\" ><div class='avia_textblock  '   itemprop=\"text\" ><p style=\"text-align: center;\"><strong><span style=\"font-size: 18pt;\">Por segunda vez en 48 horas Carabineros detiene a sujeto por ley de drogas, decomisando m\u00e1s de 1 mill\u00f3n novecientos mil pesos en efectivo<\/span><\/strong><\/p>\n<div id=\"gtx-trans\" style=\"position: absolute; left: -50px; top: 4.31534px;\">\n<div class=\"gtx-trans-icon\"><\/div>\n<\/div>\n<\/div><\/section><\/div><div class=\"flex_column av_one_full  flex_column_div av-zero-column-padding first  avia-builder-el-4  el_after_av_one_full  el_before_av_hr  column-top-margin\" style='border-radius:0px; '><section class=\"av_textblock_section \"  itemscope=\"itemscope\" itemtype=\"https:\/\/schema.org\/BlogPosting\" itemprop=\"blogPost\" ><div class='avia_textblock  '   itemprop=\"text\" ><p style=\"text-align: justify;\">El individuo quien registra cuatro reiteraciones previas, a comienzos de esta semana fue aprehendido por porte de arma de fuego y drogas al interior del estacionamiento del Aeropuerto Balmaceda.<\/p>\n<p style=\"text-align: justify;\">A 48 horas de haber sido detenido por porte de arma de fuego y drogas al interior del estacionamiento del aeropuerto Balmaceda, Carabineros de la 1ra. Comisar\u00eda de Coyhaique concret\u00f3 la aprehensi\u00f3n de un sujeto de 28 a\u00f1os de edad por infracci\u00f3n a la ley de drogas, encontrando en su poder m\u00e1s de 1.900.000 pesos en efectivo.<\/p>\n<p style=\"text-align: justify;\">Mientras el personal motorizado en el contexto del plan calles sin violencia, desarrollaba patrullajes preventivos en el sector alto de la ciudad, efectuaron un control de identidad a un sujeto en la intersecci\u00f3n de calle Err\u00e1zuriz esquina Los Fiordos, instante en que el personal se percat\u00f3 que bajo su chaqueta manten\u00eda un bolso con una sustancia vegetal en su interior, adem\u00e1s de dinero en efectivo, siendo detenido por este hecho.<\/p>\n<p style=\"text-align: justify;\">Tras su aprehensi\u00f3n por parte de la Subcomisar\u00eda Balmaceda (F) a comienzo de esta semana por el hecho antes mencionado, y luego de la formalizaci\u00f3n de cargos, el individuo se encontraba sujeto a la medida cautelar de arresto domiciliario nocturno.<\/p>\n<p style=\"text-align: justify;\">El infractor registra otras cuatro reiteraciones previas por delitos de tr\u00e1fico de drogas en peque\u00f1as cantidades, consumo y porte en espacios p\u00fablicos, porte ilegal de arma de fuego e infracci\u00f3n a normativa sanitaria.<\/p>\n<p style=\"text-align: justify;\">Los antecedentes del procedimiento fueron puestos en conocimiento de la Fiscal\u00eda, siendo las diligencias asesoradas por la Secci\u00f3n OS-7 Ays\u00e9n.<\/p>\n<p style=\"text-align: justify;\">A la fecha Carabineros ha detenido un total de 4.096 personas, de los cuales 195 son por infracci\u00f3n a la ley de drogas, de estos un 36% registra detenciones previas por parte de Carabineros. Asimismo desde enero al 5 de noviembre, han sido decomisados 14,2 kilos de drogas en la regi\u00f3n.<\/p>\n<\/div><\/section><\/div><\/p>\n<div  style='height:50px' class='hr hr-invisible   avia-builder-el-6  el_after_av_one_full  el_before_av_social_share '><span class='hr-inner ' ><span class='hr-inner-style'><\/span><\/span><\/div>\n<div  class='av-social-sharing-box  avia-builder-el-7  el_after_av_hr  el_before_av_hr  '><div class='av-share-box'><h5 class='av-share-link-description av-no-toc '>Compartir esta noticia<\/h5><ul class='av-share-box-list noLightbox'><li class='av-share-link av-social-link-facebook' ><a target=\"_blank\" aria-label=\"Compartir en Facebook\" href='https:\/\/www.facebook.com\/sharer.php?u=https:\/\/radiorevelacionfm.cl\/?p=36791&#038;t=Por%20segunda%20vez%20en%2048%20horas%20Carabineros%20detiene%20a%20sujeto%20por%20ley%20de%20drogas%2C%20decomisando%20m%C3%A1s%20de%201%20mill%C3%B3n%20novecientos%20mil%20pesos%20en%20efectivo' aria-hidden='false' data-av_icon='\ue8f3' data-av_iconfont='entypo-fontello' title='' data-avia-related-tooltip='Compartir en Facebook' rel=\"noopener\"><span class='avia_hidden_link_text'>Compartir en Facebook<\/span><\/a><\/li><li class='av-share-link av-social-link-twitter' ><a target=\"_blank\" aria-label=\"Compartir en Twitter\" href='https:\/\/twitter.com\/share?text=Por%20segunda%20vez%20en%2048%20horas%20Carabineros%20detiene%20a%20sujeto%20por%20ley%20de%20drogas%2C%20decomisando%20m%C3%A1s%20de%201%20mill%C3%B3n%20novecientos%20mil%20pesos%20en%20efectivo&#038;url=https:\/\/radiorevelacionfm.cl\/?p=36791' aria-hidden='false' data-av_icon='\ue8f1' data-av_iconfont='entypo-fontello' title='' data-avia-related-tooltip='Compartir en Twitter' rel=\"noopener\"><span class='avia_hidden_link_text'>Compartir en Twitter<\/span><\/a><\/li><li class='av-share-link av-social-link-whatsapp' ><a target=\"_blank\" aria-label=\"Compartir en Whatsapp\" href='https:\/\/api.whatsapp.com\/send?text=https:\/\/radiorevelacionfm.cl\/?p=36791' aria-hidden='false' data-av_icon='\uf232' data-av_iconfont='entypo-fontello' title='' data-avia-related-tooltip='Compartir en Whatsapp' rel=\"noopener\"><span class='avia_hidden_link_text'>Compartir en Whatsapp<\/span><\/a><\/li><li class='av-share-link av-social-link-linkedin' ><a target=\"_blank\" aria-label=\"Compartir en LinkedIn\" href='https:\/\/linkedin.com\/shareArticle?mini=true&#038;title=Por%20segunda%20vez%20en%2048%20horas%20Carabineros%20detiene%20a%20sujeto%20por%20ley%20de%20drogas%2C%20decomisando%20m%C3%A1s%20de%201%20mill%C3%B3n%20novecientos%20mil%20pesos%20en%20efectivo&#038;url=https:\/\/radiorevelacionfm.cl\/?p=36791' aria-hidden='false' data-av_icon='\ue8fc' data-av_iconfont='entypo-fontello' title='' data-avia-related-tooltip='Compartir en LinkedIn' rel=\"noopener\"><span class='avia_hidden_link_text'>Compartir en LinkedIn<\/span><\/a><\/li><li class='av-share-link av-social-link-mail' ><a  aria-label=\"Compartir por correo\" href='mailto:?subject=Por%20segunda%20vez%20en%2048%20horas%20Carabineros%20detiene%20a%20sujeto%20por%20ley%20de%20drogas%2C%20decomisando%20m%C3%A1s%20de%201%20mill%C3%B3n%20novecientos%20mil%20pesos%20en%20efectivo&#038;body=https:\/\/radiorevelacionfm.cl\/?p=36791' aria-hidden='false' data-av_icon='\ue805' data-av_iconfont='entypo-fontello' title='' data-avia-related-tooltip='Compartir por correo'><span class='avia_hidden_link_text'>Compartir por correo<\/span><\/a><\/li><\/ul><\/div><\/div>\n<div  style='height:50px' class='hr hr-invisible   avia-builder-el-8  el_after_av_social_share  el_before_av_comments_list '><span class='hr-inner ' ><span class='hr-inner-style'><\/span><\/span><\/div>\n<div  class='av-buildercomment  av-blog-meta-html-info-disabled av-blog-meta-tag-disabled  '><\/div>\n","protected":false},"excerpt":{"rendered":"","protected":false},"author":1,"featured_media":36793,"comment_status":"open","ping_status":"open","sticky":false,"template":"","format":"standard","meta":{"footnotes":""},"categories":[36],"tags":[],"class_list":["post-36791","post","type-post","status-publish","format-standard","has-post-thumbnail","hentry","category-policial"],"jetpack_featured_media_url":"https:\/\/radiorevelacionfm.cl\/wp-content\/uploads\/2023\/11\/c8283cbe-a1fc-4445-8b7f-3a30957ca2a2-1_optimized.jpg","_links":{"self":[{"href":"https:\/\/radiorevelacionfm.cl\/index.php?rest_route=\/wp\/v2\/posts\/36791","targetHints":{"allow":["GET"]}}],"collection":[{"href":"https:\/\/radiorevelacionfm.cl\/index.php?rest_route=\/wp\/v2\/posts"}],"about":[{"href":"https:\/\/radiorevelacionfm.cl\/index.php?rest_route=\/wp\/v2\/types\/post"}],"author":[{"embeddable":true,"href":"https:\/\/radiorevelacionfm.cl\/index.php?rest_route=\/wp\/v2\/users\/1"}],"replies":[{"embeddable":true,"href":"https:\/\/radiorevelacionfm.cl\/index.php?rest_route=%2Fwp%2Fv2%2Fcomments&post=36791"}],"version-history":[{"count":2,"href":"https:\/\/radiorevelacionfm.cl\/index.php?rest_route=\/wp\/v2\/posts\/36791\/revisions"}],"predecessor-version":[{"id":36805,"href":"https:\/\/radiorevelacionfm.cl\/index.php?rest_route=\/wp\/v2\/posts\/36791\/revisions\/36805"}],"wp:featuredmedia":[{"embeddable":true,"href":"https:\/\/radiorevelacionfm.cl\/index.php?rest_route=\/wp\/v2\/media\/36793"}],"wp:attachment":[{"href":"https:\/\/radiorevelacionfm.cl\/index.php?rest_route=%2Fwp%2Fv2%2Fmedia&parent=36791"}],"wp:term":[{"taxonomy":"category","embeddable":true,"href":"https:\/\/radiorevelacionfm.cl\/index.php?rest_route=%2Fwp%2Fv2%2Fcategories&post=36791"},{"taxonomy":"post_tag","embeddable":true,"href":"https:\/\/radiorevelacionfm.cl\/index.php?rest_route=%2Fwp%2Fv2%2Ftags&post=36791"}],"curies":[{"name":"wp","href":"https:\/\/api.w.org\/{rel}","templated":true}]}}