{"id":3679,"date":"2021-04-30T10:47:11","date_gmt":"2021-04-30T13:47:11","guid":{"rendered":"https:\/\/radiorevelacionfm.cl\/?p=3679"},"modified":"2021-04-30T10:47:11","modified_gmt":"2021-04-30T13:47:11","slug":"mas-de-100-ciudadanos-extranjeros-han-sido-denunciados-por-infringir-ley-de-extranjeria-el-primer-trimestre-del-2021","status":"publish","type":"post","link":"https:\/\/radiorevelacionfm.cl\/?p=3679","title":{"rendered":"M\u00e1s de 100 ciudadanos extranjeros han sido denunciados por infringir Ley de Extranjer\u00eda el primer trimestre del 2021"},"content":{"rendered":"<div class=\"flex_column av_one_full  flex_column_div av-zero-column-padding first  avia-builder-el-0  el_before_av_one_full  avia-builder-el-first  \" style='border-radius:0px; '><div  class='avia-image-container  av-styling-    avia-builder-el-1  avia-builder-el-no-sibling  avia-align-center '  itemprop=\"image\" itemscope=\"itemscope\" itemtype=\"https:\/\/schema.org\/ImageObject\"  ><div class='avia-image-container-inner'><div class='avia-image-overlay-wrap'><img decoding=\"async\" class='wp-image-3680 avia-img-lazy-loading-not-3680 avia_image' src=\"https:\/\/radiorevelacionfm.cl\/wp-content\/uploads\/2021\/04\/servicio-fiscalizacion-sepiays-001_optimized.jpeg\" alt='' title='servicio-fiscalizaci\u00f3n-sepiays-001_optimized' height=\"720\" width=\"1280\"  itemprop=\"thumbnailUrl\" srcset=\"https:\/\/radiorevelacionfm.cl\/wp-content\/uploads\/2021\/04\/servicio-fiscalizacion-sepiays-001_optimized.jpeg 1280w, https:\/\/radiorevelacionfm.cl\/wp-content\/uploads\/2021\/04\/servicio-fiscalizacion-sepiays-001_optimized-300x169.jpeg 300w, https:\/\/radiorevelacionfm.cl\/wp-content\/uploads\/2021\/04\/servicio-fiscalizacion-sepiays-001_optimized-1030x579.jpeg 1030w, https:\/\/radiorevelacionfm.cl\/wp-content\/uploads\/2021\/04\/servicio-fiscalizacion-sepiays-001_optimized-768x432.jpeg 768w, https:\/\/radiorevelacionfm.cl\/wp-content\/uploads\/2021\/04\/servicio-fiscalizacion-sepiays-001_optimized-705x397.jpeg 705w, https:\/\/radiorevelacionfm.cl\/wp-content\/uploads\/2021\/04\/servicio-fiscalizacion-sepiays-001_optimized-600x338.jpeg 600w\" sizes=\"(max-width: 1280px) 100vw, 1280px\" \/><\/div><\/div><\/div><\/div><div class=\"flex_column av_one_full  flex_column_div av-zero-column-padding first  avia-builder-el-2  el_after_av_one_full  el_before_av_one_full  column-top-margin\" style='border-radius:0px; '><section class=\"av_textblock_section \"  itemscope=\"itemscope\" itemtype=\"https:\/\/schema.org\/BlogPosting\" itemprop=\"blogPost\" ><div class='avia_textblock  '   itemprop=\"text\" ><p style=\"text-align: center;\"><span style=\"font-size: 18pt;\"><strong>M\u00e1s de 100 ciudadanos extranjeros han sido denunciados por infringir Ley de Extranjer\u00eda el primer trimestre del 2021<\/strong><\/span><\/p>\n<div id=\"gtx-trans\" style=\"position: absolute; left: -50px; top: 4.31534px;\">\n<div class=\"gtx-trans-icon\"><\/div>\n<\/div>\n<\/div><\/section><\/div><div class=\"flex_column av_one_full  flex_column_div av-zero-column-padding first  avia-builder-el-4  el_after_av_one_full  el_before_av_hr  column-top-margin\" style='border-radius:0px; '><section class=\"av_textblock_section \"  itemscope=\"itemscope\" itemtype=\"https:\/\/schema.org\/BlogPosting\" itemprop=\"blogPost\" ><div class='avia_textblock  '   itemprop=\"text\" ><p style=\"text-align: justify;\">El \u00e1rea de migraciones de la PDI Ays\u00e9n, compuesta por el Departamento y la Secci\u00f3n de Migraciones y Polic\u00eda Internacional de Coyhaique y Puerto Ays\u00e9n, respectivamente, durante el mes de marzo de 2021 realizaron 20 fiscalizaciones a extranjeros en las principales ciudades y localidades de la regi\u00f3n, adem\u00e1s de diversos controles permanentes en la barrera sanitaria del aeropuerto de Balmaceda.<\/p>\n<p style=\"text-align: justify;\">As\u00ed, tras realizar 174 consultas entre ciudadanos chilenos y extranjeros, en marzo la PDI denunci\u00f3 a 30 extranjeros ante la autoridad administrativa, adem\u00e1s de cinco empresas por incumplimiento a la Ley de Extranjer\u00eda.<\/p>\n<p style=\"text-align: justify;\"><strong>Balance trimestral<\/strong><\/p>\n<p style=\"text-align: justify;\">Entre los meses de enero a marzo de 2021, el \u00e1rea de migraciones de la Regi\u00f3n Policial de Ays\u00e9n efectu\u00f3 un total de 35 fiscalizaciones, controlando a 332 ciudadanos extranjeros y denunciando a 85 de ellos ante la autoridad administrativa por infringir la Ley de Extranjer\u00eda. Se suman 16 personas denunciadas en otros procedimientos y actos administrativos del \u00e1rea, contabilizando un total de 101 ciudadanos extranjeros infractores en total.<\/p>\n<p style=\"text-align: justify;\">Durante este a\u00f1o, los controles se han focalizado en empresas de diferentes rubros, en el aeropuerto de Balmaceda y las localidades de norte y sur de la regi\u00f3n, considerando Tortel, Cochrane, Coyhaique, Puerto Ays\u00e9n, Puerto Chacabuco, Ma\u00f1ihuales, Cisnes, Puyuhuapi, Ra\u00fal Mar\u00edn Balmaceda, La Junta y Melinka.<\/p>\n<p style=\"text-align: justify;\">De acuerdo al an\u00e1lisis realizado, el jefe de la Secci\u00f3n Migraciones y Polic\u00eda Internacional Ays\u00e9n, subcomisario Hans Suazo, detall\u00f3 que \u201clas principales infracciones cometidas por los ciudadanos extranjeros se relacionan con no informar cambio de domicilio o situaci\u00f3n laboral en el tiempo establecido, residencia irregular e ingreso clandestino. Por su parte, las empresas denunciadas no informaron los finiquitos de los trabajadores en los plazos estipulados\u201d.<\/p>\n<p style=\"text-align: justify;\">Adem\u00e1s, el subcomisario Suazo indic\u00f3 que, pese a la pandemia, \u201ceste a\u00f1o hemos focalizado los controles en distintos puntos de la regi\u00f3n para verificar en terreno la actual situaci\u00f3n de los ciudadanos extranjeros que se encuentran en Ays\u00e9n, orientando a los migrantes y empleadores sobre c\u00f3mo evitar infringir la Ley de Extranjer\u00eda, manteniendo informaci\u00f3n actualizada y documentaci\u00f3n vigente y al d\u00eda\u201d.<\/p>\n<p style=\"text-align: justify;\"><strong>Trabajo coordinado<\/strong><\/p>\n<p style=\"text-align: justify;\">Por otro lado, durante este 2021 se ha fortalecido la vinculaci\u00f3n con distintos organismos para efectuar un trabajo coordinado entre las instituciones a la hora de realizar fiscalizaciones en los principales puntos de acceso a la regi\u00f3n, ya sea mar\u00edtimos, terrestres o a\u00e9reos.<\/p>\n<p style=\"text-align: justify;\">Estos controles se seguir\u00e1n efectuando \u201ccon la finalidad de educar sobre los alcances de la normativa y asegurar una migraci\u00f3n segura y responsable en la regi\u00f3n de Ays\u00e9n\u201d, finaliz\u00f3 el jefe de la Secci\u00f3n Migraciones Ays\u00e9n, subcomisario Hans Suazo.<\/p>\n<\/div><\/section><\/div><div  style='height:50px' class='hr hr-invisible   avia-builder-el-6  el_after_av_one_full  el_before_av_social_share '><span class='hr-inner ' ><span class='hr-inner-style'><\/span><\/span><\/div><\/p>\n<div  class='av-social-sharing-box  avia-builder-el-7  el_after_av_hr  el_before_av_hr  '><div class='av-share-box'><h5 class='av-share-link-description av-no-toc '>Compartir esta noticia<\/h5><ul class='av-share-box-list noLightbox'><li class='av-share-link av-social-link-facebook' ><a target=\"_blank\" aria-label=\"Compartir en Facebook\" href='https:\/\/www.facebook.com\/sharer.php?u=https:\/\/radiorevelacionfm.cl\/?p=3679&#038;t=M%C3%A1s%20de%20100%20ciudadanos%20extranjeros%20han%20sido%20denunciados%20por%20infringir%20Ley%20de%20Extranjer%C3%ADa%20el%20primer%20trimestre%20del%202021' aria-hidden='false' data-av_icon='\ue8f3' data-av_iconfont='entypo-fontello' title='' data-avia-related-tooltip='Compartir en Facebook' rel=\"noopener\"><span class='avia_hidden_link_text'>Compartir en Facebook<\/span><\/a><\/li><li class='av-share-link av-social-link-twitter' ><a target=\"_blank\" aria-label=\"Compartir en Twitter\" href='https:\/\/twitter.com\/share?text=M%C3%A1s%20de%20100%20ciudadanos%20extranjeros%20han%20sido%20denunciados%20por%20infringir%20Ley%20de%20Extranjer%C3%ADa%20el%20primer%20trimestre%20del%202021&#038;url=https:\/\/radiorevelacionfm.cl\/?p=3679' aria-hidden='false' data-av_icon='\ue8f1' data-av_iconfont='entypo-fontello' title='' data-avia-related-tooltip='Compartir en Twitter' rel=\"noopener\"><span class='avia_hidden_link_text'>Compartir en Twitter<\/span><\/a><\/li><li class='av-share-link av-social-link-whatsapp' ><a target=\"_blank\" aria-label=\"Compartir en Whatsapp\" href='https:\/\/api.whatsapp.com\/send?text=https:\/\/radiorevelacionfm.cl\/?p=3679' aria-hidden='false' data-av_icon='\uf232' data-av_iconfont='entypo-fontello' title='' data-avia-related-tooltip='Compartir en Whatsapp' rel=\"noopener\"><span class='avia_hidden_link_text'>Compartir en Whatsapp<\/span><\/a><\/li><li class='av-share-link av-social-link-linkedin' ><a target=\"_blank\" aria-label=\"Compartir en LinkedIn\" href='https:\/\/linkedin.com\/shareArticle?mini=true&#038;title=M%C3%A1s%20de%20100%20ciudadanos%20extranjeros%20han%20sido%20denunciados%20por%20infringir%20Ley%20de%20Extranjer%C3%ADa%20el%20primer%20trimestre%20del%202021&#038;url=https:\/\/radiorevelacionfm.cl\/?p=3679' aria-hidden='false' data-av_icon='\ue8fc' data-av_iconfont='entypo-fontello' title='' data-avia-related-tooltip='Compartir en LinkedIn' rel=\"noopener\"><span class='avia_hidden_link_text'>Compartir en LinkedIn<\/span><\/a><\/li><li class='av-share-link av-social-link-mail' ><a  aria-label=\"Compartir por correo\" href='mailto:?subject=M%C3%A1s%20de%20100%20ciudadanos%20extranjeros%20han%20sido%20denunciados%20por%20infringir%20Ley%20de%20Extranjer%C3%ADa%20el%20primer%20trimestre%20del%202021&#038;body=https:\/\/radiorevelacionfm.cl\/?p=3679' aria-hidden='false' data-av_icon='\ue805' data-av_iconfont='entypo-fontello' title='' data-avia-related-tooltip='Compartir por correo'><span class='avia_hidden_link_text'>Compartir por correo<\/span><\/a><\/li><\/ul><\/div><\/div>\n<div  style='height:50px' class='hr hr-invisible   avia-builder-el-8  el_after_av_social_share  el_before_av_comments_list '><span class='hr-inner ' ><span class='hr-inner-style'><\/span><\/span><\/div>\n<div  class='av-buildercomment  av-blog-meta-html-info-disabled av-blog-meta-tag-disabled  '><\/div>\n","protected":false},"excerpt":{"rendered":"","protected":false},"author":1,"featured_media":3680,"comment_status":"open","ping_status":"open","sticky":false,"template":"","format":"standard","meta":{"footnotes":""},"categories":[36],"tags":[],"class_list":["post-3679","post","type-post","status-publish","format-standard","has-post-thumbnail","hentry","category-policial"],"jetpack_featured_media_url":"https:\/\/radiorevelacionfm.cl\/wp-content\/uploads\/2021\/04\/servicio-fiscalizacion-sepiays-001_optimized.jpeg","_links":{"self":[{"href":"https:\/\/radiorevelacionfm.cl\/index.php?rest_route=\/wp\/v2\/posts\/3679","targetHints":{"allow":["GET"]}}],"collection":[{"href":"https:\/\/radiorevelacionfm.cl\/index.php?rest_route=\/wp\/v2\/posts"}],"about":[{"href":"https:\/\/radiorevelacionfm.cl\/index.php?rest_route=\/wp\/v2\/types\/post"}],"author":[{"embeddable":true,"href":"https:\/\/radiorevelacionfm.cl\/index.php?rest_route=\/wp\/v2\/users\/1"}],"replies":[{"embeddable":true,"href":"https:\/\/radiorevelacionfm.cl\/index.php?rest_route=%2Fwp%2Fv2%2Fcomments&post=3679"}],"version-history":[{"count":1,"href":"https:\/\/radiorevelacionfm.cl\/index.php?rest_route=\/wp\/v2\/posts\/3679\/revisions"}],"predecessor-version":[{"id":3681,"href":"https:\/\/radiorevelacionfm.cl\/index.php?rest_route=\/wp\/v2\/posts\/3679\/revisions\/3681"}],"wp:featuredmedia":[{"embeddable":true,"href":"https:\/\/radiorevelacionfm.cl\/index.php?rest_route=\/wp\/v2\/media\/3680"}],"wp:attachment":[{"href":"https:\/\/radiorevelacionfm.cl\/index.php?rest_route=%2Fwp%2Fv2%2Fmedia&parent=3679"}],"wp:term":[{"taxonomy":"category","embeddable":true,"href":"https:\/\/radiorevelacionfm.cl\/index.php?rest_route=%2Fwp%2Fv2%2Fcategories&post=3679"},{"taxonomy":"post_tag","embeddable":true,"href":"https:\/\/radiorevelacionfm.cl\/index.php?rest_route=%2Fwp%2Fv2%2Ftags&post=3679"}],"curies":[{"name":"wp","href":"https:\/\/api.w.org\/{rel}","templated":true}]}}