{"id":36788,"date":"2023-11-10T11:08:40","date_gmt":"2023-11-10T14:08:40","guid":{"rendered":"https:\/\/radiorevelacionfm.cl\/?p=36788"},"modified":"2023-11-10T11:08:40","modified_gmt":"2023-11-10T14:08:40","slug":"villa-ohiggins-liceo-pioneros-del-sur-se-adjudica-de-450-millones-para-mejoramiento-de-infraestructura-y-reconocen-a-profesor-ismael-ahumada-semifinalista-nacional-del-concurso-global-teacher-priz","status":"publish","type":"post","link":"https:\/\/radiorevelacionfm.cl\/?p=36788","title":{"rendered":"Villa O&#8217;Higgins: Liceo Pioneros del Sur se adjudica de 450 millones para mejoramiento de infraestructura y reconocen a profesor Ismael Ahumada, semifinalista nacional del concurso Global Teacher Prize"},"content":{"rendered":"<div class=\"flex_column av_one_full  flex_column_div av-zero-column-padding first  avia-builder-el-0  el_before_av_one_full  avia-builder-el-first  \" style='border-radius:0px; '><div  class='avia-image-container  av-styling-    avia-builder-el-1  avia-builder-el-no-sibling  avia-align-center '  itemprop=\"image\" itemscope=\"itemscope\" itemtype=\"https:\/\/schema.org\/ImageObject\"  ><div class='avia-image-container-inner'><div class='avia-image-overlay-wrap'><img decoding=\"async\" class='wp-image-36789 avia-img-lazy-loading-not-36789 avia_image' src=\"https:\/\/radiorevelacionfm.cl\/wp-content\/uploads\/2023\/11\/frontis-liceo-pioneros-del-sur-1_optimized.jpg\" alt='' title='frontis-liceo-pioneros-del-sur-(1)_optimized' height=\"600\" width=\"900\"  itemprop=\"thumbnailUrl\" srcset=\"https:\/\/radiorevelacionfm.cl\/wp-content\/uploads\/2023\/11\/frontis-liceo-pioneros-del-sur-1_optimized.jpg 900w, https:\/\/radiorevelacionfm.cl\/wp-content\/uploads\/2023\/11\/frontis-liceo-pioneros-del-sur-1_optimized-300x200.jpg 300w, https:\/\/radiorevelacionfm.cl\/wp-content\/uploads\/2023\/11\/frontis-liceo-pioneros-del-sur-1_optimized-768x512.jpg 768w, https:\/\/radiorevelacionfm.cl\/wp-content\/uploads\/2023\/11\/frontis-liceo-pioneros-del-sur-1_optimized-705x470.jpg 705w, https:\/\/radiorevelacionfm.cl\/wp-content\/uploads\/2023\/11\/frontis-liceo-pioneros-del-sur-1_optimized-450x300.jpg 450w, https:\/\/radiorevelacionfm.cl\/wp-content\/uploads\/2023\/11\/frontis-liceo-pioneros-del-sur-1_optimized-600x400.jpg 600w\" sizes=\"(max-width: 900px) 100vw, 900px\" \/><\/div><\/div><\/div><\/div><div class=\"flex_column av_one_full  flex_column_div av-zero-column-padding first  avia-builder-el-2  el_after_av_one_full  el_before_av_one_full  column-top-margin\" style='border-radius:0px; '><section class=\"av_textblock_section \"  itemscope=\"itemscope\" itemtype=\"https:\/\/schema.org\/BlogPosting\" itemprop=\"blogPost\" ><div class='avia_textblock  '   itemprop=\"text\" ><p style=\"text-align: center;\"><strong><span style=\"font-size: 18pt;\">Villa O&#8217;Higgins: Liceo Pioneros del Sur se adjudica de 450 millones para mejoramiento de infraestructura y reconocen a profesor Ismael Ahumada, semifinalista nacional del concurso Global Teacher Prize<\/span><\/strong><\/p>\n<div id=\"gtx-trans\" style=\"position: absolute; left: -50px; top: 4.31534px;\">\n<div class=\"gtx-trans-icon\"><\/div>\n<\/div>\n<\/div><\/section><\/div><div class=\"flex_column av_one_full  flex_column_div av-zero-column-padding first  avia-builder-el-4  el_after_av_one_full  el_before_av_hr  column-top-margin\" style='border-radius:0px; '><section class=\"av_textblock_section \"  itemscope=\"itemscope\" itemtype=\"https:\/\/schema.org\/BlogPosting\" itemprop=\"blogPost\" ><div class='avia_textblock  '   itemprop=\"text\" ><p class=\"v1MsoNormal\" style=\"text-align: justify;\">En el marco de la visita del\u00a0 Delegado Presidencial Regional Rodrigo Araya e integrantes del gabinete a la localidad de Villa O&#8217;Higgins nuestra Seremi Isabel Garrido lleg\u00f3 hasta el Liceo Pioneros del Sur, oportunidad en que las autoridades regionales junto al Alcalde y sostenedor del establecimiento Jos\u00e9 Fica y la Delegada Presidencial de la provincia Capit\u00e1n Prat Marta Montiel recorrieron el establecimiento que ser\u00e1 beneficiado con un proyecto de mejoramiento de infraestructura del MIneduc y tambi\u00e9n saludaron al profesor de m\u00fasica del establecimiento Ismael Ahumada, semifinalista nacional del concurso Global Teacher Prize Chile.<\/p>\n<p class=\"v1MsoNormal\" style=\"text-align: justify;\">Durante el encuentro, el Delegado Rodrigo Araya destac\u00f3 la labor del docente. \u00abQueremos reconocer al profesor Ismael Ahumada por su destacada labor en la difusi\u00f3n de la m\u00fasica y ense\u00f1anza de interpretaci\u00f3n de instrumentos musicales, que lo ha llevado a ser uno de los postulantes semifinalistas\u00a0 al Global Teacher Prize Chile. Tambi\u00e9n hemos recorrido las dependencias del establecimiento que ha sido beneficiado con recursos del Ministerio de Educaci\u00f3n para el mejoramiento de infraestructura, espec\u00edficamente en envolvente t\u00e9rmico y sistema de calefacci\u00f3n en el marco de la convocatoria 2023. Es un proyecto de mejoramiento que fue dise\u00f1ado por el equipo t\u00e9cnico de la municipalidad y que es muy necesario dadas las caracter\u00edsticas geogr\u00e1ficas del territorio donde est\u00e1 emplazado el establecimiento\u00bb.<\/p>\n<p class=\"v1MsoNormal\" style=\"text-align: justify;\">En esa misma l\u00ednea, la Seremi Isabel Garrido expres\u00f3 que \u00abEn esta visita hay dos grandes noticias que queremos compartir con esta comunidad escolar. En primer lugar, felicitar al profesor Ismael Ahumada por ser uno de los semifinalistas nacional del Global Teacher Prize, el \u00fanico representante de la regi\u00f3n y el \u00fanico profesor en la categor\u00eda de M\u00fasica. Su nominaci\u00f3n es un orgullo regional y nos insta a seguir motivando e invitando a los estudiantes a que elijan la pedagog\u00eda, una carrera desafiante, hermosa y que tiene el potencial de cambiar vidas. Y la otra buena noticia es que en el marco del traspaso de los colegios municipales al Servicio Local de Educaci\u00f3n P\u00fablica, SLEP Ays\u00e9n, el Liceo Pioneros del Sur se ha adjudicado un proyecto de mejoramiento de infraestructura por un monto superior a 450 millones de pesos recursos que en el Gobierno del Presidente Gabriel Boric hemos dispuesto para todas las municipalidades cuyos colegios ser\u00e1n traspasados al SLEP Ays\u00e9n con el prop\u00f3sito de que estos sean entregados por los municipios en las mejores condiciones posibles y en este caso con un mejoramiento del envolvente t\u00e9rmico y sistema de calefacci\u00f3n tan necesario en esta zona\u00bb.<\/p>\n<p class=\"v1MsoNormal\" style=\"text-align: justify;\">Paula S\u00e1nchez, directora del Liceo Pioneros del Sur coment\u00f3 que \u00abDurante este a\u00f1o hemos estado trabajando en un proyecto de intervenci\u00f3n del pabell\u00f3n\u00a0 antiguo de nuestro establecimiento donde funcionan la educaci\u00f3n de p\u00e1rvulos y educaci\u00f3n b\u00e1sica, con el objetivo de optimizar la energ\u00eda cal\u00f3rica del plantel. Tambi\u00e9n se realizar\u00e1 el cambio de ventanas y puertas para que nuestros estudiantes est\u00e9n en un ambiente m\u00e1s confortable. Nuestro colegio tiene 132 estudiantes que cursan desde Pre K\u00ednder a Cuarto Medio y tiene grandes desaf\u00edos al ser un liceo en una zona aislada y es necesario visibilizar las condiciones adversas en las que se trabaja y se hace soberan\u00eda\u00bb.<\/p>\n<p class=\"v1MsoNormal\" style=\"text-align: justify;\">Por lo anterior, expres\u00f3 su alegr\u00eda ante la nominaci\u00f3n del profesor de m\u00fasica en el Global Teacher Prize.<\/p>\n<p class=\"v1MsoNormal\" style=\"text-align: justify;\">\u00abCuando el profesor Ismael Ahumada postula lo hace tambi\u00e9n con el prop\u00f3sito de que se entienda que en Chile es un pa\u00eds largo, que no todo est\u00e1 centralizado que hay otras realidades y que pese a estar tan lejos podemos desarrollar un trabajo de calidad. Estamos muy contentos Ismael es un tremendo profesor porque ama la m\u00fasica y la docencia y trasmite esta pasi\u00f3n y eso se nota en c\u00f3mo los estudiantes desarrollan estas habilidades en la m\u00fasica y estamos contentos de que Villa O&#8217;Higgins sea mencionado y m\u00e1s gente conozca lo que estamos haciendo\u00bb.<\/p>\n<p class=\"v1MsoNormal\" style=\"text-align: justify;\">El profesor Ismael Ahumada agradeci\u00f3 el ser seleccionado entre los semifinalistas nacionales.<\/p>\n<p class=\"v1MsoNormal\" style=\"text-align: justify;\">\u00abPara m\u00ed es un honor como profesor estar en ese grupo de profesores que son excelentes y creo que una de las inspiraciones m\u00e1s grandes es haber vuelto a la Patagonia despu\u00e9s de mucho tiempo y dejar un legado no solo con lo musical sino con lo espiritual, lo emocional que va de la mano con el quehacer art\u00edstico que es sonoro, alm\u00e1tico y musical y que desarrollo en esta comunidad que es el Liceo Pioneros del Sur\u00bb.<\/p>\n<\/div><\/section><\/div><div  style='height:50px' class='hr hr-invisible   avia-builder-el-6  el_after_av_one_full  el_before_av_social_share '><span class='hr-inner ' ><span class='hr-inner-style'><\/span><\/span><\/div><\/p>\n<div  class='av-social-sharing-box  avia-builder-el-7  el_after_av_hr  el_before_av_hr  '><div class='av-share-box'><h5 class='av-share-link-description av-no-toc '>Compartir esta noticia<\/h5><ul class='av-share-box-list noLightbox'><li class='av-share-link av-social-link-facebook' ><a target=\"_blank\" aria-label=\"Compartir en Facebook\" href='https:\/\/www.facebook.com\/sharer.php?u=https:\/\/radiorevelacionfm.cl\/?p=36788&#038;t=Villa%20O%E2%80%99Higgins%3A%20Liceo%20Pioneros%20del%20Sur%20se%20adjudica%20de%20450%20millones%20para%20mejoramiento%20de%20infraestructura%20y%20reconocen%20a%20profesor%20Ismael%20Ahumada%2C%20semifinalista%20nacional%20del%20concurso%20Global%20Teacher%20Prize' aria-hidden='false' data-av_icon='\ue8f3' data-av_iconfont='entypo-fontello' title='' data-avia-related-tooltip='Compartir en Facebook' rel=\"noopener\"><span class='avia_hidden_link_text'>Compartir en Facebook<\/span><\/a><\/li><li class='av-share-link av-social-link-twitter' ><a target=\"_blank\" aria-label=\"Compartir en Twitter\" href='https:\/\/twitter.com\/share?text=Villa%20O%E2%80%99Higgins%3A%20Liceo%20Pioneros%20del%20Sur%20se%20adjudica%20de%20450%20millones%20para%20mejoramiento%20de%20infraestructura%20y%20reconocen%20a%20profesor%20Ismael%20Ahumada%2C%20semifinalista%20nacional%20del%20concurso%20Global%20Teacher%20Prize&#038;url=https:\/\/radiorevelacionfm.cl\/?p=36788' aria-hidden='false' data-av_icon='\ue8f1' data-av_iconfont='entypo-fontello' title='' data-avia-related-tooltip='Compartir en Twitter' rel=\"noopener\"><span class='avia_hidden_link_text'>Compartir en Twitter<\/span><\/a><\/li><li class='av-share-link av-social-link-whatsapp' ><a target=\"_blank\" aria-label=\"Compartir en Whatsapp\" href='https:\/\/api.whatsapp.com\/send?text=https:\/\/radiorevelacionfm.cl\/?p=36788' aria-hidden='false' data-av_icon='\uf232' data-av_iconfont='entypo-fontello' title='' data-avia-related-tooltip='Compartir en Whatsapp' rel=\"noopener\"><span class='avia_hidden_link_text'>Compartir en Whatsapp<\/span><\/a><\/li><li class='av-share-link av-social-link-linkedin' ><a target=\"_blank\" aria-label=\"Compartir en LinkedIn\" href='https:\/\/linkedin.com\/shareArticle?mini=true&#038;title=Villa%20O%E2%80%99Higgins%3A%20Liceo%20Pioneros%20del%20Sur%20se%20adjudica%20de%20450%20millones%20para%20mejoramiento%20de%20infraestructura%20y%20reconocen%20a%20profesor%20Ismael%20Ahumada%2C%20semifinalista%20nacional%20del%20concurso%20Global%20Teacher%20Prize&#038;url=https:\/\/radiorevelacionfm.cl\/?p=36788' aria-hidden='false' data-av_icon='\ue8fc' data-av_iconfont='entypo-fontello' title='' data-avia-related-tooltip='Compartir en LinkedIn' rel=\"noopener\"><span class='avia_hidden_link_text'>Compartir en LinkedIn<\/span><\/a><\/li><li class='av-share-link av-social-link-mail' ><a  aria-label=\"Compartir por correo\" href='mailto:?subject=Villa%20O%E2%80%99Higgins%3A%20Liceo%20Pioneros%20del%20Sur%20se%20adjudica%20de%20450%20millones%20para%20mejoramiento%20de%20infraestructura%20y%20reconocen%20a%20profesor%20Ismael%20Ahumada%2C%20semifinalista%20nacional%20del%20concurso%20Global%20Teacher%20Prize&#038;body=https:\/\/radiorevelacionfm.cl\/?p=36788' aria-hidden='false' data-av_icon='\ue805' data-av_iconfont='entypo-fontello' title='' data-avia-related-tooltip='Compartir por correo'><span class='avia_hidden_link_text'>Compartir por correo<\/span><\/a><\/li><\/ul><\/div><\/div>\n<div  style='height:50px' class='hr hr-invisible   avia-builder-el-8  el_after_av_social_share  el_before_av_comments_list '><span class='hr-inner ' ><span class='hr-inner-style'><\/span><\/span><\/div>\n<div  class='av-buildercomment  av-blog-meta-html-info-disabled av-blog-meta-tag-disabled  '><\/div>\n","protected":false},"excerpt":{"rendered":"","protected":false},"author":1,"featured_media":36789,"comment_status":"open","ping_status":"open","sticky":false,"template":"","format":"standard","meta":{"footnotes":""},"categories":[49],"tags":[],"class_list":["post-36788","post","type-post","status-publish","format-standard","has-post-thumbnail","hentry","category-educacion"],"jetpack_featured_media_url":"https:\/\/radiorevelacionfm.cl\/wp-content\/uploads\/2023\/11\/frontis-liceo-pioneros-del-sur-1_optimized.jpg","_links":{"self":[{"href":"https:\/\/radiorevelacionfm.cl\/index.php?rest_route=\/wp\/v2\/posts\/36788","targetHints":{"allow":["GET"]}}],"collection":[{"href":"https:\/\/radiorevelacionfm.cl\/index.php?rest_route=\/wp\/v2\/posts"}],"about":[{"href":"https:\/\/radiorevelacionfm.cl\/index.php?rest_route=\/wp\/v2\/types\/post"}],"author":[{"embeddable":true,"href":"https:\/\/radiorevelacionfm.cl\/index.php?rest_route=\/wp\/v2\/users\/1"}],"replies":[{"embeddable":true,"href":"https:\/\/radiorevelacionfm.cl\/index.php?rest_route=%2Fwp%2Fv2%2Fcomments&post=36788"}],"version-history":[{"count":1,"href":"https:\/\/radiorevelacionfm.cl\/index.php?rest_route=\/wp\/v2\/posts\/36788\/revisions"}],"predecessor-version":[{"id":36790,"href":"https:\/\/radiorevelacionfm.cl\/index.php?rest_route=\/wp\/v2\/posts\/36788\/revisions\/36790"}],"wp:featuredmedia":[{"embeddable":true,"href":"https:\/\/radiorevelacionfm.cl\/index.php?rest_route=\/wp\/v2\/media\/36789"}],"wp:attachment":[{"href":"https:\/\/radiorevelacionfm.cl\/index.php?rest_route=%2Fwp%2Fv2%2Fmedia&parent=36788"}],"wp:term":[{"taxonomy":"category","embeddable":true,"href":"https:\/\/radiorevelacionfm.cl\/index.php?rest_route=%2Fwp%2Fv2%2Fcategories&post=36788"},{"taxonomy":"post_tag","embeddable":true,"href":"https:\/\/radiorevelacionfm.cl\/index.php?rest_route=%2Fwp%2Fv2%2Ftags&post=36788"}],"curies":[{"name":"wp","href":"https:\/\/api.w.org\/{rel}","templated":true}]}}