{"id":36785,"date":"2023-11-10T16:13:35","date_gmt":"2023-11-10T19:13:35","guid":{"rendered":"https:\/\/radiorevelacionfm.cl\/?p=36785"},"modified":"2023-11-10T16:13:35","modified_gmt":"2023-11-10T19:13:35","slug":"gobierno-lanza-programa-de-garantias-de-apoyo-al-sobreendeudamiento","status":"publish","type":"post","link":"https:\/\/radiorevelacionfm.cl\/?p=36785","title":{"rendered":"Gobierno lanza Programa de Garant\u00edas de Apoyo al Sobreendeudamiento"},"content":{"rendered":"<div class=\"flex_column av_one_full  flex_column_div av-zero-column-padding first  avia-builder-el-0  el_before_av_one_full  avia-builder-el-first  \" style='border-radius:0px; '><div  class='avia-image-container  av-styling-    avia-builder-el-1  avia-builder-el-no-sibling  avia-align-center '  itemprop=\"image\" itemscope=\"itemscope\" itemtype=\"https:\/\/schema.org\/ImageObject\"  ><div class='avia-image-container-inner'><div class='avia-image-overlay-wrap'><img decoding=\"async\" class='wp-image-36786 avia-img-lazy-loading-not-36786 avia_image' src=\"https:\/\/radiorevelacionfm.cl\/wp-content\/uploads\/2023\/11\/Seremi-de-Gobierno-y-Seremi-de-Economia-2-1-1.jpeg\" alt='' title='Seremi de Gobierno y Seremi de Econom\u00eda 2 (1) (1)' height=\"600\" width=\"873\"  itemprop=\"thumbnailUrl\" srcset=\"https:\/\/radiorevelacionfm.cl\/wp-content\/uploads\/2023\/11\/Seremi-de-Gobierno-y-Seremi-de-Economia-2-1-1.jpeg 873w, https:\/\/radiorevelacionfm.cl\/wp-content\/uploads\/2023\/11\/Seremi-de-Gobierno-y-Seremi-de-Economia-2-1-1-300x206.jpeg 300w, https:\/\/radiorevelacionfm.cl\/wp-content\/uploads\/2023\/11\/Seremi-de-Gobierno-y-Seremi-de-Economia-2-1-1-768x528.jpeg 768w, https:\/\/radiorevelacionfm.cl\/wp-content\/uploads\/2023\/11\/Seremi-de-Gobierno-y-Seremi-de-Economia-2-1-1-705x485.jpeg 705w, https:\/\/radiorevelacionfm.cl\/wp-content\/uploads\/2023\/11\/Seremi-de-Gobierno-y-Seremi-de-Economia-2-1-1-450x309.jpeg 450w, https:\/\/radiorevelacionfm.cl\/wp-content\/uploads\/2023\/11\/Seremi-de-Gobierno-y-Seremi-de-Economia-2-1-1-600x412.jpeg 600w\" sizes=\"(max-width: 873px) 100vw, 873px\" \/><\/div><\/div><\/div><\/div><div class=\"flex_column av_one_full  flex_column_div av-zero-column-padding first  avia-builder-el-2  el_after_av_one_full  el_before_av_one_full  column-top-margin\" style='border-radius:0px; '><section class=\"av_textblock_section \"  itemscope=\"itemscope\" itemtype=\"https:\/\/schema.org\/BlogPosting\" itemprop=\"blogPost\" ><div class='avia_textblock  '   itemprop=\"text\" ><p style=\"text-align: center;\"><strong><span style=\"font-size: 18pt;\">Gobierno lanza Programa de Garant\u00edas de Apoyo al Sobreendeudamiento<\/span><\/strong><\/p>\n<div id=\"gtx-trans\" style=\"position: absolute; left: -50px; top: 4.31534px;\">\n<div class=\"gtx-trans-icon\"><\/div>\n<\/div>\n<\/div><\/section><\/div><div class=\"flex_column av_one_full  flex_column_div av-zero-column-padding first  avia-builder-el-4  el_after_av_one_full  el_before_av_hr  column-top-margin\" style='border-radius:0px; '><section class=\"av_textblock_section \"  itemscope=\"itemscope\" itemtype=\"https:\/\/schema.org\/BlogPosting\" itemprop=\"blogPost\" ><div class='avia_textblock  '   itemprop=\"text\" ><p style=\"text-align: justify;\"><em>Se establecer\u00e1 una garant\u00eda estatal para que las personas puedan refinanciar sus deudas con instituciones financieras de manera que las condiciones sean m\u00e1s favorables a las de los cr\u00e9ditos que sustituyan, generando as\u00ed una reducci\u00f3n de la carga financiera mensual.<\/em><\/p>\n<p style=\"text-align: justify;\">El lunes reci\u00e9n pasado el ministro de Hacienda, Mario Marcel, dio a conocer una serie de medidas que buscan reducir el endeudamiento de las y los ciudadanos, y que ser\u00e1n enviadas al Congreso para su discusi\u00f3n.<\/p>\n<p style=\"text-align: justify;\">La iniciativa legal busca ayudar a que, las personas que est\u00e1n sobreendeudadas, puedan refinanciar sus deudas para as\u00ed reducir el monto mensual que deben pagar. En este sentido, el Estado entregar\u00e1 su respaldo para que las personas, al hacer un refinanciamiento de un cr\u00e9dito de consumo, sean calificadas con un menor perfil de riesgo, lo que le permitir\u00e1 acceder a una menor tasa de inter\u00e9s y derivar\u00e1 en una cuota mensual m\u00e1s baja a pagar.<\/p>\n<p style=\"text-align: justify;\">Una segunda medida apunta a prevenir situaciones de sobreendeudamiento a trav\u00e9s del uso de las tarjetas de cr\u00e9dito. En ese sentido, cuando una persona realiza una compra con tarjeta de cr\u00e9dito en cuotas -sin inter\u00e9s- recibe una cartola que se\u00f1ala el pago m\u00ednimo a realizar, el cual no incluye el pago de la cuota de esa compra; y si no se realiza el pago de esa primera cuota, esto se transforma en un cr\u00e9dito con una alta tasa de inter\u00e9s. Para resolver esta anomal\u00eda, que se presta para confusi\u00f3n en las personas, se le entregar\u00e1 la facultad a la Comisi\u00f3n para el Mercado Financiero de regular la determinaci\u00f3n del pago m\u00ednimo de las tarjetas, evitando as\u00ed esta desinformaci\u00f3n a los consumidores que los puede llevar a situaciones de sobre endeudamiento.<\/p>\n<p style=\"text-align: justify;\">Una tercera medida busca modificar la Ley de Fraudes con tarjetas bancarias, con el fin de reducir este tipo de delitos. Seg\u00fan explic\u00f3 el ministro de Hacienda, desde que dicha ley entr\u00f3 en vigencia, hace tres a\u00f1os, hasta la fecha han aumentado los fraudes con ese tipo de tarjetas, contrario a lo que se buscaba originalmente. En ese sentido, el ministro puntualiz\u00f3 que mientras m\u00e1s fraudes ocurren, los cuales deben ser absorbidos por las instituciones financieras, mayores son los costos financieros que deben enfrentar los usuarios del sistema.<\/p>\n<p style=\"text-align: justify;\">\u201cEl sobreendeudamiento en la poblaci\u00f3n chilena ha crecido post pandemia y es un tema que, como gobierno, nos preocupa mucho. Sabemos que hay muchas personas que, actualmente, no logran llegar a fin de mes y eso significa, muchas veces, tener privaciones importantes dentro del grupo familiar. Por este motivo es que sabemos que la ciudadan\u00eda va a valorar mucho los anuncios que realiz\u00f3 el ministro de Hacienda, Mario Marcel, porque ayudar\u00e1n a que los bolsillos de las familias puedan verse m\u00e1s holgados y aliviados\u201d, afirm\u00f3 la Seremi de Gobierno de la regi\u00f3n de Ays\u00e9n, Tatiana Pl\u00e1.<\/p>\n<p style=\"text-align: justify;\">El Seremi de Econom\u00eda, Felipe Rojas destaca, de esta medida, el impacto que tendr\u00e1 en las familias de clase media, que es el segmento que presenta mayores \u00edndices de sobreendeudamiento. Al respecto, se\u00f1al\u00f3: \u201cConocemos lo que le est\u00e1 costando a las familias llegar a fin de mes con los recursos necesarios para hacer frente a sus necesidades y cumplir con sus obligaciones, es por eso que este proyecto de ley que estamos enviando como Gobierno tiene como pretensi\u00f3n beneficiar a alrededor de 100 mil personas, mediante 3 principales puntos: Apoyando a los que est\u00e1n sobreendeudados a refinanciar en mejores condiciones que el cr\u00e9dito que est\u00e1n pagando actualmente, previniendo el sobreendeudamiento especialmente a trav\u00e9s de tarjetas de cr\u00e9dito, y disminuyendo los costos de la deuda a prop\u00f3sito de la aplicaci\u00f3n de la ley sobre fraudes con tarjetas bancarias\u201d.<\/p>\n<p style=\"text-align: justify;\">Por su parte, la Coordinadora Regional de la Superintendencia de Insolvencia y Reemprendimiento, Ver\u00f3nica Garc\u00eda, destac\u00f3 la importancia de este proyecto de ley. \u201cEsta iniciativa permitir\u00e1 a las personas disminuir su carga financiera mensual, es decir, la parte del ingreso que deben destinar al pago de sus deudas. Esta medida es de suma importancia cuando pensamos que seg\u00fan cifras de la CMF las personas sobreendeudadas cuyos ingresos son inferiores a los $500.000, tienen una carga financiera promedio cercana al 80%, lo que significa que solo con el 20% restante, deben satisfacer sus necesidades\u201d, recalc\u00f3.<\/p>\n<\/div><\/section><\/div><div  style='height:50px' class='hr hr-invisible   avia-builder-el-6  el_after_av_one_full  el_before_av_social_share '><span class='hr-inner ' ><span class='hr-inner-style'><\/span><\/span><\/div><\/p>\n<div  class='av-social-sharing-box  avia-builder-el-7  el_after_av_hr  el_before_av_hr  '><div class='av-share-box'><h5 class='av-share-link-description av-no-toc '>Compartir esta noticia<\/h5><ul class='av-share-box-list noLightbox'><li class='av-share-link av-social-link-facebook' ><a target=\"_blank\" aria-label=\"Compartir en Facebook\" href='https:\/\/www.facebook.com\/sharer.php?u=https:\/\/radiorevelacionfm.cl\/?p=36785&#038;t=Gobierno%20lanza%20Programa%20de%20Garant%C3%ADas%20de%20Apoyo%20al%20Sobreendeudamiento' aria-hidden='false' data-av_icon='\ue8f3' data-av_iconfont='entypo-fontello' title='' data-avia-related-tooltip='Compartir en Facebook' rel=\"noopener\"><span class='avia_hidden_link_text'>Compartir en Facebook<\/span><\/a><\/li><li class='av-share-link av-social-link-twitter' ><a target=\"_blank\" aria-label=\"Compartir en Twitter\" href='https:\/\/twitter.com\/share?text=Gobierno%20lanza%20Programa%20de%20Garant%C3%ADas%20de%20Apoyo%20al%20Sobreendeudamiento&#038;url=https:\/\/radiorevelacionfm.cl\/?p=36785' aria-hidden='false' data-av_icon='\ue8f1' data-av_iconfont='entypo-fontello' title='' data-avia-related-tooltip='Compartir en Twitter' rel=\"noopener\"><span class='avia_hidden_link_text'>Compartir en Twitter<\/span><\/a><\/li><li class='av-share-link av-social-link-whatsapp' ><a target=\"_blank\" aria-label=\"Compartir en Whatsapp\" href='https:\/\/api.whatsapp.com\/send?text=https:\/\/radiorevelacionfm.cl\/?p=36785' aria-hidden='false' data-av_icon='\uf232' data-av_iconfont='entypo-fontello' title='' data-avia-related-tooltip='Compartir en Whatsapp' rel=\"noopener\"><span class='avia_hidden_link_text'>Compartir en Whatsapp<\/span><\/a><\/li><li class='av-share-link av-social-link-linkedin' ><a target=\"_blank\" aria-label=\"Compartir en LinkedIn\" href='https:\/\/linkedin.com\/shareArticle?mini=true&#038;title=Gobierno%20lanza%20Programa%20de%20Garant%C3%ADas%20de%20Apoyo%20al%20Sobreendeudamiento&#038;url=https:\/\/radiorevelacionfm.cl\/?p=36785' aria-hidden='false' data-av_icon='\ue8fc' data-av_iconfont='entypo-fontello' title='' data-avia-related-tooltip='Compartir en LinkedIn' rel=\"noopener\"><span class='avia_hidden_link_text'>Compartir en LinkedIn<\/span><\/a><\/li><li class='av-share-link av-social-link-mail' ><a  aria-label=\"Compartir por correo\" href='mailto:?subject=Gobierno%20lanza%20Programa%20de%20Garant%C3%ADas%20de%20Apoyo%20al%20Sobreendeudamiento&#038;body=https:\/\/radiorevelacionfm.cl\/?p=36785' aria-hidden='false' data-av_icon='\ue805' data-av_iconfont='entypo-fontello' title='' data-avia-related-tooltip='Compartir por correo'><span class='avia_hidden_link_text'>Compartir por correo<\/span><\/a><\/li><\/ul><\/div><\/div>\n<div  style='height:50px' class='hr hr-invisible   avia-builder-el-8  el_after_av_social_share  el_before_av_comments_list '><span class='hr-inner ' ><span class='hr-inner-style'><\/span><\/span><\/div>\n<div  class='av-buildercomment  av-blog-meta-html-info-disabled av-blog-meta-tag-disabled  '><\/div>\n","protected":false},"excerpt":{"rendered":"","protected":false},"author":1,"featured_media":36786,"comment_status":"open","ping_status":"open","sticky":false,"template":"","format":"standard","meta":{"footnotes":""},"categories":[37],"tags":[],"class_list":["post-36785","post","type-post","status-publish","format-standard","has-post-thumbnail","hentry","category-economia"],"jetpack_featured_media_url":"https:\/\/radiorevelacionfm.cl\/wp-content\/uploads\/2023\/11\/Seremi-de-Gobierno-y-Seremi-de-Economia-2-1-1.jpeg","_links":{"self":[{"href":"https:\/\/radiorevelacionfm.cl\/index.php?rest_route=\/wp\/v2\/posts\/36785","targetHints":{"allow":["GET"]}}],"collection":[{"href":"https:\/\/radiorevelacionfm.cl\/index.php?rest_route=\/wp\/v2\/posts"}],"about":[{"href":"https:\/\/radiorevelacionfm.cl\/index.php?rest_route=\/wp\/v2\/types\/post"}],"author":[{"embeddable":true,"href":"https:\/\/radiorevelacionfm.cl\/index.php?rest_route=\/wp\/v2\/users\/1"}],"replies":[{"embeddable":true,"href":"https:\/\/radiorevelacionfm.cl\/index.php?rest_route=%2Fwp%2Fv2%2Fcomments&post=36785"}],"version-history":[{"count":1,"href":"https:\/\/radiorevelacionfm.cl\/index.php?rest_route=\/wp\/v2\/posts\/36785\/revisions"}],"predecessor-version":[{"id":36787,"href":"https:\/\/radiorevelacionfm.cl\/index.php?rest_route=\/wp\/v2\/posts\/36785\/revisions\/36787"}],"wp:featuredmedia":[{"embeddable":true,"href":"https:\/\/radiorevelacionfm.cl\/index.php?rest_route=\/wp\/v2\/media\/36786"}],"wp:attachment":[{"href":"https:\/\/radiorevelacionfm.cl\/index.php?rest_route=%2Fwp%2Fv2%2Fmedia&parent=36785"}],"wp:term":[{"taxonomy":"category","embeddable":true,"href":"https:\/\/radiorevelacionfm.cl\/index.php?rest_route=%2Fwp%2Fv2%2Fcategories&post=36785"},{"taxonomy":"post_tag","embeddable":true,"href":"https:\/\/radiorevelacionfm.cl\/index.php?rest_route=%2Fwp%2Fv2%2Ftags&post=36785"}],"curies":[{"name":"wp","href":"https:\/\/api.w.org\/{rel}","templated":true}]}}