{"id":36782,"date":"2023-11-09T21:19:53","date_gmt":"2023-11-10T00:19:53","guid":{"rendered":"https:\/\/radiorevelacionfm.cl\/?p=36782"},"modified":"2023-11-09T21:19:53","modified_gmt":"2023-11-10T00:19:53","slug":"senadora-ordenes-el-50-de-las-comunas-de-la-region-de-aysen-no-cuentan-con-farmacia","status":"publish","type":"post","link":"https:\/\/radiorevelacionfm.cl\/?p=36782","title":{"rendered":"Senadora \u00d3rdenes: \u201cEl 50% de las comunas de la regi\u00f3n de Ays\u00e9n no cuentan con farmacia\u201d"},"content":{"rendered":"<div class=\"flex_column av_one_full  flex_column_div av-zero-column-padding first  avia-builder-el-0  el_before_av_one_full  avia-builder-el-first  \" style='border-radius:0px; '><div  class='avia-image-container  av-styling-    avia-builder-el-1  avia-builder-el-no-sibling  avia-align-center '  itemprop=\"image\" itemscope=\"itemscope\" itemtype=\"https:\/\/schema.org\/ImageObject\"  ><div class='avia-image-container-inner'><div class='avia-image-overlay-wrap'><img decoding=\"async\" class='wp-image-36783 avia-img-lazy-loading-not-36783 avia_image' src=\"https:\/\/radiorevelacionfm.cl\/wp-content\/uploads\/2023\/11\/Foto-3-1-1.jpg\" alt='' title='Foto #3 (1) (1)' height=\"600\" width=\"1041\"  itemprop=\"thumbnailUrl\" srcset=\"https:\/\/radiorevelacionfm.cl\/wp-content\/uploads\/2023\/11\/Foto-3-1-1.jpg 1041w, https:\/\/radiorevelacionfm.cl\/wp-content\/uploads\/2023\/11\/Foto-3-1-1-300x173.jpg 300w, https:\/\/radiorevelacionfm.cl\/wp-content\/uploads\/2023\/11\/Foto-3-1-1-1030x594.jpg 1030w, https:\/\/radiorevelacionfm.cl\/wp-content\/uploads\/2023\/11\/Foto-3-1-1-768x443.jpg 768w, https:\/\/radiorevelacionfm.cl\/wp-content\/uploads\/2023\/11\/Foto-3-1-1-705x406.jpg 705w, https:\/\/radiorevelacionfm.cl\/wp-content\/uploads\/2023\/11\/Foto-3-1-1-450x259.jpg 450w, https:\/\/radiorevelacionfm.cl\/wp-content\/uploads\/2023\/11\/Foto-3-1-1-600x346.jpg 600w\" sizes=\"(max-width: 1041px) 100vw, 1041px\" \/><\/div><\/div><\/div><\/div>\n<div class=\"flex_column av_one_full  flex_column_div av-zero-column-padding first  avia-builder-el-2  el_after_av_one_full  el_before_av_one_full  column-top-margin\" style='border-radius:0px; '><section class=\"av_textblock_section \"  itemscope=\"itemscope\" itemtype=\"https:\/\/schema.org\/BlogPosting\" itemprop=\"blogPost\" ><div class='avia_textblock  '   itemprop=\"text\" ><p style=\"text-align: center;\"><strong><span style=\"font-size: 18pt;\">Senadora \u00d3rdenes: \u201cEl 50% de las comunas de la regi\u00f3n de Ays\u00e9n no cuentan con farmacia\u201d<\/span><\/strong><\/p>\n<div id=\"gtx-trans\" style=\"position: absolute; left: -50px; top: 4.31534px;\">\n<div class=\"gtx-trans-icon\"><\/div>\n<\/div>\n<\/div><\/section><\/div><div class=\"flex_column av_one_full  flex_column_div av-zero-column-padding first  avia-builder-el-4  el_after_av_one_full  el_before_av_hr  column-top-margin\" style='border-radius:0px; '><section class=\"av_textblock_section \"  itemscope=\"itemscope\" itemtype=\"https:\/\/schema.org\/BlogPosting\" itemprop=\"blogPost\" ><div class='avia_textblock  '   itemprop=\"text\" ><p style=\"text-align: justify;\"><em>La ley CENABAST ampl\u00eda las facultades de la Central de Abastecimiento del Sistema Nacional de Servicios de Salud para intermediar medicamentos para las farmacias, con la finalidad de mejorar el acceso y disminuir sus precios. Sin embargo, la regi\u00f3n de Ays\u00e9n es la \u00fanica que no ha participado de los beneficios de esta ley y seg\u00fan datos de la Central, actualmente no existen farmacias de car\u00e1cter independiente en Ays\u00e9n.<\/em><\/p>\n<p style=\"text-align: justify;\">Con esta preocupaci\u00f3n surge la iniciativa de crear una figura que posibilite el acceso a medicamentos para las localidades sin farmacias, los almacenes farmac\u00e9uticos, logrando una colaboraci\u00f3n p\u00fablico-privada que involucra tanto a CENABAST, como al Ministerio de Salud y los municipios. Desde la Comisi\u00f3n de Salud del Senado, la senadora por la regi\u00f3n de Ays\u00e9n, Ximena \u00d3rdenes, fue clave en exponer la delicada situaci\u00f3n de las localidades de Ays\u00e9n que no cuentan con farmacias. Para este a\u00f1o, con fondos del Gobierno Regional, se espera la implementaci\u00f3n de dos almacenes farmac\u00e9uticos, uno para Caleta Tortel y otro para Puerto Ib\u00e1\u00f1ez.<\/p>\n<p style=\"text-align: justify;\">\u201cQuiero valorar una pol\u00edtica p\u00fablica que va a ser pionera en la regi\u00f3n de Ays\u00e9n y que act\u00faa como una respuesta para permitir el acceso a medicamentos en zonas extremas y localidades que est\u00e1n lejos de nuestros centros urbanos. Lo conoceremos como Almacenes farmac\u00e9uticos. Esta pol\u00edtica p\u00fablica que se ha impulsado desde el Ministerio de Salud en colaboraci\u00f3n con el Gobierno Regional y otros actores va a permitir, por ejemplo, que, en Ib\u00e1\u00f1ez, en Tortel y despu\u00e9s en O\u2019Higgins y otras localidades de la regi\u00f3n de Ays\u00e9n sus habitantes tengan acceso a medicamentos\u201d, valor\u00f3 la parlamentaria.<\/p>\n<p style=\"text-align: justify;\">\u201cPara nosotros es muy importante que se conozca esta medida, una pol\u00edtica p\u00fablica pionera, que sin duda va a ser replicada tambi\u00e9n en otras regiones del pa\u00eds con caracter\u00edsticas similares a las de Ays\u00e9n. Nosotros tenemos un dato que nos preocupa, el 50% de las comunas de la regi\u00f3n no cuentan con una farmacia, por eso, esto es una soluci\u00f3n alternativa y a mi juicio una gran noticia para Ays\u00e9n\u201d, sostuvo la senadora \u00d3rdenes.<\/p>\n<p style=\"text-align: justify;\"><strong>La f<\/strong><strong>alta de acceso en Ays<\/strong><strong>\u00e9<\/strong><strong>n<\/strong><\/p>\n<p style=\"text-align: justify;\">\u201cEn la regi\u00f3n de Ays\u00e9n hay 26 localidades que a\u00fan no cuentan con recintos o almacenes farmac\u00e9uticos para que la ciudadan\u00eda o los turistas puedan acceder de manera oportuna a la adquisici\u00f3n de estos productos. Este fue uno de los motivos que impuls\u00f3 el pensar una estrategia que pudiera resolver esta necesidad instalada hist\u00f3ricamente en nuestra regi\u00f3n\u201d, indic\u00f3 la seremi de Salud de Ays\u00e9n, Carmen Monsalve, valorando la colaboraci\u00f3n con CENABAST y los municipios, quienes ser\u00e1n administradores de los almacenes.<\/p>\n<p style=\"text-align: justify;\">\u201cHoy estamos trabajando esta iniciativa preliminarmente con Caleta Tortel y Puerto Ib\u00e1\u00f1ez. Esperamos iniciar con Villa O\u2019Higgins el primer semestre del 2024 e ir sumando de manera progresiva a todas las localidades, con el objetivo de poder difundir esta estrategia y aportar al acceso oportuno y al ahorro de todas las familias y las personas que visitan nuestra regi\u00f3n\u201d, finaliz\u00f3 la secretaria regional.<\/p>\n<p style=\"text-align: justify;\">Por su parte el alcalde de Caleta Tortel -uno de los municipios que ser\u00e1n pioneros en esta estrategia-, Abel Becerra, destac\u00f3: \u201cestamos muy contentos y pr\u00f3ximos a contar con la infraestructura y con la canasta b\u00e1sica de los medicamentos que van a llegar con la iniciativa del almac\u00e9n farmac\u00e9utico que se va a instalar en el coraz\u00f3n de nuestra Caleta Tortel, en un punto estrat\u00e9gico donde tenemos accesibilidad universal\u201d.<\/p>\n<p style=\"text-align: justify;\"><strong>Una estrategia en la que Ays<\/strong><strong>\u00e9<\/strong><strong>n ser<\/strong><strong>\u00e1<\/strong><strong> pionera<\/strong><\/p>\n<p style=\"text-align: justify;\">\u201cEsta iniciativa nace en Ays\u00e9n y tiene que ver con cerrar una brecha que es hist\u00f3rica en Chile, que es la brecha de acceso a los medicamentos. Hoy tenemos alrededor de 50 comunas en Chile, de las 356, que no tienen ninguna farmacia y esto tiene que ver con la dispersi\u00f3n territorial que tenemos como pa\u00eds, pero tambi\u00e9n con comunas donde las poblaciones son muy peque\u00f1as, pero que requieren acceso a medicamentos m\u00e1s baratos\u201d, se\u00f1al\u00f3 Jaime Espina, director nacional de Cenabast.<\/p>\n<p style=\"text-align: justify;\">\u201cLa estrategia que estamos desarrollando junto con el gobierno regional, la seremi y los municipios de la regi\u00f3n de Ays\u00e9n y tambi\u00e9n otras regiones, es instalar una org\u00e1nica comercial m\u00e1s peque\u00f1a que una farmacia, pero que resuelve el noventa por ciento de las necesidades de una poblaci\u00f3n. Los almacenes farmac\u00e9uticos son una instituci\u00f3n que se instala en los territorios y puede comercializar f\u00e1rmacos que la gente requiere. En el caso de Ays\u00e9n estamos viendo la posibilidad de instalar varios almacenes farmac\u00e9uticos en comunas peque\u00f1as, cuesti\u00f3n que se est\u00e1 replicando tambi\u00e9n en la regi\u00f3n de Arica, donde tambi\u00e9n vemos comunas peque\u00f1as que requieren acceso a medicamentos y que durante muchos a\u00f1os no lo han tenido\u201d, explic\u00f3 el director sobre la implementaci\u00f3n y el car\u00e1cter de esta estrategia.<\/p>\n<p style=\"text-align: justify;\">\u201cEsperamos que este a\u00f1o tengamos las primeras noticias de implementaci\u00f3n. Es un proyecto de gran impacto social que significa acceso a los medicamentos, pero que tambi\u00e9n significa equidad, finalmente. Por eso comenzamos en la regi\u00f3n de Ays\u00e9n, que va a ser pionera en la implementaci\u00f3n de almacenes farmac\u00e9uticos, una soluci\u00f3n para que las personas tengan acceso a remedios m\u00e1s baratos\u201d, finaliz\u00f3 Espina.<\/p>\n<\/div><\/section><\/div><\/p>\n<div  style='height:50px' class='hr hr-invisible   avia-builder-el-6  el_after_av_one_full  el_before_av_social_share '><span class='hr-inner ' ><span class='hr-inner-style'><\/span><\/span><\/div>\n<div  class='av-social-sharing-box  avia-builder-el-7  el_after_av_hr  el_before_av_hr  '><div class='av-share-box'><h5 class='av-share-link-description av-no-toc '>Compartir esta noticia<\/h5><ul class='av-share-box-list noLightbox'><li class='av-share-link av-social-link-facebook' ><a target=\"_blank\" aria-label=\"Compartir en Facebook\" href='https:\/\/www.facebook.com\/sharer.php?u=https:\/\/radiorevelacionfm.cl\/?p=36782&#038;t=Senadora%20%C3%93rdenes%3A%20%E2%80%9CEl%2050%25%20de%20las%20comunas%20de%20la%20regi%C3%B3n%20de%20Ays%C3%A9n%20no%20cuentan%20con%20farmacia%E2%80%9D' aria-hidden='false' data-av_icon='\ue8f3' data-av_iconfont='entypo-fontello' title='' data-avia-related-tooltip='Compartir en Facebook' rel=\"noopener\"><span class='avia_hidden_link_text'>Compartir en Facebook<\/span><\/a><\/li><li class='av-share-link av-social-link-twitter' ><a target=\"_blank\" aria-label=\"Compartir en Twitter\" href='https:\/\/twitter.com\/share?text=Senadora%20%C3%93rdenes%3A%20%E2%80%9CEl%2050%25%20de%20las%20comunas%20de%20la%20regi%C3%B3n%20de%20Ays%C3%A9n%20no%20cuentan%20con%20farmacia%E2%80%9D&#038;url=https:\/\/radiorevelacionfm.cl\/?p=36782' aria-hidden='false' data-av_icon='\ue8f1' data-av_iconfont='entypo-fontello' title='' data-avia-related-tooltip='Compartir en Twitter' rel=\"noopener\"><span class='avia_hidden_link_text'>Compartir en Twitter<\/span><\/a><\/li><li class='av-share-link av-social-link-whatsapp' ><a target=\"_blank\" aria-label=\"Compartir en Whatsapp\" href='https:\/\/api.whatsapp.com\/send?text=https:\/\/radiorevelacionfm.cl\/?p=36782' aria-hidden='false' data-av_icon='\uf232' data-av_iconfont='entypo-fontello' title='' data-avia-related-tooltip='Compartir en Whatsapp' rel=\"noopener\"><span class='avia_hidden_link_text'>Compartir en Whatsapp<\/span><\/a><\/li><li class='av-share-link av-social-link-linkedin' ><a target=\"_blank\" aria-label=\"Compartir en LinkedIn\" href='https:\/\/linkedin.com\/shareArticle?mini=true&#038;title=Senadora%20%C3%93rdenes%3A%20%E2%80%9CEl%2050%25%20de%20las%20comunas%20de%20la%20regi%C3%B3n%20de%20Ays%C3%A9n%20no%20cuentan%20con%20farmacia%E2%80%9D&#038;url=https:\/\/radiorevelacionfm.cl\/?p=36782' aria-hidden='false' data-av_icon='\ue8fc' data-av_iconfont='entypo-fontello' title='' data-avia-related-tooltip='Compartir en LinkedIn' rel=\"noopener\"><span class='avia_hidden_link_text'>Compartir en LinkedIn<\/span><\/a><\/li><li class='av-share-link av-social-link-mail' ><a  aria-label=\"Compartir por correo\" href='mailto:?subject=Senadora%20%C3%93rdenes%3A%20%E2%80%9CEl%2050%25%20de%20las%20comunas%20de%20la%20regi%C3%B3n%20de%20Ays%C3%A9n%20no%20cuentan%20con%20farmacia%E2%80%9D&#038;body=https:\/\/radiorevelacionfm.cl\/?p=36782' aria-hidden='false' data-av_icon='\ue805' data-av_iconfont='entypo-fontello' title='' data-avia-related-tooltip='Compartir por correo'><span class='avia_hidden_link_text'>Compartir por correo<\/span><\/a><\/li><\/ul><\/div><\/div>\n<div  style='height:50px' class='hr hr-invisible   avia-builder-el-8  el_after_av_social_share  el_before_av_comments_list '><span class='hr-inner ' ><span class='hr-inner-style'><\/span><\/span><\/div>\n<div  class='av-buildercomment  av-blog-meta-html-info-disabled av-blog-meta-tag-disabled  '><\/div>\n","protected":false},"excerpt":{"rendered":"","protected":false},"author":1,"featured_media":36783,"comment_status":"open","ping_status":"open","sticky":false,"template":"","format":"standard","meta":{"footnotes":""},"categories":[35],"tags":[],"class_list":["post-36782","post","type-post","status-publish","format-standard","has-post-thumbnail","hentry","category-politica"],"jetpack_featured_media_url":"https:\/\/radiorevelacionfm.cl\/wp-content\/uploads\/2023\/11\/Foto-3-1-1.jpg","_links":{"self":[{"href":"https:\/\/radiorevelacionfm.cl\/index.php?rest_route=\/wp\/v2\/posts\/36782","targetHints":{"allow":["GET"]}}],"collection":[{"href":"https:\/\/radiorevelacionfm.cl\/index.php?rest_route=\/wp\/v2\/posts"}],"about":[{"href":"https:\/\/radiorevelacionfm.cl\/index.php?rest_route=\/wp\/v2\/types\/post"}],"author":[{"embeddable":true,"href":"https:\/\/radiorevelacionfm.cl\/index.php?rest_route=\/wp\/v2\/users\/1"}],"replies":[{"embeddable":true,"href":"https:\/\/radiorevelacionfm.cl\/index.php?rest_route=%2Fwp%2Fv2%2Fcomments&post=36782"}],"version-history":[{"count":2,"href":"https:\/\/radiorevelacionfm.cl\/index.php?rest_route=\/wp\/v2\/posts\/36782\/revisions"}],"predecessor-version":[{"id":36804,"href":"https:\/\/radiorevelacionfm.cl\/index.php?rest_route=\/wp\/v2\/posts\/36782\/revisions\/36804"}],"wp:featuredmedia":[{"embeddable":true,"href":"https:\/\/radiorevelacionfm.cl\/index.php?rest_route=\/wp\/v2\/media\/36783"}],"wp:attachment":[{"href":"https:\/\/radiorevelacionfm.cl\/index.php?rest_route=%2Fwp%2Fv2%2Fmedia&parent=36782"}],"wp:term":[{"taxonomy":"category","embeddable":true,"href":"https:\/\/radiorevelacionfm.cl\/index.php?rest_route=%2Fwp%2Fv2%2Fcategories&post=36782"},{"taxonomy":"post_tag","embeddable":true,"href":"https:\/\/radiorevelacionfm.cl\/index.php?rest_route=%2Fwp%2Fv2%2Ftags&post=36782"}],"curies":[{"name":"wp","href":"https:\/\/api.w.org\/{rel}","templated":true}]}}