{"id":36776,"date":"2023-11-10T10:01:03","date_gmt":"2023-11-10T13:01:03","guid":{"rendered":"https:\/\/radiorevelacionfm.cl\/?p=36776"},"modified":"2023-11-10T10:01:03","modified_gmt":"2023-11-10T13:01:03","slug":"en-puerto-aysen-lanzan-inedito-proyecto-para-certificar-el-oficio-de-operario-y-operaria-de-redes","status":"publish","type":"post","link":"https:\/\/radiorevelacionfm.cl\/?p=36776","title":{"rendered":"En Puerto Ays\u00e9n lanzan in\u00e9dito proyecto para certificar el oficio de operario y operaria de redes"},"content":{"rendered":"<div class=\"flex_column av_one_full  flex_column_div av-zero-column-padding first  avia-builder-el-0  el_before_av_one_full  avia-builder-el-first  \" style='border-radius:0px; '><div  class='avia-image-container  av-styling-    avia-builder-el-1  avia-builder-el-no-sibling  avia-align-center '  itemprop=\"image\" itemscope=\"itemscope\" itemtype=\"https:\/\/schema.org\/ImageObject\"  ><div class='avia-image-container-inner'><div class='avia-image-overlay-wrap'><img decoding=\"async\" class='wp-image-36777 avia-img-lazy-loading-not-36777 avia_image' src=\"https:\/\/radiorevelacionfm.cl\/wp-content\/uploads\/2023\/11\/lanz_rederos_nuevoperfilregional-3-1_optimized-1.jpg\" alt='' title='lanz_rederos_nuevoperfilregional-3-(1)_optimized (1)' height=\"600\" width=\"800\"  itemprop=\"thumbnailUrl\" srcset=\"https:\/\/radiorevelacionfm.cl\/wp-content\/uploads\/2023\/11\/lanz_rederos_nuevoperfilregional-3-1_optimized-1.jpg 800w, https:\/\/radiorevelacionfm.cl\/wp-content\/uploads\/2023\/11\/lanz_rederos_nuevoperfilregional-3-1_optimized-1-300x225.jpg 300w, https:\/\/radiorevelacionfm.cl\/wp-content\/uploads\/2023\/11\/lanz_rederos_nuevoperfilregional-3-1_optimized-1-768x576.jpg 768w, https:\/\/radiorevelacionfm.cl\/wp-content\/uploads\/2023\/11\/lanz_rederos_nuevoperfilregional-3-1_optimized-1-705x529.jpg 705w, https:\/\/radiorevelacionfm.cl\/wp-content\/uploads\/2023\/11\/lanz_rederos_nuevoperfilregional-3-1_optimized-1-450x338.jpg 450w, https:\/\/radiorevelacionfm.cl\/wp-content\/uploads\/2023\/11\/lanz_rederos_nuevoperfilregional-3-1_optimized-1-600x450.jpg 600w\" sizes=\"(max-width: 800px) 100vw, 800px\" \/><\/div><\/div><\/div><\/div><div class=\"flex_column av_one_full  flex_column_div av-zero-column-padding first  avia-builder-el-2  el_after_av_one_full  el_before_av_one_full  column-top-margin\" style='border-radius:0px; '><section class=\"av_textblock_section \"  itemscope=\"itemscope\" itemtype=\"https:\/\/schema.org\/BlogPosting\" itemprop=\"blogPost\" ><div class='avia_textblock  '   itemprop=\"text\" ><p style=\"text-align: center;\"><span style=\"font-size: 18pt;\"><b>En Puerto Ays\u00e9n lanzan in\u00e9dito proyecto para certificar el oficio de operario y operaria de redes<\/b><\/span><\/p>\n<div id=\"gtx-trans\" style=\"position: absolute; left: -50px; top: 4.31534px;\">\n<div class=\"gtx-trans-icon\"><\/div>\n<\/div>\n<\/div><\/section><\/div><div class=\"flex_column av_one_full  flex_column_div av-zero-column-padding first  avia-builder-el-4  el_after_av_one_full  el_before_av_hr  column-top-margin\" style='border-radius:0px; '><section class=\"av_textblock_section \"  itemscope=\"itemscope\" itemtype=\"https:\/\/schema.org\/BlogPosting\" itemprop=\"blogPost\" ><div class='avia_textblock  '   itemprop=\"text\" ><p style=\"text-align: justify;\"><i>Se trata de un perfil de competencias laborales de ChileValora que nace desde la Regi\u00f3n de Ays\u00e9n para proyectarse al resto de Chile, valorando el oficio de reparador\/a de redes de los prestadores de servicios de la industria acu\u00edcola y de pesca.<\/i><\/p>\n<p style=\"text-align: justify;\">Un sentimiento de orgullo y de felicidad ante el cumplimiento de un gran anhelo fue lo que manifestaron las trabajadoras y trabajadores, y empresas de operarios de redes en el lanzamiento del in\u00e9dito proyecto que al contar con Centro Evaluador, permite evaluar el perfil para certificar la competencia laboral de operario\/a rederos, por parte del Ministerio de Trabajo y Previsi\u00f3n Social, a trav\u00e9s de ChileValora, el cual se realiz\u00f3 en la empresa de reparaci\u00f3n y limpieza de redes utilizadas en la industria acu\u00edcola y pesquera, RDA S.A. de Puerto Ays\u00e9n.<\/p>\n<p style=\"text-align: justify;\">Este proyecto busca valorar el oficio de operador\/a de redes y certificar a las y los trabajadores que lo realizan, luego de un proceso de evaluaci\u00f3n y certificaci\u00f3n que acredita su experiencia en la reparaci\u00f3n de redes, proyecto que es importante destacar, nace desde la Regi\u00f3n de Ays\u00e9n donde se evaluar\u00e1n y certificar\u00e1n a los primeros Operarios\/as Rederos\/as reconocidos por ChileValora, cuya iniciativa podr\u00e1 proyectarse al resto del pa\u00eds.<\/p>\n<p class=\"v1MsoNormal\" style=\"text-align: justify;\">El lanzamiento se realiz\u00f3 junto a trabajadores\/as, empresas del sector y autoridades, afirmando el delegado presidencial provincial de Ays\u00e9n, Jorge D\u00edaz Guzm\u00e1n, \u00abLa importancia que tiene esta pol\u00edtica p\u00fablica es que permite que personas que se est\u00e1n desarrollando en una industria relativamente nueva, puedan estar certificados, de tal manera de poder participar en el mercado del trabajo con mayores expectativas, desde el punto de vista personal\u00bb.<\/p>\n<p class=\"v1MsoNormal\" style=\"text-align: justify;\">Este proyecto del Ministerio de Trabajo y Previsi\u00f3n Social, es ejecutado por ChileValora y se realizar\u00e1 a trav\u00e9s del centro evaluador Asesor\u00edas Xitla Ltda., con financiamiento del Servicio Nacional de Capacitaci\u00f3n y Empleo, Sence, cuya base es el di\u00e1logo tripartito, Estado-Empleadores-Trabajadores, valorando la experiencia de los operarios y operarias rederos.<\/p>\n<p class=\"v1MsoNormal\" style=\"text-align: justify;\">As\u00ed lo destac\u00f3 el Seremi de Trabajo y Previsi\u00f3n Social, Rodrigo D\u00edaz Cordaro, \u00abEste lanzamiento es el primer paso, ya concreto de este in\u00e9dito perfil de competencia laboral. Como Gobierno de Chile apenas asumimos, logramos traer ac\u00e1 a la regi\u00f3n al coordinador regional de ChileValora, instituci\u00f3n que antes no estaba en la regi\u00f3n de Ays\u00e9n y eso nos permiti\u00f3 acelerar este programa y ahora estar dando el primer punto, el lanzamiento de esta certificaci\u00f3n a 123 operarios rederos, hombres y mujeres de las comunas de Ays\u00e9n y de Cisnes, donde ellos, despu\u00e9s de esta pr\u00f3xima evaluaci\u00f3n, van a poder demostrar con un certificado que desarrollan bien su oficio y certificados por ChileValora, donde casi el 50% son mujeres. Aqu\u00ed Chile te valora y eso es importante, porque ahora ChileValora tiene convenio con Inacap y con distintas instituciones y eso le da realce, le da dignidad a los trabajadores y trabajadoras de esta provincia\u00bb.<\/p>\n<p style=\"text-align: justify;\">\u00abQue el Sence pueda ser parte, junto con ChileValora, junto con los trabajadores y el sector privado, de poder certificar una labor que tiene a\u00f1os de historia, es relevante tanto para la empleabilidad, para los privados que van a tener personas que van a saber que tienen las competencias para realizar este trabajo y para los propios trabajadores que se les valora su funci\u00f3n y labor\u00bb, mencion\u00f3 por su parte el Director regional de Sence, Nelson Garrido.<\/p>\n<p class=\"v1MsoNormal\" style=\"text-align: justify;\">Este proyecto nace de una alianza p\u00fablico-privada, cuyo origen fue la idea de AquaChile y de sus empresas prestadoras de servicios de limpieza y reparaci\u00f3n de redes, de certificar a sus trabajadores y trabajadoras. Ximena Sol\u00eds, de relaciones comunitarias Ays\u00e9n coment\u00f3, \u00abEstamos realmente contentos, satisfechos, orgullosos del trabajo que se levant\u00f3 de manera conjunta con el \u00e1rea p\u00fablica. Esto es resultado de una alianza p\u00fablico \u2013 privada y con ello damos muestra real que se puede hacer, es un trabajo de larga data, donde este oficio es reconocido, las competencias laborales de quienes han desarrollado este trabajo por tantos a\u00f1os ser\u00e1n certificados y eso hace que se valore, que se reconozca el trabajo que ellos realizan, quienes al mismo tiempo llegar\u00e1n a trabajar con otra disposici\u00f3n y adem\u00e1s van a poder obtener capacitaciones para poder ir mejorando el trabajo que est\u00e1n realizando. Son una parte importante dentro de la cadena del sector productivo y es muy relevante tener, trabajadoras y trabajadores contentos, certificados, que est\u00e1n desarrollando su trabajo\u00bb.<\/p>\n<p style=\"text-align: justify;\">Yenny B\u00f3rquez, gerenta general de RDA S.A. Redes de Ays\u00e9n, coment\u00f3 sobre la importancia de incentivar que sus trabajadores\/as se certifiquen, \u00abPara nosotros como empresa es s\u00faper importante relevar, valorar el trabajo que hacen nuestros chiquillos y chiquillas en la reparaci\u00f3n de redes, para la industria es fundamental el trabajo que ellos realizan. Hay gente que lleva muchos a\u00f1os realizando este oficio y ahora nos encontramos con esta maravilla de poder certificarlos, para que ellos tengan su t\u00edtulo de rederos, y donde puedan llegar a trabajar, tener esa calidad de trabajadores certificados\u00bb, dijo, adem\u00e1s de recalcar que esta labor tiene una mirada con foco en el medioambiente, al reutilizar materiales y reparar redes.<\/p>\n<p style=\"text-align: justify;\">Con 14 a\u00f1os trabajando en el oficio de redes, Niselda Acu\u00f1a Lara estaba muy emocionada y contenta de este proyecto y que se valore su experiencia, \u00abA lo largo del tiempo me fui perfeccionando en este trabajo y encuentro un logro muy grande que ustedes nos hayan tomado en cuenta y valoren el trabajo que hacemos como mujeres trabajadoras, porque este trabajo es muy sacrificado y esforzado, hay que hacer fuerza y trabajamos a la par con nuestros compa\u00f1eros, que son los varones. Encuentro un logro grande que ustedes nos certifiquen, que nosotros tengamos un certificado, algo con que evaluarnos y decir que \u00b4ac\u00e1 tenemos esto que logramos por tantos a\u00f1os de trabajo\u00b4. Hay que tener harto coraje para estar hartos a\u00f1os ac\u00e1\u00bb.<\/p>\n<p style=\"text-align: justify;\">Durante la actividad, las y los trabajadores mostraron c\u00f3mo realizan su oficio, el cual realizan con gran esmero y cari\u00f1o, explicando las herramientas que utilizan, los procedimientos y tipos de redes. Ximena C\u00e1rcamo quien desarrolla esta labor desde el 2008, coment\u00f3, \u00abEs un trabajo que muy poco se conoce y que nos certifiquen, valoren el esfuerzo de a\u00f1os que llevamos trabajando ac\u00e1, donde se necesita mucha paciencia, es bonito lo que est\u00e1n haciendo relacionado al trabajo de redes. El oficio a m\u00ed en lo personal me gusta, es bonito, tenemos un paisaje hermoso que nos rodea, estoy orgullosa de todos los a\u00f1os que llevo trabajando. Es importante que nos valoren, que tengamos una certificaci\u00f3n, para m\u00ed, para mis compa\u00f1eros. Ojal\u00e1 que nos vaya a todos bien cuando nos eval\u00faen, que salga todo bien para nosotros como trabajadores y tambi\u00e9n para la empresa, que es una empresa familiar\u00bb.<\/p>\n<p style=\"text-align: justify;\">Entre los presentes en el hito de lanzamiento estuvieron algunos de las y los trabajadores que buscar\u00e1n certificarse, el Delegado Presidencial provincial de Ays\u00e9n, Jorge D\u00edaz Guzm\u00e1n, Seremi de Trabajo y Previsi\u00f3n Social, Rodrigo Diaz Cordaro, Director de seguridad p\u00fablica y representante del Alcalde de la I. Municipalidad de Ays\u00e9n, Marco Co\u00f1uecar; director regional de\u00a0<a href=\"https:\/\/www.facebook.com\/sence.gob.cl?__cft__%5b0%5d=AZUmvS4BO6I7tIhYpykn0WTClPzpl3rtZpsCqVVFtXcwtDjCJ7GlXOr3ijoAZwazLWQstKJz1UoozYvHbBgOx_qTloLvFq1mDk326WCkmDc8JAcWepooG0HvDJ5C-XUcKGqJ0cCxfZ73IF6QYTXLkGsW5JF_q8INeTLn_n0qem86-5sy1UO2SAPzWzxJ5TTX-0I&amp;__tn__=-%5dK-R\" target=\"_blank\" rel=\"noopener noreferrer\">Sence<\/a>, Nelson Garrido; Juan Luis Amen\u00e1bar del\u00a0<a href=\"https:\/\/www.facebook.com\/consejodelsalmon?__cft__%5b0%5d=AZUmvS4BO6I7tIhYpykn0WTClPzpl3rtZpsCqVVFtXcwtDjCJ7GlXOr3ijoAZwazLWQstKJz1UoozYvHbBgOx_qTloLvFq1mDk326WCkmDc8JAcWepooG0HvDJ5C-XUcKGqJ0cCxfZ73IF6QYTXLkGsW5JF_q8INeTLn_n0qem86-5sy1UO2SAPzWzxJ5TTX-0I&amp;__tn__=-%5dK-R\" target=\"_blank\" rel=\"noopener noreferrer\">Consejo del Salm\u00f3n<\/a>, Maribel Mancilla de\u00a0<a href=\"https:\/\/www.facebook.com\/SalmonChileAG?__cft__%5b0%5d=AZUmvS4BO6I7tIhYpykn0WTClPzpl3rtZpsCqVVFtXcwtDjCJ7GlXOr3ijoAZwazLWQstKJz1UoozYvHbBgOx_qTloLvFq1mDk326WCkmDc8JAcWepooG0HvDJ5C-XUcKGqJ0cCxfZ73IF6QYTXLkGsW5JF_q8INeTLn_n0qem86-5sy1UO2SAPzWzxJ5TTX-0I&amp;__tn__=-%5dK-R\" target=\"_blank\" rel=\"noopener noreferrer\">SalmonChile<\/a>\u00a0y Ximena Sol\u00eds de AquaChile. Son cuatro las empresas cuyos trabajadores y trabajadoras se evaluar\u00e1n para certificarse, participando los hermanos due\u00f1os de RDA S.A., adem\u00e1s de representantes de las empresas Badinotti y R\u00edo \u00c1lvarez.<\/p>\n<p style=\"text-align: justify;\">En la ocasi\u00f3n adem\u00e1s se present\u00f3 al primer evaluador regional del perfil de operario de redes, Andr\u00e9s Ulloa y al nuevo coordinador regional de ChileValora, Rodrigo Moreno, participando tambi\u00e9n la ex coordinadora Valeska Valenzuela, quien fue la impulsora de este proyecto durante su a\u00f1o de comisi\u00f3n de servicio en ChileValora desde Sence.<\/p>\n<\/div><\/section><\/div><div  style='height:50px' class='hr hr-invisible   avia-builder-el-6  el_after_av_one_full  el_before_av_social_share '><span class='hr-inner ' ><span class='hr-inner-style'><\/span><\/span><\/div><\/p>\n<div  class='av-social-sharing-box  avia-builder-el-7  el_after_av_hr  el_before_av_hr  '><div class='av-share-box'><h5 class='av-share-link-description av-no-toc '>Compartir esta noticia<\/h5><ul class='av-share-box-list noLightbox'><li class='av-share-link av-social-link-facebook' ><a target=\"_blank\" aria-label=\"Compartir en Facebook\" href='https:\/\/www.facebook.com\/sharer.php?u=https:\/\/radiorevelacionfm.cl\/?p=36776&#038;t=En%20Puerto%20Ays%C3%A9n%20lanzan%20in%C3%A9dito%20proyecto%20para%20certificar%20el%20oficio%20de%20operario%20y%20operaria%20de%20redes' aria-hidden='false' data-av_icon='\ue8f3' data-av_iconfont='entypo-fontello' title='' data-avia-related-tooltip='Compartir en Facebook' rel=\"noopener\"><span class='avia_hidden_link_text'>Compartir en Facebook<\/span><\/a><\/li><li class='av-share-link av-social-link-twitter' ><a target=\"_blank\" aria-label=\"Compartir en Twitter\" href='https:\/\/twitter.com\/share?text=En%20Puerto%20Ays%C3%A9n%20lanzan%20in%C3%A9dito%20proyecto%20para%20certificar%20el%20oficio%20de%20operario%20y%20operaria%20de%20redes&#038;url=https:\/\/radiorevelacionfm.cl\/?p=36776' aria-hidden='false' data-av_icon='\ue8f1' data-av_iconfont='entypo-fontello' title='' data-avia-related-tooltip='Compartir en Twitter' rel=\"noopener\"><span class='avia_hidden_link_text'>Compartir en Twitter<\/span><\/a><\/li><li class='av-share-link av-social-link-whatsapp' ><a target=\"_blank\" aria-label=\"Compartir en Whatsapp\" href='https:\/\/api.whatsapp.com\/send?text=https:\/\/radiorevelacionfm.cl\/?p=36776' aria-hidden='false' data-av_icon='\uf232' data-av_iconfont='entypo-fontello' title='' data-avia-related-tooltip='Compartir en Whatsapp' rel=\"noopener\"><span class='avia_hidden_link_text'>Compartir en Whatsapp<\/span><\/a><\/li><li class='av-share-link av-social-link-linkedin' ><a target=\"_blank\" aria-label=\"Compartir en LinkedIn\" href='https:\/\/linkedin.com\/shareArticle?mini=true&#038;title=En%20Puerto%20Ays%C3%A9n%20lanzan%20in%C3%A9dito%20proyecto%20para%20certificar%20el%20oficio%20de%20operario%20y%20operaria%20de%20redes&#038;url=https:\/\/radiorevelacionfm.cl\/?p=36776' aria-hidden='false' data-av_icon='\ue8fc' data-av_iconfont='entypo-fontello' title='' data-avia-related-tooltip='Compartir en LinkedIn' rel=\"noopener\"><span class='avia_hidden_link_text'>Compartir en LinkedIn<\/span><\/a><\/li><li class='av-share-link av-social-link-mail' ><a  aria-label=\"Compartir por correo\" href='mailto:?subject=En%20Puerto%20Ays%C3%A9n%20lanzan%20in%C3%A9dito%20proyecto%20para%20certificar%20el%20oficio%20de%20operario%20y%20operaria%20de%20redes&#038;body=https:\/\/radiorevelacionfm.cl\/?p=36776' aria-hidden='false' data-av_icon='\ue805' data-av_iconfont='entypo-fontello' title='' data-avia-related-tooltip='Compartir por correo'><span class='avia_hidden_link_text'>Compartir por correo<\/span><\/a><\/li><\/ul><\/div><\/div>\n<div  style='height:50px' class='hr hr-invisible   avia-builder-el-8  el_after_av_social_share  el_before_av_comments_list '><span class='hr-inner ' ><span class='hr-inner-style'><\/span><\/span><\/div>\n<div  class='av-buildercomment  av-blog-meta-html-info-disabled av-blog-meta-tag-disabled  '><\/div>\n","protected":false},"excerpt":{"rendered":"","protected":false},"author":1,"featured_media":36777,"comment_status":"open","ping_status":"open","sticky":false,"template":"","format":"standard","meta":{"footnotes":""},"categories":[56],"tags":[],"class_list":["post-36776","post","type-post","status-publish","format-standard","has-post-thumbnail","hentry","category-trabajo"],"jetpack_featured_media_url":"https:\/\/radiorevelacionfm.cl\/wp-content\/uploads\/2023\/11\/lanz_rederos_nuevoperfilregional-3-1_optimized-1.jpg","_links":{"self":[{"href":"https:\/\/radiorevelacionfm.cl\/index.php?rest_route=\/wp\/v2\/posts\/36776","targetHints":{"allow":["GET"]}}],"collection":[{"href":"https:\/\/radiorevelacionfm.cl\/index.php?rest_route=\/wp\/v2\/posts"}],"about":[{"href":"https:\/\/radiorevelacionfm.cl\/index.php?rest_route=\/wp\/v2\/types\/post"}],"author":[{"embeddable":true,"href":"https:\/\/radiorevelacionfm.cl\/index.php?rest_route=\/wp\/v2\/users\/1"}],"replies":[{"embeddable":true,"href":"https:\/\/radiorevelacionfm.cl\/index.php?rest_route=%2Fwp%2Fv2%2Fcomments&post=36776"}],"version-history":[{"count":1,"href":"https:\/\/radiorevelacionfm.cl\/index.php?rest_route=\/wp\/v2\/posts\/36776\/revisions"}],"predecessor-version":[{"id":36778,"href":"https:\/\/radiorevelacionfm.cl\/index.php?rest_route=\/wp\/v2\/posts\/36776\/revisions\/36778"}],"wp:featuredmedia":[{"embeddable":true,"href":"https:\/\/radiorevelacionfm.cl\/index.php?rest_route=\/wp\/v2\/media\/36777"}],"wp:attachment":[{"href":"https:\/\/radiorevelacionfm.cl\/index.php?rest_route=%2Fwp%2Fv2%2Fmedia&parent=36776"}],"wp:term":[{"taxonomy":"category","embeddable":true,"href":"https:\/\/radiorevelacionfm.cl\/index.php?rest_route=%2Fwp%2Fv2%2Fcategories&post=36776"},{"taxonomy":"post_tag","embeddable":true,"href":"https:\/\/radiorevelacionfm.cl\/index.php?rest_route=%2Fwp%2Fv2%2Ftags&post=36776"}],"curies":[{"name":"wp","href":"https:\/\/api.w.org\/{rel}","templated":true}]}}