{"id":36773,"date":"2023-11-09T17:15:50","date_gmt":"2023-11-09T20:15:50","guid":{"rendered":"https:\/\/radiorevelacionfm.cl\/?p=36773"},"modified":"2023-11-09T17:15:50","modified_gmt":"2023-11-09T20:15:50","slug":"puerto-cisnes-un-centenar-de-atenciones-de-otorrinolaringologia-se-realizaron-en-la-tercera-semana-de-la-ronda-de-especialidades","status":"publish","type":"post","link":"https:\/\/radiorevelacionfm.cl\/?p=36773","title":{"rendered":"Puerto Cisnes: Un centenar de atenciones de otorrinolaringolog\u00eda se realizaron en la tercera semana de la Ronda de Especialidades"},"content":{"rendered":"<div class=\"flex_column av_one_full  flex_column_div av-zero-column-padding first  avia-builder-el-0  el_before_av_one_full  avia-builder-el-first  \" style='border-radius:0px; '><div  class='avia-image-container  av-styling-    avia-builder-el-1  avia-builder-el-no-sibling  avia-align-center '  itemprop=\"image\" itemscope=\"itemscope\" itemtype=\"https:\/\/schema.org\/ImageObject\"  ><div class='avia-image-container-inner'><div class='avia-image-overlay-wrap'><img decoding=\"async\" class='wp-image-36774 avia-img-lazy-loading-not-36774 avia_image' src=\"https:\/\/radiorevelacionfm.cl\/wp-content\/uploads\/2023\/11\/Operativo-Cisnes-2023-11-08-1-1.jpeg\" alt='' title='Operativo Cisnes 2023-11-08 (1) (1)' height=\"600\" width=\"800\"  itemprop=\"thumbnailUrl\" srcset=\"https:\/\/radiorevelacionfm.cl\/wp-content\/uploads\/2023\/11\/Operativo-Cisnes-2023-11-08-1-1.jpeg 800w, https:\/\/radiorevelacionfm.cl\/wp-content\/uploads\/2023\/11\/Operativo-Cisnes-2023-11-08-1-1-300x225.jpeg 300w, https:\/\/radiorevelacionfm.cl\/wp-content\/uploads\/2023\/11\/Operativo-Cisnes-2023-11-08-1-1-768x576.jpeg 768w, https:\/\/radiorevelacionfm.cl\/wp-content\/uploads\/2023\/11\/Operativo-Cisnes-2023-11-08-1-1-705x529.jpeg 705w, https:\/\/radiorevelacionfm.cl\/wp-content\/uploads\/2023\/11\/Operativo-Cisnes-2023-11-08-1-1-450x338.jpeg 450w, https:\/\/radiorevelacionfm.cl\/wp-content\/uploads\/2023\/11\/Operativo-Cisnes-2023-11-08-1-1-600x450.jpeg 600w\" sizes=\"(max-width: 800px) 100vw, 800px\" \/><\/div><\/div><\/div><\/div><div class=\"flex_column av_one_full  flex_column_div av-zero-column-padding first  avia-builder-el-2  el_after_av_one_full  el_before_av_one_full  column-top-margin\" style='border-radius:0px; '><section class=\"av_textblock_section \"  itemscope=\"itemscope\" itemtype=\"https:\/\/schema.org\/BlogPosting\" itemprop=\"blogPost\" ><div class='avia_textblock  '   itemprop=\"text\" ><p style=\"text-align: center;\"><strong><span style=\"font-size: 18pt;\">Puerto Cisnes: Un centenar de atenciones de otorrinolaringolog\u00eda se realizaron en la tercera semana de la Ronda de Especialidades <\/span><\/strong><\/p>\n<div id=\"gtx-trans\" style=\"position: absolute; left: -50px; top: 4.31534px;\">\n<div class=\"gtx-trans-icon\"><\/div>\n<\/div>\n<\/div><\/section><\/div><div class=\"flex_column av_one_full  flex_column_div av-zero-column-padding first  avia-builder-el-4  el_after_av_one_full  el_before_av_hr  column-top-margin\" style='border-radius:0px; '><section class=\"av_textblock_section \"  itemscope=\"itemscope\" itemtype=\"https:\/\/schema.org\/BlogPosting\" itemprop=\"blogPost\" ><div class='avia_textblock  '   itemprop=\"text\" ><p style=\"font-weight: 400; text-align: justify;\">Cumpliendo al pie de la letra el cronograma programado por los equipos del Servicio de Salud Ays\u00e9n, contin\u00faa en desarrollo de la Ronda de Especialidades en el Hospital Jorge Ibar de Puerto Cisnes, iniciativa inaugurada con un operativo durante la \u00faltima semana de octubre.<\/p>\n<p style=\"font-weight: 400; text-align: justify;\">Durante los \u00faltimos d\u00edas las personas de La Junta, Puyuhuapi, Lago Verde y Puerto Cisnes, que se encontraban en lista de espera, fueron atendidas por Otorrinolaring\u00f3loga y Tecn\u00f3logo M\u00e9dico en el establecimiento porte\u00f1o.<\/p>\n<p style=\"font-weight: 400; text-align: justify;\">\u201cLa idea es llegar m\u00e1s cerca de la poblaci\u00f3n que necesita atenci\u00f3n m\u00e9dica, ya sea de especialista o general. Estamos iniciando estas actividades, la idea es que se repitan y que peri\u00f3dicamente estemos viniendo\u201d, explic\u00f3 la Dra. Mar\u00eda Jos\u00e9 Roa, m\u00e9dica especialista en Otorrinolaringolog\u00eda del Hospital de Puerto Ays\u00e9n.<\/p>\n<p style=\"font-weight: 400; text-align: justify;\">En total se realizaron 122 atenciones entre consultas, controles, procedimientos y ex\u00e1menes como audiometr\u00eda o impedanciometr\u00eda.<\/p>\n<p style=\"font-weight: 400; text-align: justify;\">\u201cLas y los pacientes se manifestaron contentos y agradecidos de poder acceder a esta anhelada atenci\u00f3n por especialista que en algunos casos llevaban esperando alg\u00fan tiempo. Sin lugar a dudas esto genera un impacto en las comunidades al acercar las prestaciones, sobre todo a las m\u00e1s apartadas de los centros de mayor complejidad\u201d, agreg\u00f3 la Directora (s) del CESFAM La Junta, Lorena Fern\u00e1ndez.<\/p>\n<p style=\"font-weight: 400; text-align: justify;\">El objetivo de la Ronda de Especialidades del Servicio de Salud Ays\u00e9n busca justamente acercar las especialidades a los lugares donde viven las y los usuarios que actualmente se encuentran en las listas de espera, impactando positivamente en la calidad de vida de las personas.<\/p>\n<p style=\"font-weight: 400; text-align: justify;\">Actualmente los equipos de la Subdirecci\u00f3n de Gesti\u00f3n Asistencial se encuentran organizando el operativo que dar\u00e1 inicio a esta ronda en el Hospital Doctor Leopoldo Ortega Rodr\u00edguez de Chile Chico.<\/p>\n<\/div><\/section><\/div><div  style='height:50px' class='hr hr-invisible   avia-builder-el-6  el_after_av_one_full  el_before_av_social_share '><span class='hr-inner ' ><span class='hr-inner-style'><\/span><\/span><\/div><\/p>\n<div  class='av-social-sharing-box  avia-builder-el-7  el_after_av_hr  el_before_av_hr  '><div class='av-share-box'><h5 class='av-share-link-description av-no-toc '>Compartir esta noticia<\/h5><ul class='av-share-box-list noLightbox'><li class='av-share-link av-social-link-facebook' ><a target=\"_blank\" aria-label=\"Compartir en Facebook\" href='https:\/\/www.facebook.com\/sharer.php?u=https:\/\/radiorevelacionfm.cl\/?p=36773&#038;t=Puerto%20Cisnes%3A%20Un%20centenar%20de%20atenciones%20de%20otorrinolaringolog%C3%ADa%20se%20realizaron%20en%20la%20tercera%20semana%20de%20la%20Ronda%20de%20Especialidades' aria-hidden='false' data-av_icon='\ue8f3' data-av_iconfont='entypo-fontello' title='' data-avia-related-tooltip='Compartir en Facebook' rel=\"noopener\"><span class='avia_hidden_link_text'>Compartir en Facebook<\/span><\/a><\/li><li class='av-share-link av-social-link-twitter' ><a target=\"_blank\" aria-label=\"Compartir en Twitter\" href='https:\/\/twitter.com\/share?text=Puerto%20Cisnes%3A%20Un%20centenar%20de%20atenciones%20de%20otorrinolaringolog%C3%ADa%20se%20realizaron%20en%20la%20tercera%20semana%20de%20la%20Ronda%20de%20Especialidades&#038;url=https:\/\/radiorevelacionfm.cl\/?p=36773' aria-hidden='false' data-av_icon='\ue8f1' data-av_iconfont='entypo-fontello' title='' data-avia-related-tooltip='Compartir en Twitter' rel=\"noopener\"><span class='avia_hidden_link_text'>Compartir en Twitter<\/span><\/a><\/li><li class='av-share-link av-social-link-whatsapp' ><a target=\"_blank\" aria-label=\"Compartir en Whatsapp\" href='https:\/\/api.whatsapp.com\/send?text=https:\/\/radiorevelacionfm.cl\/?p=36773' aria-hidden='false' data-av_icon='\uf232' data-av_iconfont='entypo-fontello' title='' data-avia-related-tooltip='Compartir en Whatsapp' rel=\"noopener\"><span class='avia_hidden_link_text'>Compartir en Whatsapp<\/span><\/a><\/li><li class='av-share-link av-social-link-linkedin' ><a target=\"_blank\" aria-label=\"Compartir en LinkedIn\" href='https:\/\/linkedin.com\/shareArticle?mini=true&#038;title=Puerto%20Cisnes%3A%20Un%20centenar%20de%20atenciones%20de%20otorrinolaringolog%C3%ADa%20se%20realizaron%20en%20la%20tercera%20semana%20de%20la%20Ronda%20de%20Especialidades&#038;url=https:\/\/radiorevelacionfm.cl\/?p=36773' aria-hidden='false' data-av_icon='\ue8fc' data-av_iconfont='entypo-fontello' title='' data-avia-related-tooltip='Compartir en LinkedIn' rel=\"noopener\"><span class='avia_hidden_link_text'>Compartir en LinkedIn<\/span><\/a><\/li><li class='av-share-link av-social-link-mail' ><a  aria-label=\"Compartir por correo\" href='mailto:?subject=Puerto%20Cisnes%3A%20Un%20centenar%20de%20atenciones%20de%20otorrinolaringolog%C3%ADa%20se%20realizaron%20en%20la%20tercera%20semana%20de%20la%20Ronda%20de%20Especialidades&#038;body=https:\/\/radiorevelacionfm.cl\/?p=36773' aria-hidden='false' data-av_icon='\ue805' data-av_iconfont='entypo-fontello' title='' data-avia-related-tooltip='Compartir por correo'><span class='avia_hidden_link_text'>Compartir por correo<\/span><\/a><\/li><\/ul><\/div><\/div>\n<div  style='height:50px' class='hr hr-invisible   avia-builder-el-8  el_after_av_social_share  el_before_av_comments_list '><span class='hr-inner ' ><span class='hr-inner-style'><\/span><\/span><\/div>\n<div  class='av-buildercomment  av-blog-meta-html-info-disabled av-blog-meta-tag-disabled  '><\/div>\n","protected":false},"excerpt":{"rendered":"","protected":false},"author":1,"featured_media":36774,"comment_status":"open","ping_status":"open","sticky":false,"template":"","format":"standard","meta":{"footnotes":""},"categories":[46],"tags":[],"class_list":["post-36773","post","type-post","status-publish","format-standard","has-post-thumbnail","hentry","category-salud"],"jetpack_featured_media_url":"https:\/\/radiorevelacionfm.cl\/wp-content\/uploads\/2023\/11\/Operativo-Cisnes-2023-11-08-1-1.jpeg","_links":{"self":[{"href":"https:\/\/radiorevelacionfm.cl\/index.php?rest_route=\/wp\/v2\/posts\/36773","targetHints":{"allow":["GET"]}}],"collection":[{"href":"https:\/\/radiorevelacionfm.cl\/index.php?rest_route=\/wp\/v2\/posts"}],"about":[{"href":"https:\/\/radiorevelacionfm.cl\/index.php?rest_route=\/wp\/v2\/types\/post"}],"author":[{"embeddable":true,"href":"https:\/\/radiorevelacionfm.cl\/index.php?rest_route=\/wp\/v2\/users\/1"}],"replies":[{"embeddable":true,"href":"https:\/\/radiorevelacionfm.cl\/index.php?rest_route=%2Fwp%2Fv2%2Fcomments&post=36773"}],"version-history":[{"count":1,"href":"https:\/\/radiorevelacionfm.cl\/index.php?rest_route=\/wp\/v2\/posts\/36773\/revisions"}],"predecessor-version":[{"id":36775,"href":"https:\/\/radiorevelacionfm.cl\/index.php?rest_route=\/wp\/v2\/posts\/36773\/revisions\/36775"}],"wp:featuredmedia":[{"embeddable":true,"href":"https:\/\/radiorevelacionfm.cl\/index.php?rest_route=\/wp\/v2\/media\/36774"}],"wp:attachment":[{"href":"https:\/\/radiorevelacionfm.cl\/index.php?rest_route=%2Fwp%2Fv2%2Fmedia&parent=36773"}],"wp:term":[{"taxonomy":"category","embeddable":true,"href":"https:\/\/radiorevelacionfm.cl\/index.php?rest_route=%2Fwp%2Fv2%2Fcategories&post=36773"},{"taxonomy":"post_tag","embeddable":true,"href":"https:\/\/radiorevelacionfm.cl\/index.php?rest_route=%2Fwp%2Fv2%2Ftags&post=36773"}],"curies":[{"name":"wp","href":"https:\/\/api.w.org\/{rel}","templated":true}]}}