{"id":36768,"date":"2023-11-09T16:08:55","date_gmt":"2023-11-09T19:08:55","guid":{"rendered":"https:\/\/radiorevelacionfm.cl\/?p=36768"},"modified":"2023-11-09T16:08:55","modified_gmt":"2023-11-09T19:08:55","slug":"en-valle-simpson-madres-cuidadoras-de-teleton-visitaron-huerto-agroecologico-para-aprender-tecnicas-de-cultivo","status":"publish","type":"post","link":"https:\/\/radiorevelacionfm.cl\/?p=36768","title":{"rendered":"En Valle Simpson: Madres cuidadoras de Telet\u00f3n visitaron huerto agroecol\u00f3gico para aprender t\u00e9cnicas de cultivo"},"content":{"rendered":"<div class=\"flex_column av_one_full  flex_column_div av-zero-column-padding first  avia-builder-el-0  el_before_av_one_full  avia-builder-el-first  \" style='border-radius:0px; '><div  class='avia-image-container  av-styling-    avia-builder-el-1  avia-builder-el-no-sibling  avia-align-center '  itemprop=\"image\" itemscope=\"itemscope\" itemtype=\"https:\/\/schema.org\/ImageObject\"  ><div class='avia-image-container-inner'><div class='avia-image-overlay-wrap'><img decoding=\"async\" class='wp-image-36771 avia-img-lazy-loading-not-36771 avia_image' src=\"https:\/\/radiorevelacionfm.cl\/wp-content\/uploads\/2023\/11\/1-92-1_optimized-1.jpg\" alt='' title='1-(92)-(1)_optimized (1)' height=\"600\" width=\"1066\"  itemprop=\"thumbnailUrl\" srcset=\"https:\/\/radiorevelacionfm.cl\/wp-content\/uploads\/2023\/11\/1-92-1_optimized-1.jpg 1066w, https:\/\/radiorevelacionfm.cl\/wp-content\/uploads\/2023\/11\/1-92-1_optimized-1-300x169.jpg 300w, https:\/\/radiorevelacionfm.cl\/wp-content\/uploads\/2023\/11\/1-92-1_optimized-1-1030x580.jpg 1030w, https:\/\/radiorevelacionfm.cl\/wp-content\/uploads\/2023\/11\/1-92-1_optimized-1-768x432.jpg 768w, https:\/\/radiorevelacionfm.cl\/wp-content\/uploads\/2023\/11\/1-92-1_optimized-1-705x397.jpg 705w, https:\/\/radiorevelacionfm.cl\/wp-content\/uploads\/2023\/11\/1-92-1_optimized-1-450x253.jpg 450w, https:\/\/radiorevelacionfm.cl\/wp-content\/uploads\/2023\/11\/1-92-1_optimized-1-600x338.jpg 600w\" sizes=\"(max-width: 1066px) 100vw, 1066px\" \/><\/div><\/div><\/div><\/div><div class=\"flex_column av_one_full  flex_column_div av-zero-column-padding first  avia-builder-el-2  el_after_av_one_full  el_before_av_one_full  column-top-margin\" style='border-radius:0px; '><section class=\"av_textblock_section \"  itemscope=\"itemscope\" itemtype=\"https:\/\/schema.org\/BlogPosting\" itemprop=\"blogPost\" ><div class='avia_textblock  '   itemprop=\"text\" ><p style=\"text-align: center;\"><span style=\"font-size: 18pt;\"><strong>En Valle Simpson:<\/strong> <strong>Madres cuidadoras de Telet\u00f3n visitaron huerto agroecol\u00f3gico para aprender t\u00e9cnicas de cultivo<\/strong><\/span><\/p>\n<div id=\"gtx-trans\" style=\"position: absolute; left: -50px; top: 4.31534px;\">\n<div class=\"gtx-trans-icon\"><\/div>\n<\/div>\n<\/div><\/section><\/div><div class=\"flex_column av_one_full  flex_column_div av-zero-column-padding first  avia-builder-el-4  el_after_av_one_full  el_before_av_hr  column-top-margin\" style='border-radius:0px; '><section class=\"av_textblock_section \"  itemscope=\"itemscope\" itemtype=\"https:\/\/schema.org\/BlogPosting\" itemprop=\"blogPost\" ><div class='avia_textblock  '   itemprop=\"text\" ><p style=\"text-align: justify;\">Hasta Valle Simpson llegaron las usuarias del proyecto, junto con la Directora Regional del FOSIS, para participar de una visita guiada al huerto agroecol\u00f3gico \u201cAgr\u00edcola de la Tierra\u201d, gracias a esta iniciativa que busca reactivar el invernadero del Instituto Telet\u00f3n, adem\u00e1s de abordar\u00a0la disponibilidad, acceso y utilizaci\u00f3n de alimentos saludables para el autoconsumo y bienestar de madres cuidadoras de usuarios y usuarias del Instituto Telet\u00f3n de Coyhaique.<\/p>\n<p style=\"text-align: justify;\">La iniciativa busca que madres cuidadoras de pacientes Telet\u00f3n, puedan desarrollar actividades complementarias mientras sus hijos o hijas est\u00e1n realizando sus tratamientos, a trav\u00e9s del invernadero ubicado en el Instituto, aprendiendo y desarrollando t\u00e9cnicas de producci\u00f3n y cultivo de hortalizas bajo pl\u00e1stico y huertos verticales.<\/p>\n<p style=\"text-align: justify;\">Enedina Soto, usuaria del programa, destac\u00f3 que \u201cestas herramientas, estas instancias uno las aprovecha siempre pensando en los que vienen detr\u00e1s. Muchas gracias al FOSIS, Telet\u00f3n y quienes nos recibieron en este huerto. Ojal\u00e1 sigan aflorando proyectos como este, porque son muy enriquecedores y abren las puertas a un futuro m\u00e1s prometedor. Invitarlos a seguir colaborando con esta gran obra que es maravillosa, donde cada paciente es atendido por un profesional con una dedicaci\u00f3n y vocaci\u00f3n incre\u00edble. Telet\u00f3n lleva m\u00e1s de 40 a\u00f1os, y ojal\u00e1 mucho m\u00e1s, porque hay muchos pacientes que necesitan una rehabilitaci\u00f3n que aut\u00e9ntica y llevadera, que no queden a mitad de camino\u201d.<\/p>\n<p style=\"text-align: justify;\">La Directora Regional del FOSIS en Ays\u00e9n, Fernanda Leiva, asegur\u00f3 que \u201cvinimos a acompa\u00f1ar a pacientes y familiares de cuidadores y cuidadores de Telet\u00f3n con quienes estamos realizando este proyecto del 8%, gracias al Gobierno Regional de Ays\u00e9n y su Consejo. Visitamos este huerto agroecol\u00f3gico para que las participantes de este taller puedan ver y conocer en terreno las distintas t\u00e9cnicas y experiencia que hay en este \u00e1mbito. En este proyecto damos \u00e9nfasis al trabajo que se realiza con las familias de los pacientes Telet\u00f3n, quienes adquieren conocimientos y herramientas para tener sus propios huertos, plantar en sus casas, conocer nuevas t\u00e9cnicas y tener acceso a alimentaci\u00f3n saludable. Se nos viene pr\u00f3ximamente la Telet\u00f3n y estamos todos llamados a contribuir con esta gran instituci\u00f3n que apoya a las familias de Coyhaique\u201d.<\/p>\n<p style=\"text-align: justify;\">El Proyecto \u201cDescubriendo Huertos y Habilidades\u201d es ejecutado por el Fondo de Solidaridad e Inversi\u00f3n Social, FOSIS, y financiado gracias el 8% del Fondo Nacional de Desarrollo Regional (FNDR) aprobado por el Gobierno Regional de Ays\u00e9n y su Consejo.<\/p>\n<p style=\"text-align: justify;\">La jornada en Valle Simpson es parte de un total de doce talleres que contempla el proyecto. Las pr\u00f3ximas sesiones se desarrollar\u00e1n en dependencias de invernadero ubicado en Telet\u00f3n y se abordar\u00e1n tem\u00e1ticas como: Alm\u00e1cigos, Planificaci\u00f3n, Heladas, Plagas y Riego.<\/p>\n<\/div><\/section><\/div><div  style='height:50px' class='hr hr-invisible   avia-builder-el-6  el_after_av_one_full  el_before_av_social_share '><span class='hr-inner ' ><span class='hr-inner-style'><\/span><\/span><\/div><\/p>\n<div  class='av-social-sharing-box  avia-builder-el-7  el_after_av_hr  el_before_av_hr  '><div class='av-share-box'><h5 class='av-share-link-description av-no-toc '>Compartir esta noticia<\/h5><ul class='av-share-box-list noLightbox'><li class='av-share-link av-social-link-facebook' ><a target=\"_blank\" aria-label=\"Compartir en Facebook\" href='https:\/\/www.facebook.com\/sharer.php?u=https:\/\/radiorevelacionfm.cl\/?p=36768&#038;t=En%20Valle%20Simpson%3A%20Madres%20cuidadoras%20de%20Telet%C3%B3n%20visitaron%20huerto%20agroecol%C3%B3gico%20para%20aprender%20t%C3%A9cnicas%20de%20cultivo' aria-hidden='false' data-av_icon='\ue8f3' data-av_iconfont='entypo-fontello' title='' data-avia-related-tooltip='Compartir en Facebook' rel=\"noopener\"><span class='avia_hidden_link_text'>Compartir en Facebook<\/span><\/a><\/li><li class='av-share-link av-social-link-twitter' ><a target=\"_blank\" aria-label=\"Compartir en Twitter\" href='https:\/\/twitter.com\/share?text=En%20Valle%20Simpson%3A%20Madres%20cuidadoras%20de%20Telet%C3%B3n%20visitaron%20huerto%20agroecol%C3%B3gico%20para%20aprender%20t%C3%A9cnicas%20de%20cultivo&#038;url=https:\/\/radiorevelacionfm.cl\/?p=36768' aria-hidden='false' data-av_icon='\ue8f1' data-av_iconfont='entypo-fontello' title='' data-avia-related-tooltip='Compartir en Twitter' rel=\"noopener\"><span class='avia_hidden_link_text'>Compartir en Twitter<\/span><\/a><\/li><li class='av-share-link av-social-link-whatsapp' ><a target=\"_blank\" aria-label=\"Compartir en Whatsapp\" href='https:\/\/api.whatsapp.com\/send?text=https:\/\/radiorevelacionfm.cl\/?p=36768' aria-hidden='false' data-av_icon='\uf232' data-av_iconfont='entypo-fontello' title='' data-avia-related-tooltip='Compartir en Whatsapp' rel=\"noopener\"><span class='avia_hidden_link_text'>Compartir en Whatsapp<\/span><\/a><\/li><li class='av-share-link av-social-link-linkedin' ><a target=\"_blank\" aria-label=\"Compartir en LinkedIn\" href='https:\/\/linkedin.com\/shareArticle?mini=true&#038;title=En%20Valle%20Simpson%3A%20Madres%20cuidadoras%20de%20Telet%C3%B3n%20visitaron%20huerto%20agroecol%C3%B3gico%20para%20aprender%20t%C3%A9cnicas%20de%20cultivo&#038;url=https:\/\/radiorevelacionfm.cl\/?p=36768' aria-hidden='false' data-av_icon='\ue8fc' data-av_iconfont='entypo-fontello' title='' data-avia-related-tooltip='Compartir en LinkedIn' rel=\"noopener\"><span class='avia_hidden_link_text'>Compartir en LinkedIn<\/span><\/a><\/li><li class='av-share-link av-social-link-mail' ><a  aria-label=\"Compartir por correo\" href='mailto:?subject=En%20Valle%20Simpson%3A%20Madres%20cuidadoras%20de%20Telet%C3%B3n%20visitaron%20huerto%20agroecol%C3%B3gico%20para%20aprender%20t%C3%A9cnicas%20de%20cultivo&#038;body=https:\/\/radiorevelacionfm.cl\/?p=36768' aria-hidden='false' data-av_icon='\ue805' data-av_iconfont='entypo-fontello' title='' data-avia-related-tooltip='Compartir por correo'><span class='avia_hidden_link_text'>Compartir por correo<\/span><\/a><\/li><\/ul><\/div><\/div>\n<div  style='height:50px' class='hr hr-invisible   avia-builder-el-8  el_after_av_social_share  el_before_av_comments_list '><span class='hr-inner ' ><span class='hr-inner-style'><\/span><\/span><\/div>\n<div  class='av-buildercomment  av-blog-meta-html-info-disabled av-blog-meta-tag-disabled  '><\/div>\n","protected":false},"excerpt":{"rendered":"","protected":false},"author":1,"featured_media":36771,"comment_status":"open","ping_status":"open","sticky":false,"template":"","format":"standard","meta":{"footnotes":""},"categories":[38],"tags":[],"class_list":["post-36768","post","type-post","status-publish","format-standard","has-post-thumbnail","hentry","category-regional"],"jetpack_featured_media_url":"https:\/\/radiorevelacionfm.cl\/wp-content\/uploads\/2023\/11\/1-92-1_optimized-1.jpg","_links":{"self":[{"href":"https:\/\/radiorevelacionfm.cl\/index.php?rest_route=\/wp\/v2\/posts\/36768","targetHints":{"allow":["GET"]}}],"collection":[{"href":"https:\/\/radiorevelacionfm.cl\/index.php?rest_route=\/wp\/v2\/posts"}],"about":[{"href":"https:\/\/radiorevelacionfm.cl\/index.php?rest_route=\/wp\/v2\/types\/post"}],"author":[{"embeddable":true,"href":"https:\/\/radiorevelacionfm.cl\/index.php?rest_route=\/wp\/v2\/users\/1"}],"replies":[{"embeddable":true,"href":"https:\/\/radiorevelacionfm.cl\/index.php?rest_route=%2Fwp%2Fv2%2Fcomments&post=36768"}],"version-history":[{"count":1,"href":"https:\/\/radiorevelacionfm.cl\/index.php?rest_route=\/wp\/v2\/posts\/36768\/revisions"}],"predecessor-version":[{"id":36772,"href":"https:\/\/radiorevelacionfm.cl\/index.php?rest_route=\/wp\/v2\/posts\/36768\/revisions\/36772"}],"wp:featuredmedia":[{"embeddable":true,"href":"https:\/\/radiorevelacionfm.cl\/index.php?rest_route=\/wp\/v2\/media\/36771"}],"wp:attachment":[{"href":"https:\/\/radiorevelacionfm.cl\/index.php?rest_route=%2Fwp%2Fv2%2Fmedia&parent=36768"}],"wp:term":[{"taxonomy":"category","embeddable":true,"href":"https:\/\/radiorevelacionfm.cl\/index.php?rest_route=%2Fwp%2Fv2%2Fcategories&post=36768"},{"taxonomy":"post_tag","embeddable":true,"href":"https:\/\/radiorevelacionfm.cl\/index.php?rest_route=%2Fwp%2Fv2%2Ftags&post=36768"}],"curies":[{"name":"wp","href":"https:\/\/api.w.org\/{rel}","templated":true}]}}