{"id":36765,"date":"2023-11-09T20:05:04","date_gmt":"2023-11-09T23:05:04","guid":{"rendered":"https:\/\/radiorevelacionfm.cl\/?p=36765"},"modified":"2023-11-09T20:05:04","modified_gmt":"2023-11-09T23:05:04","slug":"con-gran-convocatoria-injuv-aysen-realiza-encuentro-regional-juventudes-presente-y-futuro","status":"publish","type":"post","link":"https:\/\/radiorevelacionfm.cl\/?p=36765","title":{"rendered":"Con gran convocatoria INJUV Ays\u00e9n realiza encuentro regional: Juventudes Presente y Futuro"},"content":{"rendered":"<div class=\"flex_column av_one_full  flex_column_div av-zero-column-padding first  avia-builder-el-0  el_before_av_one_full  avia-builder-el-first  \" style='border-radius:0px; '><div  class='avia-image-container  av-styling-    avia-builder-el-1  avia-builder-el-no-sibling  avia-align-center '  itemprop=\"image\" itemscope=\"itemscope\" itemtype=\"https:\/\/schema.org\/ImageObject\"  ><div class='avia-image-container-inner'><div class='avia-image-overlay-wrap'><img decoding=\"async\" class='wp-image-36766 avia-img-lazy-loading-not-36766 avia_image' src=\"https:\/\/radiorevelacionfm.cl\/wp-content\/uploads\/2023\/11\/foto-1-21-2_optimized-1.jpg\" alt='' title='foto-1-(21)-(2)_optimized (1)' height=\"600\" width=\"1073\"  itemprop=\"thumbnailUrl\" srcset=\"https:\/\/radiorevelacionfm.cl\/wp-content\/uploads\/2023\/11\/foto-1-21-2_optimized-1.jpg 1073w, https:\/\/radiorevelacionfm.cl\/wp-content\/uploads\/2023\/11\/foto-1-21-2_optimized-1-300x168.jpg 300w, https:\/\/radiorevelacionfm.cl\/wp-content\/uploads\/2023\/11\/foto-1-21-2_optimized-1-1030x576.jpg 1030w, https:\/\/radiorevelacionfm.cl\/wp-content\/uploads\/2023\/11\/foto-1-21-2_optimized-1-768x429.jpg 768w, https:\/\/radiorevelacionfm.cl\/wp-content\/uploads\/2023\/11\/foto-1-21-2_optimized-1-705x394.jpg 705w, https:\/\/radiorevelacionfm.cl\/wp-content\/uploads\/2023\/11\/foto-1-21-2_optimized-1-450x252.jpg 450w, https:\/\/radiorevelacionfm.cl\/wp-content\/uploads\/2023\/11\/foto-1-21-2_optimized-1-600x336.jpg 600w\" sizes=\"(max-width: 1073px) 100vw, 1073px\" \/><\/div><\/div><\/div><\/div><div class=\"flex_column av_one_full  flex_column_div av-zero-column-padding first  avia-builder-el-2  el_after_av_one_full  el_before_av_one_full  column-top-margin\" style='border-radius:0px; '><section class=\"av_textblock_section \"  itemscope=\"itemscope\" itemtype=\"https:\/\/schema.org\/BlogPosting\" itemprop=\"blogPost\" ><div class='avia_textblock  '   itemprop=\"text\" ><p style=\"text-align: center;\"><strong><span style=\"font-size: 18pt;\">Con gran convocatoria INJUV Ays\u00e9n realiza encuentro regional: Juventudes Presente y Futuro<\/span><\/strong><\/p>\n<div id=\"gtx-trans\" style=\"position: absolute; left: -50px; top: 4.31534px;\">\n<div class=\"gtx-trans-icon\"><\/div>\n<\/div>\n<\/div><\/section><\/div><div class=\"flex_column av_one_full  flex_column_div av-zero-column-padding first  avia-builder-el-4  el_after_av_one_full  el_before_av_hr  column-top-margin\" style='border-radius:0px; '><section class=\"av_textblock_section \"  itemscope=\"itemscope\" itemtype=\"https:\/\/schema.org\/BlogPosting\" itemprop=\"blogPost\" ><div class='avia_textblock  '   itemprop=\"text\" ><p style=\"text-align: justify;\">Con la participaci\u00f3n de diferentes organizaciones juveniles de la sociedad civil, autoridades regionales y comunidad en general, el Instituto Nacional de la Juventud de la regi\u00f3n de Ays\u00e9n, realiz\u00f3 el encuentro regional Juventudes: Presente y Futuro, instancia que tuvo por objetivo relevar el trabajo realizado por el servicio a trav\u00e9s del programa Compromiso Joven en las comunas de Guaitecas y Ays\u00e9n, \u00a0presentar los principales\u00a0 datos regionales de la 10\u00aa Encuesta Nacional de Juventudes y fortalecer la vinculaci\u00f3n entre INJUV, las instituciones p\u00fablicas y las oficinas o unidades encargadas de juventud a nivel municipal.<\/p>\n<p style=\"text-align: justify;\">El programa Compromiso Joven lleva ejecutadas m\u00e1s de 10 actividades en las comunas de Guaitecas y Ays\u00e9n, donde agrupaciones juveniles de la sociedad civil y juventudes de distintos establecimientos educacionales, participaron en la realizaci\u00f3n de diagn\u00f3sticos comunales,\u00a0 donde definieron y priorizaron las principales problem\u00e1ticas de las juventudes, junto con reconocer a los actores claves de sus comunas. Adem\u00e1s llevaron a cabo un ciclo formativo en gesti\u00f3n de redes locales y participaci\u00f3n, transversalizaci\u00f3n para el enfoque de juventudes, herramientas para el enfoque de\u00a0 g\u00e9nero, participaci\u00f3n ciudadana y gobernanza local, en el cual tambi\u00e9n\u00a0 se vieron beneficiados equipos municipales participantes del programa.<\/p>\n<p style=\"text-align: justify;\">Durante la actividad se revisaron los datos regionales de la 10\u00aa Encuesta Nacional de Juventudes,\u00a0 tem\u00e1ticas destacadas en los diagn\u00f3sticos comunales participativos realizados por los dos \u00a0municipios que participaron y \u00a0se certificaron a las contrapartes municipales que apoyaron en la ejecuci\u00f3n de las distintas actividades que se realizaron con juventudes de ambas comunas, \u00a0propiciando luego un \u00a0espacio de di\u00e1logo entre las y los \u00a0participantes y autoridades presentes.<\/p>\n<p style=\"text-align: justify;\">\u201cEs importante realzar que nuestras encuestas siempre se han realizado de forma ininterrumpida, lo que ha permitido tener un mapeo claro de la evoluci\u00f3n de las juventudes a lo largo de los a\u00f1os, tanto a nivel nacional como local. En esta ocasi\u00f3n, quisimos difundir los datos e invitar a la reflexi\u00f3n de estos mismos a trav\u00e9s de un espacio participativo con las juventudes. Estos espacios que se generan siempre son necesarios y es algo que las juventudes tambi\u00e9n nos han expresado, puesto que permiten contrastar las diferentes opiniones que poseen en cuanto a sus diferentes problem\u00e1ticas y potencialidades, comprendiendo que existen diversas realidades, con diversos matices, pero tambi\u00e9n con muchos puntos en com\u00fan\u201d, sostuvo el Director Regional de INJUV Ays\u00e9n, Camilo Trivi\u00f1o Urtubia.<\/p>\n<p style=\"text-align: justify;\">En tanto la Seremi de Desarrollo Social y Familia, Karina Acevedo Auad, destac\u00f3 la alta convocatoria del encuentro y se\u00f1al\u00f3 que \u201cen esta actividad en realidad con la alta convocatoria de diferentes grupos de juventudes, con la cuenta que da el director respecto a la Encuesta de Juventudes y los datos que son alarmantes, nos invitan adem\u00e1s a estar activos, a escuchar lo que las juventudes nos han planteado, a ver los datos y poder ajustar la pol\u00edtica p\u00fablica en la regi\u00f3n de Ays\u00e9n\u201d.<\/p>\n<p style=\"text-align: justify;\">En la misma l\u00ednea indic\u00f3 que \u201cpara nosotros como Ministerio, para el Instituto de la Juventud en Ays\u00e9n, es un desaf\u00edo poder asumir todo este trabajo que se nos viene, un trabajo intersectorial que siempre ha estado, hoy d\u00eda con estos datos nos focalizamos sin duda a las materias que nos preocupan, como el suicidio, el embarazo adolescente, las horas laborales para j\u00f3venes, la deserci\u00f3n escolar, hay muchos temas que hoy d\u00eda en Ays\u00e9n necesitamos colocarnos ordenados y trabajar para priorizar este grupo etario\u201d.<\/p>\n<p style=\"text-align: justify;\">Para Edgar Azocar, joven integrante del Colectivo Cantaries, la actividad \u201cfue s\u00faper enriquecedora porque hay distintas voces, se re\u00fane mucha gente de la regi\u00f3n, de organizaciones, juventudes de distintos aspectos de la regi\u00f3n. Yo espero que se ayude a hacer un nexo entre todas las necesidades que tenemos y soluciones prontas, ya que por ejemplo en el Colectivo Cantaries tenemos una gran brecha en torno a la salud, necesitamos cuidados pre y post operatorios y cuidados respecto a terapia hormonal, entonces eso ser\u00eda bastante importante\u201d.<\/p>\n<p style=\"text-align: justify;\">Por su parte Rodrigo Lagos, joven perteneciente al Club de Tenis de Mesa Inacoy, \u00a0indic\u00f3 que \u201cme pareci\u00f3 bastante especial el hecho que se haya convocado tanta gente de diversas comunidades, de diferentes entidades, ten\u00edamos clubes de gamer, comunidad LGBTIQA+, deportistas, art\u00edsticas, mucha juventud, toda la juventud junta, todas con un ideal, mejorar la vida de la juventud, mejorar la salud de la juventud, en que aspecto, salud mental y salud informativa, informativa me refiero a la educaci\u00f3n sexual y reproductiva, contar con informaci\u00f3n certera en cuanto al consumo de alcohol y drogas, cosas que realmente faltan en las juventudes. Nosotros somos el pilar, los que tenemos que mover e impulsar esto hacia adelante, en esta actividad se mostraron datos duros de la regi\u00f3n y es muy problem\u00e1tico, tenemos que hacer algo. Esta convocatoria es muy hermosa porque se ve el entusiasmo, tanto de las autoridades como de los j\u00f3venes, de realizar cambios, me pareci\u00f3 excelente, todo muy hermoso, todo perfecto, un ambiente muy grato\u201d.<\/p>\n<p style=\"text-align: justify;\">Fernanda Morrison, integrante de la agrupaci\u00f3n AkiPatagonia se\u00f1al\u00f3 que \u201cla actividad me pareci\u00f3 una instancia s\u00faper buena, una instancia a la que no hab\u00eda asistido nunca, donde pude ver varias aristas de lo que son las juventudes en distintas \u00e1reas y lo que falta con respecto al desarrollo de la juventud y todo lo que se ha trabajado tambi\u00e9n. Desde mi \u00e1rea que es \u00a0el \u00e1rea de esparcimiento, ocio y entretenci\u00f3n, me pareci\u00f3 una actividad s\u00faper buena, por lo menos para m\u00ed agrupaci\u00f3n, porque puedo captar mucho p\u00fablico con el que podemos trabajar y as\u00ed tambi\u00e9n poder trabajar con las instituciones para mejorar los espacios en los que hemos estado trabajando, que incluyen tambi\u00e9n el tema de la cultura, el deporte, las artes, no solamente entretenci\u00f3n y video juegos, si no que espacios libres de consumo de sustancias, donde los j\u00f3venes puedan encontrar gustos en com\u00fan y generar lasos, fue una actividad bastante educativa, yo participar\u00eda con gusto en\u00a0 otra actividad as\u00ed\u201d.<\/p>\n<\/div><\/section><\/div><div  style='height:50px' class='hr hr-invisible   avia-builder-el-6  el_after_av_one_full  el_before_av_social_share '><span class='hr-inner ' ><span class='hr-inner-style'><\/span><\/span><\/div><\/p>\n<div  class='av-social-sharing-box  avia-builder-el-7  el_after_av_hr  el_before_av_hr  '><div class='av-share-box'><h5 class='av-share-link-description av-no-toc '>Compartir esta noticia<\/h5><ul class='av-share-box-list noLightbox'><li class='av-share-link av-social-link-facebook' ><a target=\"_blank\" aria-label=\"Compartir en Facebook\" href='https:\/\/www.facebook.com\/sharer.php?u=https:\/\/radiorevelacionfm.cl\/?p=36765&#038;t=Con%20gran%20convocatoria%20INJUV%20Ays%C3%A9n%20realiza%20encuentro%20regional%3A%20Juventudes%20Presente%20y%20Futuro' aria-hidden='false' data-av_icon='\ue8f3' data-av_iconfont='entypo-fontello' title='' data-avia-related-tooltip='Compartir en Facebook' rel=\"noopener\"><span class='avia_hidden_link_text'>Compartir en Facebook<\/span><\/a><\/li><li class='av-share-link av-social-link-twitter' ><a target=\"_blank\" aria-label=\"Compartir en Twitter\" href='https:\/\/twitter.com\/share?text=Con%20gran%20convocatoria%20INJUV%20Ays%C3%A9n%20realiza%20encuentro%20regional%3A%20Juventudes%20Presente%20y%20Futuro&#038;url=https:\/\/radiorevelacionfm.cl\/?p=36765' aria-hidden='false' data-av_icon='\ue8f1' data-av_iconfont='entypo-fontello' title='' data-avia-related-tooltip='Compartir en Twitter' rel=\"noopener\"><span class='avia_hidden_link_text'>Compartir en Twitter<\/span><\/a><\/li><li class='av-share-link av-social-link-whatsapp' ><a target=\"_blank\" aria-label=\"Compartir en Whatsapp\" href='https:\/\/api.whatsapp.com\/send?text=https:\/\/radiorevelacionfm.cl\/?p=36765' aria-hidden='false' data-av_icon='\uf232' data-av_iconfont='entypo-fontello' title='' data-avia-related-tooltip='Compartir en Whatsapp' rel=\"noopener\"><span class='avia_hidden_link_text'>Compartir en Whatsapp<\/span><\/a><\/li><li class='av-share-link av-social-link-linkedin' ><a target=\"_blank\" aria-label=\"Compartir en LinkedIn\" href='https:\/\/linkedin.com\/shareArticle?mini=true&#038;title=Con%20gran%20convocatoria%20INJUV%20Ays%C3%A9n%20realiza%20encuentro%20regional%3A%20Juventudes%20Presente%20y%20Futuro&#038;url=https:\/\/radiorevelacionfm.cl\/?p=36765' aria-hidden='false' data-av_icon='\ue8fc' data-av_iconfont='entypo-fontello' title='' data-avia-related-tooltip='Compartir en LinkedIn' rel=\"noopener\"><span class='avia_hidden_link_text'>Compartir en LinkedIn<\/span><\/a><\/li><li class='av-share-link av-social-link-mail' ><a  aria-label=\"Compartir por correo\" href='mailto:?subject=Con%20gran%20convocatoria%20INJUV%20Ays%C3%A9n%20realiza%20encuentro%20regional%3A%20Juventudes%20Presente%20y%20Futuro&#038;body=https:\/\/radiorevelacionfm.cl\/?p=36765' aria-hidden='false' data-av_icon='\ue805' data-av_iconfont='entypo-fontello' title='' data-avia-related-tooltip='Compartir por correo'><span class='avia_hidden_link_text'>Compartir por correo<\/span><\/a><\/li><\/ul><\/div><\/div>\n<div  style='height:50px' class='hr hr-invisible   avia-builder-el-8  el_after_av_social_share  el_before_av_comments_list '><span class='hr-inner ' ><span class='hr-inner-style'><\/span><\/span><\/div>\n<div  class='av-buildercomment  av-blog-meta-html-info-disabled av-blog-meta-tag-disabled  '><\/div>\n","protected":false},"excerpt":{"rendered":"","protected":false},"author":1,"featured_media":36766,"comment_status":"open","ping_status":"open","sticky":false,"template":"","format":"standard","meta":{"footnotes":""},"categories":[38],"tags":[],"class_list":["post-36765","post","type-post","status-publish","format-standard","has-post-thumbnail","hentry","category-regional"],"jetpack_featured_media_url":"https:\/\/radiorevelacionfm.cl\/wp-content\/uploads\/2023\/11\/foto-1-21-2_optimized-1.jpg","_links":{"self":[{"href":"https:\/\/radiorevelacionfm.cl\/index.php?rest_route=\/wp\/v2\/posts\/36765","targetHints":{"allow":["GET"]}}],"collection":[{"href":"https:\/\/radiorevelacionfm.cl\/index.php?rest_route=\/wp\/v2\/posts"}],"about":[{"href":"https:\/\/radiorevelacionfm.cl\/index.php?rest_route=\/wp\/v2\/types\/post"}],"author":[{"embeddable":true,"href":"https:\/\/radiorevelacionfm.cl\/index.php?rest_route=\/wp\/v2\/users\/1"}],"replies":[{"embeddable":true,"href":"https:\/\/radiorevelacionfm.cl\/index.php?rest_route=%2Fwp%2Fv2%2Fcomments&post=36765"}],"version-history":[{"count":1,"href":"https:\/\/radiorevelacionfm.cl\/index.php?rest_route=\/wp\/v2\/posts\/36765\/revisions"}],"predecessor-version":[{"id":36767,"href":"https:\/\/radiorevelacionfm.cl\/index.php?rest_route=\/wp\/v2\/posts\/36765\/revisions\/36767"}],"wp:featuredmedia":[{"embeddable":true,"href":"https:\/\/radiorevelacionfm.cl\/index.php?rest_route=\/wp\/v2\/media\/36766"}],"wp:attachment":[{"href":"https:\/\/radiorevelacionfm.cl\/index.php?rest_route=%2Fwp%2Fv2%2Fmedia&parent=36765"}],"wp:term":[{"taxonomy":"category","embeddable":true,"href":"https:\/\/radiorevelacionfm.cl\/index.php?rest_route=%2Fwp%2Fv2%2Fcategories&post=36765"},{"taxonomy":"post_tag","embeddable":true,"href":"https:\/\/radiorevelacionfm.cl\/index.php?rest_route=%2Fwp%2Fv2%2Ftags&post=36765"}],"curies":[{"name":"wp","href":"https:\/\/api.w.org\/{rel}","templated":true}]}}