{"id":36760,"date":"2023-11-10T12:20:11","date_gmt":"2023-11-10T15:20:11","guid":{"rendered":"https:\/\/radiorevelacionfm.cl\/?p=36760"},"modified":"2023-11-10T12:28:44","modified_gmt":"2023-11-10T15:28:44","slug":"jardin-infantil-y-sala-cuna-mackay-recibe-su-nuevo-establecimiento","status":"publish","type":"post","link":"https:\/\/radiorevelacionfm.cl\/?p=36760","title":{"rendered":"Jard\u00edn Infantil y Sala Cuna Mackay recibe su nuevo establecimiento"},"content":{"rendered":"<div class=\"flex_column av_one_full  flex_column_div av-zero-column-padding first  avia-builder-el-0  el_before_av_one_full  avia-builder-el-first  \" style='border-radius:0px; '><div  class='avia-image-container  av-styling-    avia-builder-el-1  avia-builder-el-no-sibling  avia-align-center '  itemprop=\"image\" itemscope=\"itemscope\" itemtype=\"https:\/\/schema.org\/ImageObject\"  ><div class='avia-image-container-inner'><div class='avia-image-overlay-wrap'><img decoding=\"async\" class='wp-image-36761 avia-img-lazy-loading-not-36761 avia_image' src=\"https:\/\/radiorevelacionfm.cl\/wp-content\/uploads\/2023\/11\/20-1-1.jpg\" alt='' title='20 (1) (1)' height=\"600\" width=\"967\"  itemprop=\"thumbnailUrl\" srcset=\"https:\/\/radiorevelacionfm.cl\/wp-content\/uploads\/2023\/11\/20-1-1.jpg 967w, https:\/\/radiorevelacionfm.cl\/wp-content\/uploads\/2023\/11\/20-1-1-300x186.jpg 300w, https:\/\/radiorevelacionfm.cl\/wp-content\/uploads\/2023\/11\/20-1-1-768x477.jpg 768w, https:\/\/radiorevelacionfm.cl\/wp-content\/uploads\/2023\/11\/20-1-1-705x437.jpg 705w, https:\/\/radiorevelacionfm.cl\/wp-content\/uploads\/2023\/11\/20-1-1-450x279.jpg 450w, https:\/\/radiorevelacionfm.cl\/wp-content\/uploads\/2023\/11\/20-1-1-600x372.jpg 600w\" sizes=\"(max-width: 967px) 100vw, 967px\" \/><\/div><\/div><\/div><\/div>\n<div class=\"flex_column av_one_full  flex_column_div av-zero-column-padding first  avia-builder-el-2  el_after_av_one_full  el_before_av_one_full  column-top-margin\" style='border-radius:0px; '><section class=\"av_textblock_section \"  itemscope=\"itemscope\" itemtype=\"https:\/\/schema.org\/BlogPosting\" itemprop=\"blogPost\" ><div class='avia_textblock  '   itemprop=\"text\" ><p style=\"text-align: center;\"><strong><span style=\"font-size: 18pt;\">Jard\u00edn Infantil y Sala Cuna Mackay recibe su nuevo establecimiento<\/span><\/strong><\/p>\n<div id=\"gtx-trans\" style=\"position: absolute; left: -50px; top: 4.31534px;\">\n<div class=\"gtx-trans-icon\"><\/div>\n<\/div>\n<\/div><\/section><\/div>\n<div class=\"flex_column av_one_full  flex_column_div av-zero-column-padding first  avia-builder-el-4  el_after_av_one_full  el_before_av_hr  column-top-margin\" style='border-radius:0px; '><section class=\"av_textblock_section \"  itemscope=\"itemscope\" itemtype=\"https:\/\/schema.org\/BlogPosting\" itemprop=\"blogPost\" ><div class='avia_textblock  '   itemprop=\"text\" ><p style=\"text-align: justify;\"><i>Con una inversi\u00f3n cercana a los 1200 millones de pesas, el establecimiento atender\u00e1 a 76 p\u00e1rvulos de la capital regional en uno de los recintos de educaci\u00f3n parvularia m\u00e1s modernos del pa\u00eds.<\/i><\/p>\n<p style=\"font-weight: 400; text-align: justify;\">Este lunes 6 de noviembre ser\u00e1 recordado por toda la comunidad educativa del jard\u00edn infantil y sala cuna \u201cMackay\u201d ya que despu\u00e9s 18 meses del inicio de las obras de su construcci\u00f3n, el establecimiento recibi\u00f3 sus nuevas dependencias en el sector c\u00e9ntrico de Coyhaique, permitiendo con esto poder entregar educaci\u00f3n en Primera Infancia de manera gratuita y en espacios de calidad.<\/p>\n<p style=\"font-weight: 400; text-align: justify;\">Leticia Araya Norambuena, directora regional de Fundaci\u00f3n Integra destac\u00f3 que \u201ceste establecimiento cumple con todas las normativas vigentes y con par\u00e1metros de construcci\u00f3n de alta calidad permitiendo que ni\u00f1os y ni\u00f1as puedan desarrollar todas sus potencialidades y habilidades poniendo al juego como forma natural de sus aprendizajes\u201d.<\/p>\n<p style=\"font-weight: 400; text-align: justify;\">Este proyecto se destaca por ser uno los m\u00e1s modernos del pa\u00eds y con tecnolog\u00edas de climatizaci\u00f3n independiente de los espacios a trav\u00e9s de pisos radiantes el\u00e9ctricos, con iluminaci\u00f3n eficaz permitiendo con esto poder entregar espacios interiores seguros, amplios y confortables para el trabajo con los p\u00e1rvulos.<\/p>\n<p style=\"font-weight: 400; text-align: justify;\">Miguel Vergara, apoderado del establecimiento, destac\u00f3 que es \u201ctotal y absolutamente distinto. Nuevo, grande, espacioso, espectacular. Esta es la segunda generaci\u00f3n que viene a este jard\u00edn infantil y estas nuevas dependencias es un tremendo avance para el desarrollo de ellos. Solo queda cuidarlo porque es un beneficio para ellos\u201d.<\/p>\n<p style=\"font-weight: 400; text-align: justify;\">Una opini\u00f3n similar tiene Nicole Mu\u00f1oz, quien destac\u00f3 que \u201ces totalmente distinto, mucho m\u00e1s amplio, lugares muy lindos y con mucho espacio para los ni\u00f1os. Es incre\u00edble porque ahora puedo ver a los ni\u00f1os desde afuera, las actividades que est\u00e1n desarrollando. Muy lindo, me encant\u00f3\u201d.<\/p>\n<p style=\"font-weight: 400; text-align: justify;\">Esta obra est\u00e1 emplazada en calle Sargento Aldea \u2013entre calle Lautaro y Errazuriz- y en una superficie total de 1250 metros cuadrados, cuenta con 600 metros cuadrados construidos los que est\u00e1n habilitados para que los ni\u00f1os y ni\u00f1as puedan interactuar con el medio ambiente y en un entorno natural, utilizando cada espacio como foco de aprendizaje.<\/p>\n<p style=\"font-weight: 400; text-align: justify;\">Cabe destacar que este proyecto cuenta con 3 niveles educativos -sala cuna, nivel medio menor y un nivel medio mayor- los que cumplen con la normativa del ministerio de Educaci\u00f3n y con todo el mobiliario para que ni\u00f1as y ni\u00f1os puedan desarrollar sus habilidades. Del mismo modo, el establecimiento cuenta con una sala multiuso, adem\u00e1s de una sala de amamantamiento y dos patios cubiertos, a lo que se suma un patio de juego exterior con 165 metros cuadrados de piso de caucho con juegos infantiles did\u00e1cticos y jardines verticales.<\/p>\n<p style=\"font-weight: 400; text-align: justify;\">La directora regional de Fundaci\u00f3n Integra, reiter\u00f3 e invit\u00f3 a las familias a que lleven regularmente a sus hijos e hijas a los establecimientos educacionales ya que \u201cpara que ocurra todo lo que esperamos en el desarrollo integral de ellos se da en los jardines infantiles, porque est\u00e1 pensado para ellos, con ni\u00f1as y ni\u00f1os de su misma edad, donde resuelven conflictos, desarrollan ideas. Estos son espacios ideales para ellos y con adultos sensibles y preparados para poder acompa\u00f1arlos en sus primeros a\u00f1os de vida\u201d.<\/p>\n<p style=\"font-weight: 400; text-align: justify;\">Con 33 a\u00f1os de experiencia y m\u00e1s de 1.200 salas cuna y jardines infantiles gratuitos en todo el pa\u00eds, Fundaci\u00f3n Integra trabaja para lograr el desarrollo integral, bienestar y aprendizajes significativos de ni\u00f1as y ni\u00f1os, poniendo a su disposici\u00f3n espacios educativos diversos, estimulantes y de calidad.<\/p>\n<\/div><\/section><\/div><div  style='height:50px' class='hr hr-invisible   avia-builder-el-6  el_after_av_one_full  el_before_av_social_share '><span class='hr-inner ' ><span class='hr-inner-style'><\/span><\/span><\/div><\/p>\n<div  class='av-social-sharing-box  avia-builder-el-7  el_after_av_hr  el_before_av_hr  '><div class='av-share-box'><h5 class='av-share-link-description av-no-toc '>Compartir esta noticia<\/h5><ul class='av-share-box-list noLightbox'><li class='av-share-link av-social-link-facebook' ><a target=\"_blank\" aria-label=\"Compartir en Facebook\" href='https:\/\/www.facebook.com\/sharer.php?u=https:\/\/radiorevelacionfm.cl\/?p=36760&#038;t=Jard%C3%ADn%20Infantil%20y%20Sala%20Cuna%20Mackay%20recibe%20su%20nuevo%20establecimiento' aria-hidden='false' data-av_icon='\ue8f3' data-av_iconfont='entypo-fontello' title='' data-avia-related-tooltip='Compartir en Facebook' rel=\"noopener\"><span class='avia_hidden_link_text'>Compartir en Facebook<\/span><\/a><\/li><li class='av-share-link av-social-link-twitter' ><a target=\"_blank\" aria-label=\"Compartir en Twitter\" href='https:\/\/twitter.com\/share?text=Jard%C3%ADn%20Infantil%20y%20Sala%20Cuna%20Mackay%20recibe%20su%20nuevo%20establecimiento&#038;url=https:\/\/radiorevelacionfm.cl\/?p=36760' aria-hidden='false' data-av_icon='\ue8f1' data-av_iconfont='entypo-fontello' title='' data-avia-related-tooltip='Compartir en Twitter' rel=\"noopener\"><span class='avia_hidden_link_text'>Compartir en Twitter<\/span><\/a><\/li><li class='av-share-link av-social-link-whatsapp' ><a target=\"_blank\" aria-label=\"Compartir en Whatsapp\" href='https:\/\/api.whatsapp.com\/send?text=https:\/\/radiorevelacionfm.cl\/?p=36760' aria-hidden='false' data-av_icon='\uf232' data-av_iconfont='entypo-fontello' title='' data-avia-related-tooltip='Compartir en Whatsapp' rel=\"noopener\"><span class='avia_hidden_link_text'>Compartir en Whatsapp<\/span><\/a><\/li><li class='av-share-link av-social-link-linkedin' ><a target=\"_blank\" aria-label=\"Compartir en LinkedIn\" href='https:\/\/linkedin.com\/shareArticle?mini=true&#038;title=Jard%C3%ADn%20Infantil%20y%20Sala%20Cuna%20Mackay%20recibe%20su%20nuevo%20establecimiento&#038;url=https:\/\/radiorevelacionfm.cl\/?p=36760' aria-hidden='false' data-av_icon='\ue8fc' data-av_iconfont='entypo-fontello' title='' data-avia-related-tooltip='Compartir en LinkedIn' rel=\"noopener\"><span class='avia_hidden_link_text'>Compartir en LinkedIn<\/span><\/a><\/li><li class='av-share-link av-social-link-mail' ><a  aria-label=\"Compartir por correo\" href='mailto:?subject=Jard%C3%ADn%20Infantil%20y%20Sala%20Cuna%20Mackay%20recibe%20su%20nuevo%20establecimiento&#038;body=https:\/\/radiorevelacionfm.cl\/?p=36760' aria-hidden='false' data-av_icon='\ue805' data-av_iconfont='entypo-fontello' title='' data-avia-related-tooltip='Compartir por correo'><span class='avia_hidden_link_text'>Compartir por correo<\/span><\/a><\/li><\/ul><\/div><\/div>\n<div  style='height:50px' class='hr hr-invisible   avia-builder-el-8  el_after_av_social_share  el_before_av_comments_list '><span class='hr-inner ' ><span class='hr-inner-style'><\/span><\/span><\/div>\n<div  class='av-buildercomment  av-blog-meta-html-info-disabled av-blog-meta-tag-disabled  '><\/div>\n","protected":false},"excerpt":{"rendered":"","protected":false},"author":1,"featured_media":36761,"comment_status":"open","ping_status":"open","sticky":false,"template":"","format":"standard","meta":{"footnotes":""},"categories":[49],"tags":[],"class_list":["post-36760","post","type-post","status-publish","format-standard","has-post-thumbnail","hentry","category-educacion"],"jetpack_featured_media_url":"https:\/\/radiorevelacionfm.cl\/wp-content\/uploads\/2023\/11\/20-1-1.jpg","_links":{"self":[{"href":"https:\/\/radiorevelacionfm.cl\/index.php?rest_route=\/wp\/v2\/posts\/36760","targetHints":{"allow":["GET"]}}],"collection":[{"href":"https:\/\/radiorevelacionfm.cl\/index.php?rest_route=\/wp\/v2\/posts"}],"about":[{"href":"https:\/\/radiorevelacionfm.cl\/index.php?rest_route=\/wp\/v2\/types\/post"}],"author":[{"embeddable":true,"href":"https:\/\/radiorevelacionfm.cl\/index.php?rest_route=\/wp\/v2\/users\/1"}],"replies":[{"embeddable":true,"href":"https:\/\/radiorevelacionfm.cl\/index.php?rest_route=%2Fwp%2Fv2%2Fcomments&post=36760"}],"version-history":[{"count":2,"href":"https:\/\/radiorevelacionfm.cl\/index.php?rest_route=\/wp\/v2\/posts\/36760\/revisions"}],"predecessor-version":[{"id":36810,"href":"https:\/\/radiorevelacionfm.cl\/index.php?rest_route=\/wp\/v2\/posts\/36760\/revisions\/36810"}],"wp:featuredmedia":[{"embeddable":true,"href":"https:\/\/radiorevelacionfm.cl\/index.php?rest_route=\/wp\/v2\/media\/36761"}],"wp:attachment":[{"href":"https:\/\/radiorevelacionfm.cl\/index.php?rest_route=%2Fwp%2Fv2%2Fmedia&parent=36760"}],"wp:term":[{"taxonomy":"category","embeddable":true,"href":"https:\/\/radiorevelacionfm.cl\/index.php?rest_route=%2Fwp%2Fv2%2Fcategories&post=36760"},{"taxonomy":"post_tag","embeddable":true,"href":"https:\/\/radiorevelacionfm.cl\/index.php?rest_route=%2Fwp%2Fv2%2Ftags&post=36760"}],"curies":[{"name":"wp","href":"https:\/\/api.w.org\/{rel}","templated":true}]}}