{"id":36755,"date":"2023-11-09T12:51:45","date_gmt":"2023-11-09T15:51:45","guid":{"rendered":"https:\/\/radiorevelacionfm.cl\/?p=36755"},"modified":"2023-11-09T12:51:45","modified_gmt":"2023-11-09T15:51:45","slug":"calisto-denuncia-falta-de-cardiologo-en-el-hospital-regional-de-coyhaique","status":"publish","type":"post","link":"https:\/\/radiorevelacionfm.cl\/?p=36755","title":{"rendered":"Calisto denuncia falta de cardi\u00f3logo en el Hospital Regional de Coyhaique"},"content":{"rendered":"<div class=\"flex_column av_one_full  flex_column_div av-zero-column-padding first  avia-builder-el-0  el_before_av_one_full  avia-builder-el-first  \" style='border-radius:0px; '><div  class='avia-image-container  av-styling-    avia-builder-el-1  avia-builder-el-no-sibling  avia-align-center '  itemprop=\"image\" itemscope=\"itemscope\" itemtype=\"https:\/\/schema.org\/ImageObject\"  ><div class='avia-image-container-inner'><div class='avia-image-overlay-wrap'><img decoding=\"async\" class='wp-image-13574 avia-img-lazy-loading-not-13574 avia_image' src=\"https:\/\/radiorevelacionfm.cl\/wp-content\/uploads\/2022\/02\/CALISTO-HOSPITAL-2-2-2.jpg\" alt='' title='CALISTO HOSPITAL-2-2-2' height=\"600\" width=\"1094\"  itemprop=\"thumbnailUrl\" srcset=\"https:\/\/radiorevelacionfm.cl\/wp-content\/uploads\/2022\/02\/CALISTO-HOSPITAL-2-2-2.jpg 1094w, https:\/\/radiorevelacionfm.cl\/wp-content\/uploads\/2022\/02\/CALISTO-HOSPITAL-2-2-2-300x165.jpg 300w, https:\/\/radiorevelacionfm.cl\/wp-content\/uploads\/2022\/02\/CALISTO-HOSPITAL-2-2-2-1030x565.jpg 1030w, https:\/\/radiorevelacionfm.cl\/wp-content\/uploads\/2022\/02\/CALISTO-HOSPITAL-2-2-2-768x421.jpg 768w, https:\/\/radiorevelacionfm.cl\/wp-content\/uploads\/2022\/02\/CALISTO-HOSPITAL-2-2-2-705x387.jpg 705w, https:\/\/radiorevelacionfm.cl\/wp-content\/uploads\/2022\/02\/CALISTO-HOSPITAL-2-2-2-600x329.jpg 600w\" sizes=\"(max-width: 1094px) 100vw, 1094px\" \/><\/div><\/div><\/div><\/div><div class=\"flex_column av_one_full  flex_column_div av-zero-column-padding first  avia-builder-el-2  el_after_av_one_full  el_before_av_one_full  column-top-margin\" style='border-radius:0px; '><section class=\"av_textblock_section \"  itemscope=\"itemscope\" itemtype=\"https:\/\/schema.org\/BlogPosting\" itemprop=\"blogPost\" ><div class='avia_textblock  '   itemprop=\"text\" ><p style=\"text-align: center;\"><span style=\"font-size: 18pt;\"><b><span lang=\"ES\">Calisto denuncia falta de cardi\u00f3logo en el Hospital Regional de Coyhaique<\/span><\/b><\/span><\/p>\n<div id=\"gtx-trans\" style=\"position: absolute; left: -50px; top: 4.31534px;\">\n<div class=\"gtx-trans-icon\"><\/div>\n<\/div>\n<\/div><\/section><\/div><div class=\"flex_column av_one_full  flex_column_div av-zero-column-padding first  avia-builder-el-4  el_after_av_one_full  el_before_av_hr  column-top-margin\" style='border-radius:0px; '><section class=\"av_textblock_section \"  itemscope=\"itemscope\" itemtype=\"https:\/\/schema.org\/BlogPosting\" itemprop=\"blogPost\" ><div class='avia_textblock  '   itemprop=\"text\" ><p style=\"font-weight: 400; text-align: justify;\"><em>El legislador hizo un llamado al Gobierno para revertir esta situaci\u00f3n y contar lo antes posible con este especialista.<\/em><\/p>\n<p style=\"font-weight: 400; text-align: justify;\">Como un descriterio total calific\u00f3 el diputado Miguel \u00c1ngel Calisto la falta de cardi\u00f3logos en el Hospital Regional de Coyhaique, hecho que ha quedado de manifiesto luego que varias personas se comunicaran con el parlamentario para denunciar que no hay horas disponibles para atenderse con este profesional, por lo que el legislador hizo un llamado al Gobierno para revertir esta situaci\u00f3n y se pueda contar lo antes posible con este especialista en el centro asistencial.<\/p>\n<p style=\"font-weight: 400; text-align: justify;\">Seg\u00fan el legislador, \u201cestamos muy preocupados por la falta de cardi\u00f3logos en el Hospital Regional de Coyhaique. muchos pacientes, muchas familias nos han comentado que no hay hora para la atenci\u00f3n de estos profesionales en la regi\u00f3n. Esto ha generado que muchas personas que est\u00e1n en tratamiento, que son personas de riesgo, que puedan tener molestias o una emergencia, no puedan tratarse en la Regi\u00f3n de Ays\u00e9n. Esto es algo muy preocupante\u201d.<\/p>\n<p style=\"font-weight: 400; text-align: justify;\">\u201cEsto es un descriterio total, porque en un territorio tan extenso, que es pr\u00e1cticamente desde Santiago a Puerto Montt, que no exista un cardi\u00f3logo no se entiende. Hablamos con la Ministra de Salud y el Director del Servicio de Salud, porque ac\u00e1 es urgente que se d\u00e9 una soluci\u00f3n a la lista de espera a las atenciones en cardiolog\u00eda y se permita garantizar el control m\u00e9dico de las personas que hoy en d\u00eda est\u00e1n en tratamiento\u201d.<\/p>\n<p style=\"font-weight: 400; text-align: justify;\">Finalmente, el diputado Calisto asegur\u00f3 que \u201cesto tiene que venir de la mano con la construcci\u00f3n de laboratorio de hemodinamia que est\u00e1 proyectado para el Hospital Regional de Coyhaique, as\u00ed tambi\u00e9n como la UCI pedi\u00e1trica, el nuevo pabell\u00f3n, la Unidad de Esterilizaci\u00f3n. Lamentablemente esto no se ha implementado, y esto no es por falta de plata, es por mala gesti\u00f3n\u201d.<\/p>\n<\/div><\/section><\/div><div  style='height:50px' class='hr hr-invisible   avia-builder-el-6  el_after_av_one_full  el_before_av_social_share '><span class='hr-inner ' ><span class='hr-inner-style'><\/span><\/span><\/div><\/p>\n<div  class='av-social-sharing-box  avia-builder-el-7  el_after_av_hr  el_before_av_hr  '><div class='av-share-box'><h5 class='av-share-link-description av-no-toc '>Compartir esta noticia<\/h5><ul class='av-share-box-list noLightbox'><li class='av-share-link av-social-link-facebook' ><a target=\"_blank\" aria-label=\"Compartir en Facebook\" href='https:\/\/www.facebook.com\/sharer.php?u=https:\/\/radiorevelacionfm.cl\/?p=36755&#038;t=Calisto%20denuncia%20falta%20de%20cardi%C3%B3logo%20en%20el%20Hospital%20Regional%20de%20Coyhaique' aria-hidden='false' data-av_icon='\ue8f3' data-av_iconfont='entypo-fontello' title='' data-avia-related-tooltip='Compartir en Facebook' rel=\"noopener\"><span class='avia_hidden_link_text'>Compartir en Facebook<\/span><\/a><\/li><li class='av-share-link av-social-link-twitter' ><a target=\"_blank\" aria-label=\"Compartir en Twitter\" href='https:\/\/twitter.com\/share?text=Calisto%20denuncia%20falta%20de%20cardi%C3%B3logo%20en%20el%20Hospital%20Regional%20de%20Coyhaique&#038;url=https:\/\/radiorevelacionfm.cl\/?p=36755' aria-hidden='false' data-av_icon='\ue8f1' data-av_iconfont='entypo-fontello' title='' data-avia-related-tooltip='Compartir en Twitter' rel=\"noopener\"><span class='avia_hidden_link_text'>Compartir en Twitter<\/span><\/a><\/li><li class='av-share-link av-social-link-whatsapp' ><a target=\"_blank\" aria-label=\"Compartir en Whatsapp\" href='https:\/\/api.whatsapp.com\/send?text=https:\/\/radiorevelacionfm.cl\/?p=36755' aria-hidden='false' data-av_icon='\uf232' data-av_iconfont='entypo-fontello' title='' data-avia-related-tooltip='Compartir en Whatsapp' rel=\"noopener\"><span class='avia_hidden_link_text'>Compartir en Whatsapp<\/span><\/a><\/li><li class='av-share-link av-social-link-linkedin' ><a target=\"_blank\" aria-label=\"Compartir en LinkedIn\" href='https:\/\/linkedin.com\/shareArticle?mini=true&#038;title=Calisto%20denuncia%20falta%20de%20cardi%C3%B3logo%20en%20el%20Hospital%20Regional%20de%20Coyhaique&#038;url=https:\/\/radiorevelacionfm.cl\/?p=36755' aria-hidden='false' data-av_icon='\ue8fc' data-av_iconfont='entypo-fontello' title='' data-avia-related-tooltip='Compartir en LinkedIn' rel=\"noopener\"><span class='avia_hidden_link_text'>Compartir en LinkedIn<\/span><\/a><\/li><li class='av-share-link av-social-link-mail' ><a  aria-label=\"Compartir por correo\" href='mailto:?subject=Calisto%20denuncia%20falta%20de%20cardi%C3%B3logo%20en%20el%20Hospital%20Regional%20de%20Coyhaique&#038;body=https:\/\/radiorevelacionfm.cl\/?p=36755' aria-hidden='false' data-av_icon='\ue805' data-av_iconfont='entypo-fontello' title='' data-avia-related-tooltip='Compartir por correo'><span class='avia_hidden_link_text'>Compartir por correo<\/span><\/a><\/li><\/ul><\/div><\/div>\n<div  style='height:50px' class='hr hr-invisible   avia-builder-el-8  el_after_av_social_share  el_before_av_comments_list '><span class='hr-inner ' ><span class='hr-inner-style'><\/span><\/span><\/div>\n<div  class='av-buildercomment  av-blog-meta-html-info-disabled av-blog-meta-tag-disabled  '><\/div>\n","protected":false},"excerpt":{"rendered":"","protected":false},"author":1,"featured_media":13574,"comment_status":"open","ping_status":"open","sticky":false,"template":"","format":"standard","meta":{"footnotes":""},"categories":[35],"tags":[],"class_list":["post-36755","post","type-post","status-publish","format-standard","has-post-thumbnail","hentry","category-politica"],"jetpack_featured_media_url":"https:\/\/radiorevelacionfm.cl\/wp-content\/uploads\/2022\/02\/CALISTO-HOSPITAL-2-2-2.jpg","_links":{"self":[{"href":"https:\/\/radiorevelacionfm.cl\/index.php?rest_route=\/wp\/v2\/posts\/36755","targetHints":{"allow":["GET"]}}],"collection":[{"href":"https:\/\/radiorevelacionfm.cl\/index.php?rest_route=\/wp\/v2\/posts"}],"about":[{"href":"https:\/\/radiorevelacionfm.cl\/index.php?rest_route=\/wp\/v2\/types\/post"}],"author":[{"embeddable":true,"href":"https:\/\/radiorevelacionfm.cl\/index.php?rest_route=\/wp\/v2\/users\/1"}],"replies":[{"embeddable":true,"href":"https:\/\/radiorevelacionfm.cl\/index.php?rest_route=%2Fwp%2Fv2%2Fcomments&post=36755"}],"version-history":[{"count":1,"href":"https:\/\/radiorevelacionfm.cl\/index.php?rest_route=\/wp\/v2\/posts\/36755\/revisions"}],"predecessor-version":[{"id":36756,"href":"https:\/\/radiorevelacionfm.cl\/index.php?rest_route=\/wp\/v2\/posts\/36755\/revisions\/36756"}],"wp:featuredmedia":[{"embeddable":true,"href":"https:\/\/radiorevelacionfm.cl\/index.php?rest_route=\/wp\/v2\/media\/13574"}],"wp:attachment":[{"href":"https:\/\/radiorevelacionfm.cl\/index.php?rest_route=%2Fwp%2Fv2%2Fmedia&parent=36755"}],"wp:term":[{"taxonomy":"category","embeddable":true,"href":"https:\/\/radiorevelacionfm.cl\/index.php?rest_route=%2Fwp%2Fv2%2Fcategories&post=36755"},{"taxonomy":"post_tag","embeddable":true,"href":"https:\/\/radiorevelacionfm.cl\/index.php?rest_route=%2Fwp%2Fv2%2Ftags&post=36755"}],"curies":[{"name":"wp","href":"https:\/\/api.w.org\/{rel}","templated":true}]}}