{"id":36752,"date":"2023-11-09T18:24:02","date_gmt":"2023-11-09T21:24:02","guid":{"rendered":"https:\/\/radiorevelacionfm.cl\/?p=36752"},"modified":"2023-11-09T18:24:02","modified_gmt":"2023-11-09T21:24:02","slug":"seminario-busco-fortalecer-estrategias-integradas-e-intersectoriales-para-la-prevencion-y-control-de-la-hidatidosis-en-aysen","status":"publish","type":"post","link":"https:\/\/radiorevelacionfm.cl\/?p=36752","title":{"rendered":"Seminario busc\u00f3 fortalecer estrategias Integradas e Intersectoriales para la Prevenci\u00f3n y Control de la Hidatidosis en Ays\u00e9n"},"content":{"rendered":"<div class=\"flex_column av_one_full  flex_column_div av-zero-column-padding first  avia-builder-el-0  el_before_av_one_full  avia-builder-el-first  \" style='border-radius:0px; '><div  class='avia-image-container  av-styling-    avia-builder-el-1  avia-builder-el-no-sibling  avia-align-center '  itemprop=\"image\" itemscope=\"itemscope\" itemtype=\"https:\/\/schema.org\/ImageObject\"  ><div class='avia-image-container-inner'><div class='avia-image-overlay-wrap'><img decoding=\"async\" class='wp-image-36753 avia-img-lazy-loading-not-36753 avia_image' src=\"https:\/\/radiorevelacionfm.cl\/wp-content\/uploads\/2023\/11\/SEMINARIO-6-1-1.jpeg\" alt='' title='SEMINARIO 6 (1) (1)' height=\"600\" width=\"901\"  itemprop=\"thumbnailUrl\" srcset=\"https:\/\/radiorevelacionfm.cl\/wp-content\/uploads\/2023\/11\/SEMINARIO-6-1-1.jpeg 901w, https:\/\/radiorevelacionfm.cl\/wp-content\/uploads\/2023\/11\/SEMINARIO-6-1-1-300x200.jpeg 300w, https:\/\/radiorevelacionfm.cl\/wp-content\/uploads\/2023\/11\/SEMINARIO-6-1-1-768x511.jpeg 768w, https:\/\/radiorevelacionfm.cl\/wp-content\/uploads\/2023\/11\/SEMINARIO-6-1-1-705x469.jpeg 705w, https:\/\/radiorevelacionfm.cl\/wp-content\/uploads\/2023\/11\/SEMINARIO-6-1-1-450x300.jpeg 450w, https:\/\/radiorevelacionfm.cl\/wp-content\/uploads\/2023\/11\/SEMINARIO-6-1-1-600x400.jpeg 600w\" sizes=\"(max-width: 901px) 100vw, 901px\" \/><\/div><\/div><\/div><\/div><div class=\"flex_column av_one_full  flex_column_div av-zero-column-padding first  avia-builder-el-2  el_after_av_one_full  el_before_av_one_full  column-top-margin\" style='border-radius:0px; '><section class=\"av_textblock_section \"  itemscope=\"itemscope\" itemtype=\"https:\/\/schema.org\/BlogPosting\" itemprop=\"blogPost\" ><div class='avia_textblock  '   itemprop=\"text\" ><p style=\"text-align: center;\"><strong><span style=\"font-size: 18pt;\">Seminario busc\u00f3 fortalecer estrategias Integradas e Intersectoriales para la Prevenci\u00f3n y Control de la Hidatidosis en Ays\u00e9n<\/span><\/strong><\/p>\n<div id=\"gtx-trans\" style=\"position: absolute; left: -50px; top: 4.31534px;\">\n<div class=\"gtx-trans-icon\"><\/div>\n<\/div>\n<\/div><\/section><\/div><div class=\"flex_column av_one_full  flex_column_div av-zero-column-padding first  avia-builder-el-4  el_after_av_one_full  el_before_av_hr  column-top-margin\" style='border-radius:0px; '><section class=\"av_textblock_section \"  itemscope=\"itemscope\" itemtype=\"https:\/\/schema.org\/BlogPosting\" itemprop=\"blogPost\" ><div class='avia_textblock  '   itemprop=\"text\" ><p style=\"text-align: justify;\"><em>Impulsado por la \u00a0Mesa Intersectorial de Prevenci\u00f3n y Control de la Hidatidosis y otras zoonosis, reuni\u00f3 a profesionales t\u00e9cnicos y educadores del \u00e1mbito p\u00fablico y privado en Coyhaique.<\/em><\/p>\n<p style=\"text-align: justify;\">Con el objetivo de fortalecer las estrategias de trabajo integrado e intersectoriales para la prevenci\u00f3n y control de la Hidatidosis en la regi\u00f3n de Ays\u00e9n, se llev\u00f3 a cabo el Seminario Hidatidosis en Ays\u00e9n Una Salud, Presente y Futuro\u00bb. Este evento fue impulsado por la Mesa Intersectorial de Prevenci\u00f3n y Control de la Hidatidosis, que re\u00fane a las Seremis de Salud y de Agricultura a trav\u00e9s del Servicio Agr\u00edcola y Ganadero (SAG).<\/p>\n<p style=\"text-align: justify;\">Profesionales t\u00e9cnicos y educadores del \u00e1mbito p\u00fablico y privado se congregaron en el Museo Regional de Ays\u00e9n para dialogar sobre las estrategias de control y prevenci\u00f3n de la Hidatidosis en Ays\u00e9n, Chile y el Cono Sur. Durante el evento, se discuti\u00f3 el estado de situaci\u00f3n de la Hidatidosis en Chile y la regi\u00f3n de Ays\u00e9n, as\u00ed como las acciones asociadas a la estrategia integrada de prevenci\u00f3n y control.<\/p>\n<p style=\"text-align: justify;\">Uno de los expositores,\u00a0 el Dr. Oscar Jensen del Centro de Investigaci\u00f3n en Zoonosis del Ministerio de Salud de Argentina, resalt\u00f3 la colaboraci\u00f3n entre los sectores de salud y ganader\u00eda, adem\u00e1s del impacto\u00a0 de la vacuna como un paso significativo en la lucha contra la enfermedad. \u201cNos encontramos con una novedad que es espectacular para los que trabajamos hidatidosis, que salud y ganader\u00eda est\u00e1n trabajando juntos y est\u00e1n mostrando muy buenos resultados. Y la otra cosa que es espectacular es que est\u00e1n los primeros resultados de la aplicaci\u00f3n de la vacuna. La vacuna nos va a permitir acelerar los tiempos. Si a eso le sumamos la educaci\u00f3n, le sumamos la desparasitaci\u00f3n, le sumamos el control de faena al ganadero le va a permitir tener sus ovejitas Sanas\u201d, indic\u00f3.<\/p>\n<p style=\"text-align: justify;\">Claudia \u00c1lvarez Mu\u00f1oz, encargada de la unidad de Zoonosis de la Seremi de Salud, destac\u00f3 la importancia del evento para respaldar el trabajo de la Mesa Intersectorial. \u00c1lvarez se\u00f1al\u00f3 que, aunque se han mejorado los diagn\u00f3sticos, todav\u00eda existe una alta incidencia de casos. \u201cLa incidencia sigue siendo alta. Tenemos una gran cantidad de generaci\u00f3n de casos de menores de 15 a\u00f1os, lo que quiere decir que existe todav\u00eda una gran contaminaci\u00f3n ambiental. Y la verdad es que mientras mejoramos los diagn\u00f3sticos, tambi\u00e9n aumentamos la presentaci\u00f3n de casos porque tenemos m\u00e1s b\u00fasqueda activa. As\u00ed que tenemos todav\u00eda un trabajo importante que realizar en adelante\u201d.<\/p>\n<p style=\"text-align: justify;\">Ricardo Konig Parada, Seremi (S) de Agricultura, resalt\u00f3 la importancia de unir a los diversos actores en torno a esta enfermedad zoon\u00f3tica, subrayando\u00a0 la necesidad de una colaboraci\u00f3n amplia que involucre a diferentes sectores, la academia y la ciudadan\u00eda para abordar el problema desde todos los \u00e1mbitos.<\/p>\n<p style=\"text-align: justify;\">\u201cCon lo que hacen todos los servicios en el agro\u00a0 en el territorio no es suficiente si eso no se complementa con lo que tiene que ver con la educaci\u00f3n en salud, con lo que tiene que ver con el trabajo en la zona urbana, porque claramente hay una enfermedad que ha migrado desde el sector rural al urbano\u201d, se\u00f1al\u00f3.<\/p>\n<p style=\"text-align: justify;\">Por su parte, Valeria Carrasco S\u00e1ez, Directora del SAG,\u00a0 destac\u00f3 la oportunidad que brinda este evento para visibilizar el problema y alentar la participaci\u00f3n de otros actores importantes en la lucha contra la Hidatidosis.<\/p>\n<p style=\"text-align: justify;\">\u201cVemos con optimismo este trabajo y tenemos muchas expectativas del trabajo que est\u00e1 realizando Agricultura a trav\u00e9s del SAG, en conjunto con la Seremi de salud, especialmente el tema de hidatidosis y porque tambi\u00e9n este trabajo colaborativo se da en otras instancia;\u00a0 en la Mesa del Hanta, como tambi\u00e9n en el tema de mataderos y en otras \u00e1reas. Entonces esta instancia una oportunidad para visibilizar m\u00e1s el tema y que otros actores importantes\u00bb, sostuvo.<\/p>\n<p style=\"text-align: justify;\">La Hidatidosis es una enfermedad zoon\u00f3tica grave causada por el par\u00e1sito Echinococcus granulosus, con el perro como su principal hospedador definitivo. En la regi\u00f3n de Ays\u00e9n, esta enfermedad ha tenido una alta incidencia, causando impactos significativos en la salud p\u00fablica, la econom\u00eda y el bienestar de las personas y sus comunidades.<\/p>\n<p style=\"text-align: justify;\">Este evento ha subrayado la importancia de las intervenciones integradas y ha promovido la colaboraci\u00f3n intersectorial. Se busca continuar promoviendo actividades de promoci\u00f3n, prevenci\u00f3n y control de la Hidatidosis con el apoyo de instituciones p\u00fablicas, la sociedad civil y la academia, trabajando juntos para erradicar esta enfermedad en la regi\u00f3n de Ays\u00e9n y m\u00e1s all\u00e1.<\/p>\n<\/div><\/section><\/div><div  style='height:50px' class='hr hr-invisible   avia-builder-el-6  el_after_av_one_full  el_before_av_social_share '><span class='hr-inner ' ><span class='hr-inner-style'><\/span><\/span><\/div><\/p>\n<div  class='av-social-sharing-box  avia-builder-el-7  el_after_av_hr  el_before_av_hr  '><div class='av-share-box'><h5 class='av-share-link-description av-no-toc '>Compartir esta noticia<\/h5><ul class='av-share-box-list noLightbox'><li class='av-share-link av-social-link-facebook' ><a target=\"_blank\" aria-label=\"Compartir en Facebook\" href='https:\/\/www.facebook.com\/sharer.php?u=https:\/\/radiorevelacionfm.cl\/?p=36752&#038;t=Seminario%20busc%C3%B3%20fortalecer%20estrategias%20Integradas%20e%20Intersectoriales%20para%20la%20Prevenci%C3%B3n%20y%20Control%20de%20la%20Hidatidosis%20en%20Ays%C3%A9n' aria-hidden='false' data-av_icon='\ue8f3' data-av_iconfont='entypo-fontello' title='' data-avia-related-tooltip='Compartir en Facebook' rel=\"noopener\"><span class='avia_hidden_link_text'>Compartir en Facebook<\/span><\/a><\/li><li class='av-share-link av-social-link-twitter' ><a target=\"_blank\" aria-label=\"Compartir en Twitter\" href='https:\/\/twitter.com\/share?text=Seminario%20busc%C3%B3%20fortalecer%20estrategias%20Integradas%20e%20Intersectoriales%20para%20la%20Prevenci%C3%B3n%20y%20Control%20de%20la%20Hidatidosis%20en%20Ays%C3%A9n&#038;url=https:\/\/radiorevelacionfm.cl\/?p=36752' aria-hidden='false' data-av_icon='\ue8f1' data-av_iconfont='entypo-fontello' title='' data-avia-related-tooltip='Compartir en Twitter' rel=\"noopener\"><span class='avia_hidden_link_text'>Compartir en Twitter<\/span><\/a><\/li><li class='av-share-link av-social-link-whatsapp' ><a target=\"_blank\" aria-label=\"Compartir en Whatsapp\" href='https:\/\/api.whatsapp.com\/send?text=https:\/\/radiorevelacionfm.cl\/?p=36752' aria-hidden='false' data-av_icon='\uf232' data-av_iconfont='entypo-fontello' title='' data-avia-related-tooltip='Compartir en Whatsapp' rel=\"noopener\"><span class='avia_hidden_link_text'>Compartir en Whatsapp<\/span><\/a><\/li><li class='av-share-link av-social-link-linkedin' ><a target=\"_blank\" aria-label=\"Compartir en LinkedIn\" href='https:\/\/linkedin.com\/shareArticle?mini=true&#038;title=Seminario%20busc%C3%B3%20fortalecer%20estrategias%20Integradas%20e%20Intersectoriales%20para%20la%20Prevenci%C3%B3n%20y%20Control%20de%20la%20Hidatidosis%20en%20Ays%C3%A9n&#038;url=https:\/\/radiorevelacionfm.cl\/?p=36752' aria-hidden='false' data-av_icon='\ue8fc' data-av_iconfont='entypo-fontello' title='' data-avia-related-tooltip='Compartir en LinkedIn' rel=\"noopener\"><span class='avia_hidden_link_text'>Compartir en LinkedIn<\/span><\/a><\/li><li class='av-share-link av-social-link-mail' ><a  aria-label=\"Compartir por correo\" href='mailto:?subject=Seminario%20busc%C3%B3%20fortalecer%20estrategias%20Integradas%20e%20Intersectoriales%20para%20la%20Prevenci%C3%B3n%20y%20Control%20de%20la%20Hidatidosis%20en%20Ays%C3%A9n&#038;body=https:\/\/radiorevelacionfm.cl\/?p=36752' aria-hidden='false' data-av_icon='\ue805' data-av_iconfont='entypo-fontello' title='' data-avia-related-tooltip='Compartir por correo'><span class='avia_hidden_link_text'>Compartir por correo<\/span><\/a><\/li><\/ul><\/div><\/div>\n<div  style='height:50px' class='hr hr-invisible   avia-builder-el-8  el_after_av_social_share  el_before_av_comments_list '><span class='hr-inner ' ><span class='hr-inner-style'><\/span><\/span><\/div>\n<div  class='av-buildercomment  av-blog-meta-html-info-disabled av-blog-meta-tag-disabled  '><\/div>\n","protected":false},"excerpt":{"rendered":"","protected":false},"author":1,"featured_media":36753,"comment_status":"open","ping_status":"open","sticky":false,"template":"","format":"standard","meta":{"footnotes":""},"categories":[46],"tags":[],"class_list":["post-36752","post","type-post","status-publish","format-standard","has-post-thumbnail","hentry","category-salud"],"jetpack_featured_media_url":"https:\/\/radiorevelacionfm.cl\/wp-content\/uploads\/2023\/11\/SEMINARIO-6-1-1.jpeg","_links":{"self":[{"href":"https:\/\/radiorevelacionfm.cl\/index.php?rest_route=\/wp\/v2\/posts\/36752","targetHints":{"allow":["GET"]}}],"collection":[{"href":"https:\/\/radiorevelacionfm.cl\/index.php?rest_route=\/wp\/v2\/posts"}],"about":[{"href":"https:\/\/radiorevelacionfm.cl\/index.php?rest_route=\/wp\/v2\/types\/post"}],"author":[{"embeddable":true,"href":"https:\/\/radiorevelacionfm.cl\/index.php?rest_route=\/wp\/v2\/users\/1"}],"replies":[{"embeddable":true,"href":"https:\/\/radiorevelacionfm.cl\/index.php?rest_route=%2Fwp%2Fv2%2Fcomments&post=36752"}],"version-history":[{"count":1,"href":"https:\/\/radiorevelacionfm.cl\/index.php?rest_route=\/wp\/v2\/posts\/36752\/revisions"}],"predecessor-version":[{"id":36754,"href":"https:\/\/radiorevelacionfm.cl\/index.php?rest_route=\/wp\/v2\/posts\/36752\/revisions\/36754"}],"wp:featuredmedia":[{"embeddable":true,"href":"https:\/\/radiorevelacionfm.cl\/index.php?rest_route=\/wp\/v2\/media\/36753"}],"wp:attachment":[{"href":"https:\/\/radiorevelacionfm.cl\/index.php?rest_route=%2Fwp%2Fv2%2Fmedia&parent=36752"}],"wp:term":[{"taxonomy":"category","embeddable":true,"href":"https:\/\/radiorevelacionfm.cl\/index.php?rest_route=%2Fwp%2Fv2%2Fcategories&post=36752"},{"taxonomy":"post_tag","embeddable":true,"href":"https:\/\/radiorevelacionfm.cl\/index.php?rest_route=%2Fwp%2Fv2%2Ftags&post=36752"}],"curies":[{"name":"wp","href":"https:\/\/api.w.org\/{rel}","templated":true}]}}