{"id":3675,"date":"2021-04-30T11:35:28","date_gmt":"2021-04-30T14:35:28","guid":{"rendered":"https:\/\/radiorevelacionfm.cl\/?p=3675"},"modified":"2021-04-30T11:35:28","modified_gmt":"2021-04-30T14:35:28","slug":"con-recursos-fondeporte-club-deportivo-aysen-desarrolla-escuela-deportiva","status":"publish","type":"post","link":"https:\/\/radiorevelacionfm.cl\/?p=3675","title":{"rendered":"Con recursos Fondeporte Club Deportivo Ays\u00e9n desarrolla escuela deportiva"},"content":{"rendered":"<div class=\"flex_column av_one_full  flex_column_div av-zero-column-padding first  avia-builder-el-0  el_before_av_one_full  avia-builder-el-first  \" style='border-radius:0px; '><div  class='avia-image-container  av-styling-    avia-builder-el-1  avia-builder-el-no-sibling  avia-align-center '  itemprop=\"image\" itemscope=\"itemscope\" itemtype=\"https:\/\/schema.org\/ImageObject\"  ><div class='avia-image-container-inner'><div class='avia-image-overlay-wrap'><img decoding=\"async\" class='wp-image-0 avia-img-lazy-loading-not-0 avia_image' src=\"https:\/\/radiorevelacionfm.cl\/wp-content\/uploads\/2021\/04\/4-6_optimized.jpeg\" alt='' title=''   itemprop=\"thumbnailUrl\"  \/><\/div><\/div><\/div><\/div><div class=\"flex_column av_one_full  flex_column_div av-zero-column-padding first  avia-builder-el-2  el_after_av_one_full  el_before_av_one_full  column-top-margin\" style='border-radius:0px; '><section class=\"av_textblock_section \"  itemscope=\"itemscope\" itemtype=\"https:\/\/schema.org\/BlogPosting\" itemprop=\"blogPost\" ><div class='avia_textblock  '   itemprop=\"text\" ><p style=\"text-align: center;\"><strong><span style=\"font-size: 18pt;\">Con recursos Fondeporte Club Deportivo Ays\u00e9n desarrolla escuela deportiva<\/span><\/strong><\/p>\n<div id=\"gtx-trans\" style=\"position: absolute; left: -50px; top: 4.31534px;\">\n<div class=\"gtx-trans-icon\"><\/div>\n<\/div>\n<\/div><\/section><\/div><div class=\"flex_column av_one_full  flex_column_div av-zero-column-padding first  avia-builder-el-4  el_after_av_one_full  el_before_av_hr  column-top-margin\" style='border-radius:0px; '><section class=\"av_textblock_section \"  itemscope=\"itemscope\" itemtype=\"https:\/\/schema.org\/BlogPosting\" itemprop=\"blogPost\" ><div class='avia_textblock  '   itemprop=\"text\" ><p class=\"v1MsoNormal\" style=\"text-align: justify;\">\u00abNi\u00f1os y ni\u00f1as aprendiendo a jugar\u00bb se denomina el\u00a0 proyecto beneficiado por el concurso que convoca todos los a\u00f1os el Ministerio del Deporte a trav\u00e9s del\u00a0 Instituto Nacional de Deportes.<\/p>\n<p class=\"v1MsoNormal\" style=\"text-align: justify;\">El Ministerio del Deporte junto al IND regional han seguido impulsando iniciativas deportivas correspondientes al Fondo Nacional para el Fomento del Deporte a\u00f1o 2020, ampliando el plazo de ejecuci\u00f3n con el objetivo de que los clubes y organizaciones logren concretar sus proyectos a pesar de la pandemia que afecta al pa\u00eds.<\/p>\n<p class=\"v1MsoNormal\" style=\"text-align: justify;\">En este sentido, esta semana el Director \u00a0Regional del Ind Jos\u00e9 Manuel Sep\u00falveda hizo entrega de diversa implementaci\u00f3n deportiva que complementar\u00e1 el trabajo de t\u00e9cnicos y profesores, en el marco del desarrollo del proyecto de escuela deportiva \u00a0que se est\u00e1 ejecutando \u00a0desde el mes pasado en Puerto Ays\u00e9n.<\/p>\n<p class=\"v1MsoNormal\" style=\"text-align: justify;\">As\u00ed lo explic\u00f3 el Seremi del Deporte Rodrigo Cubilla Retamal quien se\u00f1al\u00f3 \u00abes muy reconfortante ver como se cumplen los sue\u00f1os deportivos de este club al adjudicarse un fondo superior a los cuatro millones de pesos, lo que les permite beneficiar a un importante grupo de ni\u00f1as y ni\u00f1os entreg\u00e1ndoles formaci\u00f3n\u00a0y herramientas para proyectarse en la disciplina del f\u00fatbol, \u00a0lo que sin duda no tiene muy contentos y es parte del compromiso del Gobierno del Presidente Sebasti\u00e1n Pi\u00f1era y \u00a0de la\u00a0 Ministra del Deporte en el sentido de \u00a0llegar a todas la personas y a todos los rincones del pa\u00eds.\u00bb<\/p>\n<p class=\"v1MsoNormal\" style=\"text-align: justify;\">Asimismo,\u00a0Yenny Gonz\u00e1lez directora de proyectos del Club Deportivo Ays\u00e9n precis\u00f3 \u00abese es un \u00a0proyecto Fondeporte a\u00f1o 2020 adjudicado por nuestro club y que tiene como finalidad promover el trabajo t\u00e1ctico y f\u00edsico de ni\u00f1as y ni\u00f1os en una actividad que fomenta la integraci\u00f3n igualitaria de g\u00e9neros desde la infancia.\u00bb<\/p>\n<p class=\"v1MsoNormal\" style=\"text-align: justify;\">La invitaci\u00f3n es a participar e inscribirse en estos cursos realizados por\u00a0 Tamara Garc\u00eda profesora de educaci\u00f3n f\u00edsica, \u00a0y por el entrenador Patricio Ojeda,\u00a0 cuya duraci\u00f3n es de ocho meses, con clases 3 veces por semana.<\/p>\n<\/div><\/section><\/div><div  style='height:50px' class='hr hr-invisible   avia-builder-el-6  el_after_av_one_full  el_before_av_social_share '><span class='hr-inner ' ><span class='hr-inner-style'><\/span><\/span><\/div><\/p>\n<div  class='av-social-sharing-box  avia-builder-el-7  el_after_av_hr  el_before_av_hr  '><div class='av-share-box'><h5 class='av-share-link-description av-no-toc '>Compartir esta noticia<\/h5><ul class='av-share-box-list noLightbox'><li class='av-share-link av-social-link-facebook' ><a target=\"_blank\" aria-label=\"Compartir en Facebook\" href='https:\/\/www.facebook.com\/sharer.php?u=https:\/\/radiorevelacionfm.cl\/?p=3675&#038;t=Con%20recursos%20Fondeporte%20Club%20Deportivo%20Ays%C3%A9n%20desarrolla%20escuela%20deportiva' aria-hidden='false' data-av_icon='\ue8f3' data-av_iconfont='entypo-fontello' title='' data-avia-related-tooltip='Compartir en Facebook' rel=\"noopener\"><span class='avia_hidden_link_text'>Compartir en Facebook<\/span><\/a><\/li><li class='av-share-link av-social-link-twitter' ><a target=\"_blank\" aria-label=\"Compartir en Twitter\" href='https:\/\/twitter.com\/share?text=Con%20recursos%20Fondeporte%20Club%20Deportivo%20Ays%C3%A9n%20desarrolla%20escuela%20deportiva&#038;url=https:\/\/radiorevelacionfm.cl\/?p=3675' aria-hidden='false' data-av_icon='\ue8f1' data-av_iconfont='entypo-fontello' title='' data-avia-related-tooltip='Compartir en Twitter' rel=\"noopener\"><span class='avia_hidden_link_text'>Compartir en Twitter<\/span><\/a><\/li><li class='av-share-link av-social-link-whatsapp' ><a target=\"_blank\" aria-label=\"Compartir en Whatsapp\" href='https:\/\/api.whatsapp.com\/send?text=https:\/\/radiorevelacionfm.cl\/?p=3675' aria-hidden='false' data-av_icon='\uf232' data-av_iconfont='entypo-fontello' title='' data-avia-related-tooltip='Compartir en Whatsapp' rel=\"noopener\"><span class='avia_hidden_link_text'>Compartir en Whatsapp<\/span><\/a><\/li><li class='av-share-link av-social-link-linkedin' ><a target=\"_blank\" aria-label=\"Compartir en LinkedIn\" href='https:\/\/linkedin.com\/shareArticle?mini=true&#038;title=Con%20recursos%20Fondeporte%20Club%20Deportivo%20Ays%C3%A9n%20desarrolla%20escuela%20deportiva&#038;url=https:\/\/radiorevelacionfm.cl\/?p=3675' aria-hidden='false' data-av_icon='\ue8fc' data-av_iconfont='entypo-fontello' title='' data-avia-related-tooltip='Compartir en LinkedIn' rel=\"noopener\"><span class='avia_hidden_link_text'>Compartir en LinkedIn<\/span><\/a><\/li><li class='av-share-link av-social-link-mail' ><a  aria-label=\"Compartir por correo\" href='mailto:?subject=Con%20recursos%20Fondeporte%20Club%20Deportivo%20Ays%C3%A9n%20desarrolla%20escuela%20deportiva&#038;body=https:\/\/radiorevelacionfm.cl\/?p=3675' aria-hidden='false' data-av_icon='\ue805' data-av_iconfont='entypo-fontello' title='' data-avia-related-tooltip='Compartir por correo'><span class='avia_hidden_link_text'>Compartir por correo<\/span><\/a><\/li><\/ul><\/div><\/div>\n<div  style='height:50px' class='hr hr-invisible   avia-builder-el-8  el_after_av_social_share  el_before_av_comments_list '><span class='hr-inner ' ><span class='hr-inner-style'><\/span><\/span><\/div>\n<div  class='av-buildercomment  av-blog-meta-html-info-disabled av-blog-meta-tag-disabled  '><\/div>\n","protected":false},"excerpt":{"rendered":"","protected":false},"author":1,"featured_media":0,"comment_status":"open","ping_status":"open","sticky":false,"template":"","format":"standard","meta":{"footnotes":""},"categories":[40],"tags":[],"class_list":["post-3675","post","type-post","status-publish","format-standard","hentry","category-deportes"],"jetpack_featured_media_url":"","_links":{"self":[{"href":"https:\/\/radiorevelacionfm.cl\/index.php?rest_route=\/wp\/v2\/posts\/3675","targetHints":{"allow":["GET"]}}],"collection":[{"href":"https:\/\/radiorevelacionfm.cl\/index.php?rest_route=\/wp\/v2\/posts"}],"about":[{"href":"https:\/\/radiorevelacionfm.cl\/index.php?rest_route=\/wp\/v2\/types\/post"}],"author":[{"embeddable":true,"href":"https:\/\/radiorevelacionfm.cl\/index.php?rest_route=\/wp\/v2\/users\/1"}],"replies":[{"embeddable":true,"href":"https:\/\/radiorevelacionfm.cl\/index.php?rest_route=%2Fwp%2Fv2%2Fcomments&post=3675"}],"version-history":[{"count":1,"href":"https:\/\/radiorevelacionfm.cl\/index.php?rest_route=\/wp\/v2\/posts\/3675\/revisions"}],"predecessor-version":[{"id":3677,"href":"https:\/\/radiorevelacionfm.cl\/index.php?rest_route=\/wp\/v2\/posts\/3675\/revisions\/3677"}],"wp:attachment":[{"href":"https:\/\/radiorevelacionfm.cl\/index.php?rest_route=%2Fwp%2Fv2%2Fmedia&parent=3675"}],"wp:term":[{"taxonomy":"category","embeddable":true,"href":"https:\/\/radiorevelacionfm.cl\/index.php?rest_route=%2Fwp%2Fv2%2Fcategories&post=3675"},{"taxonomy":"post_tag","embeddable":true,"href":"https:\/\/radiorevelacionfm.cl\/index.php?rest_route=%2Fwp%2Fv2%2Ftags&post=3675"}],"curies":[{"name":"wp","href":"https:\/\/api.w.org\/{rel}","templated":true}]}}