{"id":36749,"date":"2023-11-09T11:23:00","date_gmt":"2023-11-09T14:23:00","guid":{"rendered":"https:\/\/radiorevelacionfm.cl\/?p=36749"},"modified":"2023-11-09T11:23:00","modified_gmt":"2023-11-09T14:23:00","slug":"joven-aysenino-que-pedia-ayuda-fue-trasladado-santiago-y-se-encuentra-a-la-espera-de-alternativas-que-le-permitan-acceder-a-un-trasplante","status":"publish","type":"post","link":"https:\/\/radiorevelacionfm.cl\/?p=36749","title":{"rendered":"Joven aysenino que ped\u00eda ayuda fue trasladado Santiago y se encuentra a la espera de alternativas que le permitan acceder a un trasplante"},"content":{"rendered":"<div class=\"flex_column av_one_full  flex_column_div av-zero-column-padding first  avia-builder-el-0  el_before_av_one_full  avia-builder-el-first  \" style='border-radius:0px; '><div  class='avia-image-container  av-styling-    avia-builder-el-1  avia-builder-el-no-sibling  avia-align-center '  itemprop=\"image\" itemscope=\"itemscope\" itemtype=\"https:\/\/schema.org\/ImageObject\"  ><div class='avia-image-container-inner'><div class='avia-image-overlay-wrap'><img decoding=\"async\" class='wp-image-36750 avia-img-lazy-loading-not-36750 avia_image' src=\"https:\/\/radiorevelacionfm.cl\/wp-content\/uploads\/2023\/11\/Img-cristianvelaz-1-1.jpg\" alt='' title='Img-cristianvelaz (1) (1)' height=\"600\" width=\"800\"  itemprop=\"thumbnailUrl\" srcset=\"https:\/\/radiorevelacionfm.cl\/wp-content\/uploads\/2023\/11\/Img-cristianvelaz-1-1.jpg 800w, https:\/\/radiorevelacionfm.cl\/wp-content\/uploads\/2023\/11\/Img-cristianvelaz-1-1-300x225.jpg 300w, https:\/\/radiorevelacionfm.cl\/wp-content\/uploads\/2023\/11\/Img-cristianvelaz-1-1-768x576.jpg 768w, https:\/\/radiorevelacionfm.cl\/wp-content\/uploads\/2023\/11\/Img-cristianvelaz-1-1-705x529.jpg 705w, https:\/\/radiorevelacionfm.cl\/wp-content\/uploads\/2023\/11\/Img-cristianvelaz-1-1-450x338.jpg 450w, https:\/\/radiorevelacionfm.cl\/wp-content\/uploads\/2023\/11\/Img-cristianvelaz-1-1-600x450.jpg 600w\" sizes=\"(max-width: 800px) 100vw, 800px\" \/><\/div><\/div><\/div><\/div><div class=\"flex_column av_one_full  flex_column_div av-zero-column-padding first  avia-builder-el-2  el_after_av_one_full  el_before_av_one_full  column-top-margin\" style='border-radius:0px; '><section class=\"av_textblock_section \"  itemscope=\"itemscope\" itemtype=\"https:\/\/schema.org\/BlogPosting\" itemprop=\"blogPost\" ><div class='avia_textblock  '   itemprop=\"text\" ><p style=\"text-align: center;\"><span style=\"font-size: 18pt;\"><strong>Joven aysenino que ped\u00eda ayuda fue trasladado Santiago y se encuentra a la espera de alternativas que le permitan acceder a un trasplante<\/strong><\/span><\/p>\n<div id=\"gtx-trans\" style=\"position: absolute; left: -50px; top: 4.31534px;\">\n<div class=\"gtx-trans-icon\"><\/div>\n<\/div>\n<\/div><\/section><\/div><div class=\"flex_column av_one_full  flex_column_div av-zero-column-padding first  avia-builder-el-4  el_after_av_one_full  el_before_av_hr  column-top-margin\" style='border-radius:0px; '><section class=\"av_textblock_section \"  itemscope=\"itemscope\" itemtype=\"https:\/\/schema.org\/BlogPosting\" itemprop=\"blogPost\" ><div class='avia_textblock  '   itemprop=\"text\" ><p style=\"text-align: justify;\">Luego de que su caso fuera ampliamente difundido en medios de comunicaci\u00f3n y redes sociales el joven aysenino, Cristian Vel\u00e1squez Panichini, fue finalmente trasladado hasta un importante recinto asistencial en Santiago para resolver de forma temporal la grave condici\u00f3n que no le permit\u00eda desarrollar su tratamiento de di\u00e1lisis en el Hospital Regional de Coyhaique. Sin embargo, el Servicio de Salud de Ays\u00e9n a\u00fan no determina cual ser\u00e1 el Centro de Referencia en el que pondr\u00e1n contar con la atenci\u00f3n especializada que requiere en v\u00edas a un trasplante de Ri\u00f1\u00f3n. El peor temor para el joven y su entorno es retornar a la Patagonia y quedar sin opciones disponibles.<\/p>\n<p style=\"text-align: justify;\">Al respecto y a trav\u00e9s de un Live en la plataforma Instagram, Cristian junto a su pareja expusieron parte de las vivencias que han debido enfrentar en los \u00faltimos d\u00edas. Principalmente, agradeciendo a quienes han apoyado a que su condici\u00f3n pueda ser revisada por las autoridades sanitarias, lo que conllevo a su traslado hasta la Cl\u00ednica Las Condes.<\/p>\n<p style=\"text-align: justify;\">En este sentido, el aysenino de 32 a\u00f1os expres\u00f3 lo lamentable de esta situaci\u00f3n \u201cestoy igual molesto de todo esto, no de los funcionarios de la salud, sino que la salud en general que sea tan mala, que no tengamos respuesta para nada, que vivimos en una Regi\u00f3n donde las carencias de especialistas son muy grandes. No tenemos v\u00edas de conexi\u00f3n, si no es mar\u00edtima o por aire. Lo m\u00edo parti\u00f3 hace casi un mes y medio o dos meses. Fue cuando yo not\u00e9 una leve inflamaci\u00f3n en la f\u00edstula, pero no fue tomada en cuenta, puede ser que te golpeaste me dijeron en esa oportunidad y ah\u00ed se origin\u00f3 todo\u201d.<\/p>\n<p style=\"text-align: justify;\">De igual manera, Vel\u00e1squez Panichini, relat\u00f3 lo acontecido en el Hospital Regional de Coyhaique donde explica que lleg\u00f3 con una F\u00edstula totalmente disfuncional. En recinto le tomaron una serie de ex\u00e1menes, sin embargo, despu\u00e9s de descartar algunas situaciones fue enviado a Puerto Ays\u00e9n de regreso. A la semana siguiente, tras verlo el cirujano vascular se le indica que ya se no se podr\u00eda continuar su tratamiento en la zona para evitar alguna situaci\u00f3n m\u00e1s riesgosa.<\/p>\n<p style=\"text-align: justify;\">A rengl\u00f3n seguido, Cristian Vel\u00e1squez explic\u00f3 que luego de ello busc\u00f3 ayuda para trasladarse a Santiago donde se encuentra actualmente. Fue as\u00ed como luego de una amplia paleta de ex\u00e1menes nuevamente fue ingresado a pabell\u00f3n con la esperanza de tener un cat\u00e9ter en una de sus piernas. Pero tras la intervenci\u00f3n el cirujano en la capital nacional le indic\u00f3 que \u201cno tienes la posibilidad de otra pr\u00f3tesis, otro cat\u00e9ter, otra f\u00edstula, ni dializarte por el peritoneo\u201d, por lo que, se le intervino de forma extraordinaria con miras a un trasplante de Ri\u00f1\u00f3n.<\/p>\n<p style=\"text-align: justify;\">Finalmente, el aysenino agradeci\u00f3 la movilizaci\u00f3n de distintos actores en pos de concretar su traslado hasta Santiago. Esfuerzo en el que fue clave la acci\u00f3n conjunta de la Senadora por la Regi\u00f3n de Ays\u00e9n, Ximena Ordenes Neira y la diputada Ana Mar\u00eda Gazmuri. Actualmente, su condici\u00f3n es estable dentro de la gravedad de su estado pero para su entorno el peor temor es la incertidumbre de ser llevado nuevamente a Ays\u00e9n sin un tratamiento efectivo, por lo que abogan a la comprensi\u00f3n de quienes toman las decisiones en Salud.<\/p>\n<\/div><\/section><\/div><div  style='height:50px' class='hr hr-invisible   avia-builder-el-6  el_after_av_one_full  el_before_av_social_share '><span class='hr-inner ' ><span class='hr-inner-style'><\/span><\/span><\/div><\/p>\n<div  class='av-social-sharing-box  avia-builder-el-7  el_after_av_hr  el_before_av_hr  '><div class='av-share-box'><h5 class='av-share-link-description av-no-toc '>Compartir esta noticia<\/h5><ul class='av-share-box-list noLightbox'><li class='av-share-link av-social-link-facebook' ><a target=\"_blank\" aria-label=\"Compartir en Facebook\" href='https:\/\/www.facebook.com\/sharer.php?u=https:\/\/radiorevelacionfm.cl\/?p=36749&#038;t=Joven%20aysenino%20que%20ped%C3%ADa%20ayuda%20fue%20trasladado%20Santiago%20y%20se%20encuentra%20a%20la%20espera%20de%20alternativas%20que%20le%20permitan%20acceder%20a%20un%20trasplante' aria-hidden='false' data-av_icon='\ue8f3' data-av_iconfont='entypo-fontello' title='' data-avia-related-tooltip='Compartir en Facebook' rel=\"noopener\"><span class='avia_hidden_link_text'>Compartir en Facebook<\/span><\/a><\/li><li class='av-share-link av-social-link-twitter' ><a target=\"_blank\" aria-label=\"Compartir en Twitter\" href='https:\/\/twitter.com\/share?text=Joven%20aysenino%20que%20ped%C3%ADa%20ayuda%20fue%20trasladado%20Santiago%20y%20se%20encuentra%20a%20la%20espera%20de%20alternativas%20que%20le%20permitan%20acceder%20a%20un%20trasplante&#038;url=https:\/\/radiorevelacionfm.cl\/?p=36749' aria-hidden='false' data-av_icon='\ue8f1' data-av_iconfont='entypo-fontello' title='' data-avia-related-tooltip='Compartir en Twitter' rel=\"noopener\"><span class='avia_hidden_link_text'>Compartir en Twitter<\/span><\/a><\/li><li class='av-share-link av-social-link-whatsapp' ><a target=\"_blank\" aria-label=\"Compartir en Whatsapp\" href='https:\/\/api.whatsapp.com\/send?text=https:\/\/radiorevelacionfm.cl\/?p=36749' aria-hidden='false' data-av_icon='\uf232' data-av_iconfont='entypo-fontello' title='' data-avia-related-tooltip='Compartir en Whatsapp' rel=\"noopener\"><span class='avia_hidden_link_text'>Compartir en Whatsapp<\/span><\/a><\/li><li class='av-share-link av-social-link-linkedin' ><a target=\"_blank\" aria-label=\"Compartir en LinkedIn\" href='https:\/\/linkedin.com\/shareArticle?mini=true&#038;title=Joven%20aysenino%20que%20ped%C3%ADa%20ayuda%20fue%20trasladado%20Santiago%20y%20se%20encuentra%20a%20la%20espera%20de%20alternativas%20que%20le%20permitan%20acceder%20a%20un%20trasplante&#038;url=https:\/\/radiorevelacionfm.cl\/?p=36749' aria-hidden='false' data-av_icon='\ue8fc' data-av_iconfont='entypo-fontello' title='' data-avia-related-tooltip='Compartir en LinkedIn' rel=\"noopener\"><span class='avia_hidden_link_text'>Compartir en LinkedIn<\/span><\/a><\/li><li class='av-share-link av-social-link-mail' ><a  aria-label=\"Compartir por correo\" href='mailto:?subject=Joven%20aysenino%20que%20ped%C3%ADa%20ayuda%20fue%20trasladado%20Santiago%20y%20se%20encuentra%20a%20la%20espera%20de%20alternativas%20que%20le%20permitan%20acceder%20a%20un%20trasplante&#038;body=https:\/\/radiorevelacionfm.cl\/?p=36749' aria-hidden='false' data-av_icon='\ue805' data-av_iconfont='entypo-fontello' title='' data-avia-related-tooltip='Compartir por correo'><span class='avia_hidden_link_text'>Compartir por correo<\/span><\/a><\/li><\/ul><\/div><\/div>\n<div  style='height:50px' class='hr hr-invisible   avia-builder-el-8  el_after_av_social_share  el_before_av_comments_list '><span class='hr-inner ' ><span class='hr-inner-style'><\/span><\/span><\/div>\n<div  class='av-buildercomment  av-blog-meta-html-info-disabled av-blog-meta-tag-disabled  '><\/div>\n","protected":false},"excerpt":{"rendered":"","protected":false},"author":1,"featured_media":36750,"comment_status":"open","ping_status":"open","sticky":false,"template":"","format":"standard","meta":{"footnotes":""},"categories":[38],"tags":[],"class_list":["post-36749","post","type-post","status-publish","format-standard","has-post-thumbnail","hentry","category-regional"],"jetpack_featured_media_url":"https:\/\/radiorevelacionfm.cl\/wp-content\/uploads\/2023\/11\/Img-cristianvelaz-1-1.jpg","_links":{"self":[{"href":"https:\/\/radiorevelacionfm.cl\/index.php?rest_route=\/wp\/v2\/posts\/36749","targetHints":{"allow":["GET"]}}],"collection":[{"href":"https:\/\/radiorevelacionfm.cl\/index.php?rest_route=\/wp\/v2\/posts"}],"about":[{"href":"https:\/\/radiorevelacionfm.cl\/index.php?rest_route=\/wp\/v2\/types\/post"}],"author":[{"embeddable":true,"href":"https:\/\/radiorevelacionfm.cl\/index.php?rest_route=\/wp\/v2\/users\/1"}],"replies":[{"embeddable":true,"href":"https:\/\/radiorevelacionfm.cl\/index.php?rest_route=%2Fwp%2Fv2%2Fcomments&post=36749"}],"version-history":[{"count":1,"href":"https:\/\/radiorevelacionfm.cl\/index.php?rest_route=\/wp\/v2\/posts\/36749\/revisions"}],"predecessor-version":[{"id":36751,"href":"https:\/\/radiorevelacionfm.cl\/index.php?rest_route=\/wp\/v2\/posts\/36749\/revisions\/36751"}],"wp:featuredmedia":[{"embeddable":true,"href":"https:\/\/radiorevelacionfm.cl\/index.php?rest_route=\/wp\/v2\/media\/36750"}],"wp:attachment":[{"href":"https:\/\/radiorevelacionfm.cl\/index.php?rest_route=%2Fwp%2Fv2%2Fmedia&parent=36749"}],"wp:term":[{"taxonomy":"category","embeddable":true,"href":"https:\/\/radiorevelacionfm.cl\/index.php?rest_route=%2Fwp%2Fv2%2Fcategories&post=36749"},{"taxonomy":"post_tag","embeddable":true,"href":"https:\/\/radiorevelacionfm.cl\/index.php?rest_route=%2Fwp%2Fv2%2Ftags&post=36749"}],"curies":[{"name":"wp","href":"https:\/\/api.w.org\/{rel}","templated":true}]}}