{"id":36746,"date":"2023-11-09T15:17:44","date_gmt":"2023-11-09T18:17:44","guid":{"rendered":"https:\/\/radiorevelacionfm.cl\/?p=36746"},"modified":"2023-11-09T15:27:38","modified_gmt":"2023-11-09T18:27:38","slug":"realizan-positivo-balance-economico-de-feria-de-las-culturas-aysen-2023","status":"publish","type":"post","link":"https:\/\/radiorevelacionfm.cl\/?p=36746","title":{"rendered":"Cuentas alegres sacan Artesanos\/as tras realizaci\u00f3n de Feria de las Culturas Ays\u00e9n"},"content":{"rendered":"<div class=\"flex_column av_one_full  flex_column_div av-zero-column-padding first  avia-builder-el-0  el_before_av_one_full  avia-builder-el-first  \" style='border-radius:0px; '><div  class='avia-image-container  av-styling-    avia-builder-el-1  avia-builder-el-no-sibling  avia-align-center '  itemprop=\"image\" itemscope=\"itemscope\" itemtype=\"https:\/\/schema.org\/ImageObject\"  ><div class='avia-image-container-inner'><div class='avia-image-overlay-wrap'><img decoding=\"async\" class='wp-image-36747 avia-img-lazy-loading-not-36747 avia_image' src=\"https:\/\/radiorevelacionfm.cl\/wp-content\/uploads\/2023\/11\/feria-balance1-1-1.jpg\" alt='' title='feria balance1 (1) (1)' height=\"600\" width=\"899\"  itemprop=\"thumbnailUrl\" srcset=\"https:\/\/radiorevelacionfm.cl\/wp-content\/uploads\/2023\/11\/feria-balance1-1-1.jpg 899w, https:\/\/radiorevelacionfm.cl\/wp-content\/uploads\/2023\/11\/feria-balance1-1-1-300x200.jpg 300w, https:\/\/radiorevelacionfm.cl\/wp-content\/uploads\/2023\/11\/feria-balance1-1-1-768x513.jpg 768w, https:\/\/radiorevelacionfm.cl\/wp-content\/uploads\/2023\/11\/feria-balance1-1-1-705x471.jpg 705w, https:\/\/radiorevelacionfm.cl\/wp-content\/uploads\/2023\/11\/feria-balance1-1-1-450x300.jpg 450w, https:\/\/radiorevelacionfm.cl\/wp-content\/uploads\/2023\/11\/feria-balance1-1-1-600x400.jpg 600w\" sizes=\"(max-width: 899px) 100vw, 899px\" \/><\/div><\/div><\/div><\/div>\n<div class=\"flex_column av_one_full  flex_column_div av-zero-column-padding first  avia-builder-el-2  el_after_av_one_full  el_before_av_one_full  column-top-margin\" style='border-radius:0px; '><section class=\"av_textblock_section \"  itemscope=\"itemscope\" itemtype=\"https:\/\/schema.org\/BlogPosting\" itemprop=\"blogPost\" ><div class='avia_textblock  '   itemprop=\"text\" ><p style=\"text-align: center;\"><strong><span style=\"font-size: 18pt;\"> Cuentas alegres sacan Artesanos\/as tras realizaci\u00f3n de Feria de las Culturas Ays\u00e9n<\/span><\/strong><\/p>\n<div id=\"gtx-trans\" style=\"position: absolute; left: -50px; top: 4.31534px;\">\n<div class=\"gtx-trans-icon\"><\/div>\n<\/div>\n<\/div><\/section><\/div><div class=\"flex_column av_one_full  flex_column_div av-zero-column-padding first  avia-builder-el-4  el_after_av_one_full  el_before_av_hr  column-top-margin\" style='border-radius:0px; '><section class=\"av_textblock_section \"  itemscope=\"itemscope\" itemtype=\"https:\/\/schema.org\/BlogPosting\" itemprop=\"blogPost\" ><div class='avia_textblock  '   itemprop=\"text\" ><p style=\"text-align: justify;\">Cuentas alegres sacan por estos d\u00edas artesanos y artesanas de la Regi\u00f3n de Ays\u00e9n, tras haber sido parte de los m\u00e1s de 50 expositores de la cuarta Feria de las Culturas Ays\u00e9n 2023, que reuni\u00f3 a miles de vecinos y vecinas en el kil\u00f3metro cero, plena Plaza Pentagonal de Coyhaique.<\/p>\n<p style=\"text-align: justify;\">Y es que la actividad permiti\u00f3 la venta de artesan\u00edas, fotograf\u00edas, tejidos, tallados y un sinf\u00edn de productos que mostraron la diversidad de t\u00e9cnicas que alberga nuestra identidad cultural. En total, las ventas superaron los 17 millones de pesos, cifra m\u00e1s que significativa para el seremi de Econom\u00eda Felipe Rojas Pizarro, quien visit\u00f3 el espacio junto a la subsecretaria de Turismo, Ver\u00f3nica Pardo Lagos.<\/p>\n<p style=\"text-align: justify;\">Para Rojas, \u201cla cifra de ventas conseguidas en la cuarta Feria de las Culturas de Ays\u00e9n, la que adem\u00e1s congreg\u00f3 a m\u00e1s de 3.000 personas, es una muestra m\u00e1s de que la cultura local, en sus m\u00e1s diversas ramificaciones, es un sector que debe continuar recibiendo un constante apoyo y fomento mediante diversos instrumentos, para seguir creciendo, capacit\u00e1ndose y multiplicando sus capacidades creativas. Desde la Seremi de Econom\u00eda, vemos c\u00f3mo el mundo de la cultura, en espec\u00edfico desde el sector creativo y artesanal, se ha convertido en un actor relevante para la dinamizaci\u00f3n de la econom\u00eda local\u201d.<\/p>\n<p style=\"text-align: justify;\">El seremi de Culturas Ays\u00e9n, Felipe Quiroz V\u00e1squez, puso sobre relieve el trabajo colaborativo que permiti\u00f3 el \u00e9xito de la feria: \u201cla diversidad de la producci\u00f3n art\u00edstica de las 10 comunas de nuestra regi\u00f3n atrajo a miles de personas que consumieron cultura durante tres d\u00edas, potenciando la reactivaci\u00f3n del sector. Este a\u00f1o trabajamos con diversas instituciones como Pro Chile y la municipalidad de Coyhaique. Pero no quiere no queremos quedarnos ah\u00ed. Queremos invitar tambi\u00e9n al sector privado a sumarse a esta iniciativa y a formar parte de la quinta feria el 2024, un espacio que se va convirtiendo en tradici\u00f3n regional\u201d.<\/p>\n<p style=\"text-align: justify;\">La Feria de Culturas Ays\u00e9n 2023 cont\u00f3 con el apoyo de ProChile y la Municipalidad de Coyhaique, instituci\u00f3n que facilit\u00f3 el espacio, punto neur\u00e1lgico de reuni\u00f3n ciudadana.<\/p>\n<p style=\"text-align: justify;\">El alcalde de Coyhaique, Carlos Gatica Villegas, visit\u00f3 la feria junto a parte de su equipo: \u201cNosotros, por supuesto, apoyamos este tipo de iniciativas que no solamente potencia el desarrollo de la cultura, sino que adem\u00e1s, el emprendimiento social de la cultura y eso es muy importante para generar una atm\u00f3sfera en donde se valore este espacio. La verdad es que en el \u00e1mbito de la colaboraci\u00f3n, por supuesto, que cuando el seremi y toda la instituci\u00f3n nos propone esta iniciativa nosotros siempre llanos a colaborar y qu\u00e9 mejor que esto; hay que que darle vida a Coyhaique y, por supuesto, defender las culturas, las tradiciones, algo tan ligado a nosotros. Hay que seguir trabajando en este mismo sentido\u201d.<\/p>\n<\/div><\/section><\/div><\/p>\n<div  style='height:50px' class='hr hr-invisible   avia-builder-el-6  el_after_av_one_full  el_before_av_social_share '><span class='hr-inner ' ><span class='hr-inner-style'><\/span><\/span><\/div>\n<div  class='av-social-sharing-box  avia-builder-el-7  el_after_av_hr  el_before_av_hr  '><div class='av-share-box'><h5 class='av-share-link-description av-no-toc '>Compartir esta noticia<\/h5><ul class='av-share-box-list noLightbox'><li class='av-share-link av-social-link-facebook' ><a target=\"_blank\" aria-label=\"Compartir en Facebook\" href='https:\/\/www.facebook.com\/sharer.php?u=https:\/\/radiorevelacionfm.cl\/?p=36746&#038;t=Cuentas%20alegres%20sacan%20Artesanos%2Fas%20tras%20realizaci%C3%B3n%20de%20Feria%20de%20las%20Culturas%20Ays%C3%A9n' aria-hidden='false' data-av_icon='\ue8f3' data-av_iconfont='entypo-fontello' title='' data-avia-related-tooltip='Compartir en Facebook' rel=\"noopener\"><span class='avia_hidden_link_text'>Compartir en Facebook<\/span><\/a><\/li><li class='av-share-link av-social-link-twitter' ><a target=\"_blank\" aria-label=\"Compartir en Twitter\" href='https:\/\/twitter.com\/share?text=Cuentas%20alegres%20sacan%20Artesanos%2Fas%20tras%20realizaci%C3%B3n%20de%20Feria%20de%20las%20Culturas%20Ays%C3%A9n&#038;url=https:\/\/radiorevelacionfm.cl\/?p=36746' aria-hidden='false' data-av_icon='\ue8f1' data-av_iconfont='entypo-fontello' title='' data-avia-related-tooltip='Compartir en Twitter' rel=\"noopener\"><span class='avia_hidden_link_text'>Compartir en Twitter<\/span><\/a><\/li><li class='av-share-link av-social-link-whatsapp' ><a target=\"_blank\" aria-label=\"Compartir en Whatsapp\" href='https:\/\/api.whatsapp.com\/send?text=https:\/\/radiorevelacionfm.cl\/?p=36746' aria-hidden='false' data-av_icon='\uf232' data-av_iconfont='entypo-fontello' title='' data-avia-related-tooltip='Compartir en Whatsapp' rel=\"noopener\"><span class='avia_hidden_link_text'>Compartir en Whatsapp<\/span><\/a><\/li><li class='av-share-link av-social-link-linkedin' ><a target=\"_blank\" aria-label=\"Compartir en LinkedIn\" href='https:\/\/linkedin.com\/shareArticle?mini=true&#038;title=Cuentas%20alegres%20sacan%20Artesanos%2Fas%20tras%20realizaci%C3%B3n%20de%20Feria%20de%20las%20Culturas%20Ays%C3%A9n&#038;url=https:\/\/radiorevelacionfm.cl\/?p=36746' aria-hidden='false' data-av_icon='\ue8fc' data-av_iconfont='entypo-fontello' title='' data-avia-related-tooltip='Compartir en LinkedIn' rel=\"noopener\"><span class='avia_hidden_link_text'>Compartir en LinkedIn<\/span><\/a><\/li><li class='av-share-link av-social-link-mail' ><a  aria-label=\"Compartir por correo\" href='mailto:?subject=Cuentas%20alegres%20sacan%20Artesanos%2Fas%20tras%20realizaci%C3%B3n%20de%20Feria%20de%20las%20Culturas%20Ays%C3%A9n&#038;body=https:\/\/radiorevelacionfm.cl\/?p=36746' aria-hidden='false' data-av_icon='\ue805' data-av_iconfont='entypo-fontello' title='' data-avia-related-tooltip='Compartir por correo'><span class='avia_hidden_link_text'>Compartir por correo<\/span><\/a><\/li><\/ul><\/div><\/div>\n<div  style='height:50px' class='hr hr-invisible   avia-builder-el-8  el_after_av_social_share  el_before_av_comments_list '><span class='hr-inner ' ><span class='hr-inner-style'><\/span><\/span><\/div>\n<div  class='av-buildercomment  av-blog-meta-html-info-disabled av-blog-meta-tag-disabled  '><\/div>\n","protected":false},"excerpt":{"rendered":"","protected":false},"author":1,"featured_media":36747,"comment_status":"open","ping_status":"open","sticky":false,"template":"","format":"standard","meta":{"footnotes":""},"categories":[52],"tags":[],"class_list":["post-36746","post","type-post","status-publish","format-standard","has-post-thumbnail","hentry","category-cultura"],"jetpack_featured_media_url":"https:\/\/radiorevelacionfm.cl\/wp-content\/uploads\/2023\/11\/feria-balance1-1-1.jpg","_links":{"self":[{"href":"https:\/\/radiorevelacionfm.cl\/index.php?rest_route=\/wp\/v2\/posts\/36746","targetHints":{"allow":["GET"]}}],"collection":[{"href":"https:\/\/radiorevelacionfm.cl\/index.php?rest_route=\/wp\/v2\/posts"}],"about":[{"href":"https:\/\/radiorevelacionfm.cl\/index.php?rest_route=\/wp\/v2\/types\/post"}],"author":[{"embeddable":true,"href":"https:\/\/radiorevelacionfm.cl\/index.php?rest_route=\/wp\/v2\/users\/1"}],"replies":[{"embeddable":true,"href":"https:\/\/radiorevelacionfm.cl\/index.php?rest_route=%2Fwp%2Fv2%2Fcomments&post=36746"}],"version-history":[{"count":3,"href":"https:\/\/radiorevelacionfm.cl\/index.php?rest_route=\/wp\/v2\/posts\/36746\/revisions"}],"predecessor-version":[{"id":36764,"href":"https:\/\/radiorevelacionfm.cl\/index.php?rest_route=\/wp\/v2\/posts\/36746\/revisions\/36764"}],"wp:featuredmedia":[{"embeddable":true,"href":"https:\/\/radiorevelacionfm.cl\/index.php?rest_route=\/wp\/v2\/media\/36747"}],"wp:attachment":[{"href":"https:\/\/radiorevelacionfm.cl\/index.php?rest_route=%2Fwp%2Fv2%2Fmedia&parent=36746"}],"wp:term":[{"taxonomy":"category","embeddable":true,"href":"https:\/\/radiorevelacionfm.cl\/index.php?rest_route=%2Fwp%2Fv2%2Fcategories&post=36746"},{"taxonomy":"post_tag","embeddable":true,"href":"https:\/\/radiorevelacionfm.cl\/index.php?rest_route=%2Fwp%2Fv2%2Ftags&post=36746"}],"curies":[{"name":"wp","href":"https:\/\/api.w.org\/{rel}","templated":true}]}}