{"id":36743,"date":"2023-11-09T10:39:59","date_gmt":"2023-11-09T13:39:59","guid":{"rendered":"https:\/\/radiorevelacionfm.cl\/?p=36743"},"modified":"2023-11-09T10:39:59","modified_gmt":"2023-11-09T13:39:59","slug":"mas-de-1700-personas-de-las-comunas-de-chile-chico-e-ibanez-seran-beneficiadas-con-obras-de-riego","status":"publish","type":"post","link":"https:\/\/radiorevelacionfm.cl\/?p=36743","title":{"rendered":"M\u00e1s de 1700 personas de las comunas de Chile Chico e Ib\u00e1\u00f1ez ser\u00e1n beneficiadas con obras de riego"},"content":{"rendered":"<div class=\"flex_column av_one_full  flex_column_div av-zero-column-padding first  avia-builder-el-0  el_before_av_one_full  avia-builder-el-first  \" style='border-radius:0px; '><div  class='avia-image-container  av-styling-    avia-builder-el-1  avia-builder-el-no-sibling  avia-align-center '  itemprop=\"image\" itemscope=\"itemscope\" itemtype=\"https:\/\/schema.org\/ImageObject\"  ><div class='avia-image-container-inner'><div class='avia-image-overlay-wrap'><img decoding=\"async\" class='wp-image-36744 avia-img-lazy-loading-not-36744 avia_image' src=\"https:\/\/radiorevelacionfm.cl\/wp-content\/uploads\/2023\/11\/4-59-1-1.jpg\" alt='' title='4 (59) (1) (1)' height=\"600\" width=\"800\"  itemprop=\"thumbnailUrl\" srcset=\"https:\/\/radiorevelacionfm.cl\/wp-content\/uploads\/2023\/11\/4-59-1-1.jpg 800w, https:\/\/radiorevelacionfm.cl\/wp-content\/uploads\/2023\/11\/4-59-1-1-300x225.jpg 300w, https:\/\/radiorevelacionfm.cl\/wp-content\/uploads\/2023\/11\/4-59-1-1-768x576.jpg 768w, https:\/\/radiorevelacionfm.cl\/wp-content\/uploads\/2023\/11\/4-59-1-1-705x529.jpg 705w, https:\/\/radiorevelacionfm.cl\/wp-content\/uploads\/2023\/11\/4-59-1-1-450x338.jpg 450w, https:\/\/radiorevelacionfm.cl\/wp-content\/uploads\/2023\/11\/4-59-1-1-600x450.jpg 600w\" sizes=\"(max-width: 800px) 100vw, 800px\" \/><\/div><\/div><\/div><\/div><div class=\"flex_column av_one_full  flex_column_div av-zero-column-padding first  avia-builder-el-2  el_after_av_one_full  el_before_av_one_full  column-top-margin\" style='border-radius:0px; '><section class=\"av_textblock_section \"  itemscope=\"itemscope\" itemtype=\"https:\/\/schema.org\/BlogPosting\" itemprop=\"blogPost\" ><div class='avia_textblock  '   itemprop=\"text\" ><p style=\"text-align: center;\"><strong><span style=\"font-size: 18pt;\">M\u00e1s de 1700 personas de las comunas de Chile Chico e Ib\u00e1\u00f1ez ser\u00e1n beneficiadas con obras de riego<\/span><\/strong><\/p>\n<div id=\"gtx-trans\" style=\"position: absolute; left: -50px; top: 4.31534px;\">\n<div class=\"gtx-trans-icon\"><\/div>\n<\/div>\n<\/div><\/section><\/div><div class=\"flex_column av_one_full  flex_column_div av-zero-column-padding first  avia-builder-el-4  el_after_av_one_full  el_before_av_hr  column-top-margin\" style='border-radius:0px; '><section class=\"av_textblock_section \"  itemscope=\"itemscope\" itemtype=\"https:\/\/schema.org\/BlogPosting\" itemprop=\"blogPost\" ><div class='avia_textblock  '   itemprop=\"text\" ><p style=\"text-align: justify;\"><em>Las obras impulsadas por el gobierno del presidente Gabriel Boric a trav\u00e9s de la Direcci\u00f3n Regional de Obras Hidr\u00e1ulicas del MOP, se desarrollar\u00e1n en Chile Chico, Fachinal, Bah\u00eda Jara y Puerto Ingeniero Ib\u00e1\u00f1ez.<\/em><\/p>\n<p style=\"text-align: justify;\">Un importante anuncio para la comunidad dio a conocer esta semana el Secretario Regional Ministerial de Obras P\u00fablicas, Patricio Sanhueza Ulloa, junto al Director Regional de Obras Hidr\u00e1ulicas (DOH) del MOP, Francisco Real Hermosilla, quienes en el marco de reuni\u00f3n de programaci\u00f3n de agenda de trabajo en cada una de las comunas de la regi\u00f3n de Ays\u00e9n, informaron la inversi\u00f3n en obras de riego fiscal que se materializar\u00e1n durante el a\u00f1o 2023 y 2024 en las comunas de Chile Chico y de R\u00edo Ib\u00e1\u00f1ez.<\/p>\n<p style=\"text-align: justify;\">\u201cEstamos trabajando con cada uno de los equipos que integran nuestro Ministerio en la inversi\u00f3n, licitaciones, obras y proyectos que vamos a concretar en cada territorio, y en materia de obras de riego fiscal vamos a sobrepasar los 1.500 millones de pesos de\u00a0 inversi\u00f3n\u00a0 entre los\u00a0 a\u00f1os 2023 y 2024 en las localidades de Chile Chico, Fachinal, Bah\u00eda Jara y Puerto Ib\u00e1\u00f1ez, con la conservaci\u00f3n y mejoramiento de la infraestructura de riego, para optimizar la calidad de vida de 1736 personas. Vamos a seguir avanzando en fortalecer la red de riego, lo que es muy importante en materia de soberan\u00eda alimentaria y con esto tambi\u00e9n, contribuimos fuertemente a disminuir la huella de carbono que implica traer productos hort\u00edcolas desde el centro del pa\u00eds, as\u00ed que con estas obras como gobierno apuntamos a mejorar la producci\u00f3n y los ingresos de la poblaci\u00f3n, as\u00ed como tambi\u00e9n a disminuir los efectos del cambio clim\u00e1tico. Estamos muy conformes con el trabajo que nuestro equipo de Obras Hidr\u00e1ulicas est\u00e1 realizando en cada territorio y en diversas \u00e1reas de gesti\u00f3n para descentralizar y diversificar la inversi\u00f3n, generando empleo y dinamismo a la econom\u00eda local, lo que tambi\u00e9n nos permite trabajar en forma integral en cada sector de la regi\u00f3n de Ays\u00e9n, transformando los desaf\u00edos en oportunidades para avanzar hacia la construcci\u00f3n de obras para el buen vivir de todas y todos\u201d, afirm\u00f3 el SEREMI del MOP.<\/p>\n<p style=\"text-align: justify;\">\u201cPara Hans Niemeyer ingeniero del Departamento de Riego, delegado por la Direcci\u00f3n de Obras P\u00fablicas, quien fuera en 1947 encomendado a conformar la \u201cAsociaci\u00f3n de Canalistas de Chile Chico, y el dise\u00f1o y construcci\u00f3n de la primera red de Canales de Riego en nuestra regi\u00f3n de Ays\u00e9n, estas nuevas obras ser\u00edan un gran logro\u201d, indic\u00f3 Francisco Real Hermosilla, quien adem\u00e1s agreg\u00f3 que \u201cHans Niemeyer trabaj\u00f3 toda su vida en esta \u00e1rea, sumando a la creaci\u00f3n de la Asociaci\u00f3n de Canalistas,\u00a0 la construcci\u00f3n del canal de Fachinal, ambos en el a\u00f1o 1947; en el a\u00f1o 1951 la construcci\u00f3n del canal de riego en Bah\u00eda Jara y\u00a0 en el a\u00f1o 1971 en Puerto Ib\u00e1\u00f1ez, todas localidades ubicadas en la cuenca del Lago General Carrera, en donde hoy gracias a este visionario existe riego fiscal, situaci\u00f3n que valoramos y destacamos tambi\u00e9n, en el marco de la celebraci\u00f3n este 10 de noviembre de nuestro vig\u00e9simo sexto Aniversario\u201d.<\/p>\n<p style=\"text-align: justify;\">Dadas las condiciones de temperatura y pluviosidad, Chile Chico presenta un d\u00e9ficit h\u00eddrico considerable que se extiende desde agosto hasta abril de cada a\u00f1o, y hace indispensable el riego para la explotaci\u00f3n productiva de sus suelos. En este escenario, y producto de la erupci\u00f3n del volc\u00e1n Hudson, en agosto de 1991, se instala la Direcci\u00f3n de Riego, quien asume la nueva y urgente misi\u00f3n de rehabilitar las obras de riego existentes en la cuenca del Lago General Carrera y comenzar con la conservaci\u00f3n de las obras de riego. De esta forma, la Direcci\u00f3n de Riego en el a\u00f1o 1997, delega sus funciones en la Direcci\u00f3n de Obras Hidr\u00e1ulicas (DOH) del Ministerio de Obras P\u00fablicas, quienes actualmente realizan todas las labores de conservaci\u00f3n de los canales de riego fiscal.<\/p>\n<p style=\"text-align: justify;\">\u201cEste mes de noviembre se publican las licitaciones de conservaci\u00f3n y mejoramiento de las obras de riego fiscal en las cuatro localidades mencionadas anteriormente, y se estima que los trabajos se desarrollaran durante el mes de diciembre y finalizar\u00e1n su ejecuci\u00f3n el primer trimestre del a\u00f1o 2024. Hoy nuestro enfoque es poder entregar a la comunidad obras que mejoren su diario vivir y sirvan de apoyo para su desarrollo, crecimiento y emprendimientos, por lo tanto en estos cuatro sectores vamos a mejorar las bocatomas, desarenadores, obras de cruce; adem\u00e1s, el refuerzo de canales, desembanque y limpieza, obras de control y regulaci\u00f3n de riego, entre otros para que las y los vecinos puedan contar con una infraestructura fortalecida, que les entregue acceso a nuevas oportunidades\u201d, concluy\u00f3 el Director Regional de Obras Hidr\u00e1ulicas del MOP.<\/p>\n<\/div><\/section><\/div><div  style='height:50px' class='hr hr-invisible   avia-builder-el-6  el_after_av_one_full  el_before_av_social_share '><span class='hr-inner ' ><span class='hr-inner-style'><\/span><\/span><\/div><\/p>\n<div  class='av-social-sharing-box  avia-builder-el-7  el_after_av_hr  el_before_av_hr  '><div class='av-share-box'><h5 class='av-share-link-description av-no-toc '>Compartir esta noticia<\/h5><ul class='av-share-box-list noLightbox'><li class='av-share-link av-social-link-facebook' ><a target=\"_blank\" aria-label=\"Compartir en Facebook\" href='https:\/\/www.facebook.com\/sharer.php?u=https:\/\/radiorevelacionfm.cl\/?p=36743&#038;t=M%C3%A1s%20de%201700%20personas%20de%20las%20comunas%20de%20Chile%20Chico%20e%20Ib%C3%A1%C3%B1ez%20ser%C3%A1n%20beneficiadas%20con%20obras%20de%20riego' aria-hidden='false' data-av_icon='\ue8f3' data-av_iconfont='entypo-fontello' title='' data-avia-related-tooltip='Compartir en Facebook' rel=\"noopener\"><span class='avia_hidden_link_text'>Compartir en Facebook<\/span><\/a><\/li><li class='av-share-link av-social-link-twitter' ><a target=\"_blank\" aria-label=\"Compartir en Twitter\" href='https:\/\/twitter.com\/share?text=M%C3%A1s%20de%201700%20personas%20de%20las%20comunas%20de%20Chile%20Chico%20e%20Ib%C3%A1%C3%B1ez%20ser%C3%A1n%20beneficiadas%20con%20obras%20de%20riego&#038;url=https:\/\/radiorevelacionfm.cl\/?p=36743' aria-hidden='false' data-av_icon='\ue8f1' data-av_iconfont='entypo-fontello' title='' data-avia-related-tooltip='Compartir en Twitter' rel=\"noopener\"><span class='avia_hidden_link_text'>Compartir en Twitter<\/span><\/a><\/li><li class='av-share-link av-social-link-whatsapp' ><a target=\"_blank\" aria-label=\"Compartir en Whatsapp\" href='https:\/\/api.whatsapp.com\/send?text=https:\/\/radiorevelacionfm.cl\/?p=36743' aria-hidden='false' data-av_icon='\uf232' data-av_iconfont='entypo-fontello' title='' data-avia-related-tooltip='Compartir en Whatsapp' rel=\"noopener\"><span class='avia_hidden_link_text'>Compartir en Whatsapp<\/span><\/a><\/li><li class='av-share-link av-social-link-linkedin' ><a target=\"_blank\" aria-label=\"Compartir en LinkedIn\" href='https:\/\/linkedin.com\/shareArticle?mini=true&#038;title=M%C3%A1s%20de%201700%20personas%20de%20las%20comunas%20de%20Chile%20Chico%20e%20Ib%C3%A1%C3%B1ez%20ser%C3%A1n%20beneficiadas%20con%20obras%20de%20riego&#038;url=https:\/\/radiorevelacionfm.cl\/?p=36743' aria-hidden='false' data-av_icon='\ue8fc' data-av_iconfont='entypo-fontello' title='' data-avia-related-tooltip='Compartir en LinkedIn' rel=\"noopener\"><span class='avia_hidden_link_text'>Compartir en LinkedIn<\/span><\/a><\/li><li class='av-share-link av-social-link-mail' ><a  aria-label=\"Compartir por correo\" href='mailto:?subject=M%C3%A1s%20de%201700%20personas%20de%20las%20comunas%20de%20Chile%20Chico%20e%20Ib%C3%A1%C3%B1ez%20ser%C3%A1n%20beneficiadas%20con%20obras%20de%20riego&#038;body=https:\/\/radiorevelacionfm.cl\/?p=36743' aria-hidden='false' data-av_icon='\ue805' data-av_iconfont='entypo-fontello' title='' data-avia-related-tooltip='Compartir por correo'><span class='avia_hidden_link_text'>Compartir por correo<\/span><\/a><\/li><\/ul><\/div><\/div>\n<div  style='height:50px' class='hr hr-invisible   avia-builder-el-8  el_after_av_social_share  el_before_av_comments_list '><span class='hr-inner ' ><span class='hr-inner-style'><\/span><\/span><\/div>\n<div  class='av-buildercomment  av-blog-meta-html-info-disabled av-blog-meta-tag-disabled  '><\/div>\n","protected":false},"excerpt":{"rendered":"","protected":false},"author":1,"featured_media":36744,"comment_status":"open","ping_status":"open","sticky":false,"template":"","format":"standard","meta":{"footnotes":""},"categories":[38],"tags":[],"class_list":["post-36743","post","type-post","status-publish","format-standard","has-post-thumbnail","hentry","category-regional"],"jetpack_featured_media_url":"https:\/\/radiorevelacionfm.cl\/wp-content\/uploads\/2023\/11\/4-59-1-1.jpg","_links":{"self":[{"href":"https:\/\/radiorevelacionfm.cl\/index.php?rest_route=\/wp\/v2\/posts\/36743","targetHints":{"allow":["GET"]}}],"collection":[{"href":"https:\/\/radiorevelacionfm.cl\/index.php?rest_route=\/wp\/v2\/posts"}],"about":[{"href":"https:\/\/radiorevelacionfm.cl\/index.php?rest_route=\/wp\/v2\/types\/post"}],"author":[{"embeddable":true,"href":"https:\/\/radiorevelacionfm.cl\/index.php?rest_route=\/wp\/v2\/users\/1"}],"replies":[{"embeddable":true,"href":"https:\/\/radiorevelacionfm.cl\/index.php?rest_route=%2Fwp%2Fv2%2Fcomments&post=36743"}],"version-history":[{"count":1,"href":"https:\/\/radiorevelacionfm.cl\/index.php?rest_route=\/wp\/v2\/posts\/36743\/revisions"}],"predecessor-version":[{"id":36745,"href":"https:\/\/radiorevelacionfm.cl\/index.php?rest_route=\/wp\/v2\/posts\/36743\/revisions\/36745"}],"wp:featuredmedia":[{"embeddable":true,"href":"https:\/\/radiorevelacionfm.cl\/index.php?rest_route=\/wp\/v2\/media\/36744"}],"wp:attachment":[{"href":"https:\/\/radiorevelacionfm.cl\/index.php?rest_route=%2Fwp%2Fv2%2Fmedia&parent=36743"}],"wp:term":[{"taxonomy":"category","embeddable":true,"href":"https:\/\/radiorevelacionfm.cl\/index.php?rest_route=%2Fwp%2Fv2%2Fcategories&post=36743"},{"taxonomy":"post_tag","embeddable":true,"href":"https:\/\/radiorevelacionfm.cl\/index.php?rest_route=%2Fwp%2Fv2%2Ftags&post=36743"}],"curies":[{"name":"wp","href":"https:\/\/api.w.org\/{rel}","templated":true}]}}