{"id":36740,"date":"2023-11-09T09:52:04","date_gmt":"2023-11-09T12:52:04","guid":{"rendered":"https:\/\/radiorevelacionfm.cl\/?p=36740"},"modified":"2023-11-09T09:52:04","modified_gmt":"2023-11-09T12:52:04","slug":"instalan-estacion-meteorologica-que-fortalece-certezas-para-zarpes-de-naves-en-el-lago-general-carrera","status":"publish","type":"post","link":"https:\/\/radiorevelacionfm.cl\/?p=36740","title":{"rendered":"Instalan estaci\u00f3n meteorol\u00f3gica que fortalece certezas para zarpes de naves en el Lago General Carrera"},"content":{"rendered":"<div class=\"flex_column av_one_full  flex_column_div av-zero-column-padding first  avia-builder-el-0  el_before_av_one_full  avia-builder-el-first  \" style='border-radius:0px; '><div  class='avia-image-container  av-styling-    avia-builder-el-1  avia-builder-el-no-sibling  avia-align-center '  itemprop=\"image\" itemscope=\"itemscope\" itemtype=\"https:\/\/schema.org\/ImageObject\"  ><div class='avia-image-container-inner'><div class='avia-image-overlay-wrap'><img decoding=\"async\" class='wp-image-36741 avia-img-lazy-loading-not-36741 avia_image' src=\"https:\/\/radiorevelacionfm.cl\/wp-content\/uploads\/2023\/11\/img-20231030-wa0015-1_optimized-1.jpg\" alt='' title='img-20231030-wa0015-(1)_optimized (1)' height=\"600\" width=\"800\"  itemprop=\"thumbnailUrl\" srcset=\"https:\/\/radiorevelacionfm.cl\/wp-content\/uploads\/2023\/11\/img-20231030-wa0015-1_optimized-1.jpg 800w, https:\/\/radiorevelacionfm.cl\/wp-content\/uploads\/2023\/11\/img-20231030-wa0015-1_optimized-1-300x225.jpg 300w, https:\/\/radiorevelacionfm.cl\/wp-content\/uploads\/2023\/11\/img-20231030-wa0015-1_optimized-1-768x576.jpg 768w, https:\/\/radiorevelacionfm.cl\/wp-content\/uploads\/2023\/11\/img-20231030-wa0015-1_optimized-1-705x529.jpg 705w, https:\/\/radiorevelacionfm.cl\/wp-content\/uploads\/2023\/11\/img-20231030-wa0015-1_optimized-1-450x338.jpg 450w, https:\/\/radiorevelacionfm.cl\/wp-content\/uploads\/2023\/11\/img-20231030-wa0015-1_optimized-1-600x450.jpg 600w\" sizes=\"(max-width: 800px) 100vw, 800px\" \/><\/div><\/div><\/div><\/div><div class=\"flex_column av_one_full  flex_column_div av-zero-column-padding first  avia-builder-el-2  el_after_av_one_full  el_before_av_one_full  column-top-margin\" style='border-radius:0px; '><section class=\"av_textblock_section \"  itemscope=\"itemscope\" itemtype=\"https:\/\/schema.org\/BlogPosting\" itemprop=\"blogPost\" ><div class='avia_textblock  '   itemprop=\"text\" ><p style=\"text-align: center;\"><strong><span style=\"font-size: 18pt;\">Instalan estaci\u00f3n meteorol\u00f3gica que fortalece certezas para zarpes de naves en el Lago General Carrera<\/span><\/strong><\/p>\n<div id=\"gtx-trans\" style=\"position: absolute; left: -50px; top: 4.31534px;\">\n<div class=\"gtx-trans-icon\"><\/div>\n<\/div>\n<\/div><\/section><\/div><div class=\"flex_column av_one_full  flex_column_div av-zero-column-padding first  avia-builder-el-4  el_after_av_one_full  el_before_av_hr  column-top-margin\" style='border-radius:0px; '><section class=\"av_textblock_section \"  itemscope=\"itemscope\" itemtype=\"https:\/\/schema.org\/BlogPosting\" itemprop=\"blogPost\" ><div class='avia_textblock  '   itemprop=\"text\" ><p style=\"text-align: justify;\"><em>Nueva Estaci\u00f3n Meteorol\u00f3gica instalada en isla Julepe cuenta con anem\u00f3metro y veleta, instrumental que medir\u00e1 la velocidad del viento en K\/H y la direcci\u00f3n del viento, informaci\u00f3n que a partir de esta semana la comunidad podr\u00e1 acceder a ella en tiempo real v\u00eda web <\/em><a href=\"http:\/\/www.dga.mop.gob.cl\"><em>dga.mop.gob.cl<\/em><\/a><\/p>\n<p style=\"text-align: justify;\">El Secretario Regional Ministerial de Obras P\u00fablicas Patricio Sanhueza Ulloa inform\u00f3 que la Direcci\u00f3n General de Aguas del MOP en la regi\u00f3n de Ays\u00e9n instal\u00f3 una Estaci\u00f3n Meteorol\u00f3gica en sector isla Julepe, la que fortalece certezas para zarpes de naves en el lago General Carrera, sirviendo de apoyo a la Capitan\u00eda de Puerto para la toma de decisiones de operaci\u00f3n de naves en el track Chile Chico-Puerto Ib\u00e1\u00f1ez, en el lago General Carrera, esto en el marco del cumplimiento de los acuerdos sostenidos en la Mesa de Conectividad que el Gobierno a trav\u00e9s del Ministerio de Obras P\u00fablicas implement\u00f3 para escuchar necesidades y generar trabajo mancomunado con las y los vecinos.<\/p>\n<p style=\"text-align: justify;\">Patricio Sanhueza expres\u00f3 que la Estaci\u00f3n Meteorol\u00f3gica instalada por la Direcci\u00f3n General de Aguas en la regi\u00f3n de Ays\u00e9n tiene como prop\u00f3sito poder contar con una mejor medici\u00f3n de las condiciones meteorol\u00f3gicas en el sector. \u201cEsta Estaci\u00f3n incluye un anem\u00f3metro que es un instrumento meteorol\u00f3gico que sirve para medir la velocidad del viento en kil\u00f3metros por hora, en tiempo real en el sector paso Isla Julepe, en donde se presentan los vientos m\u00e1s fuertes en la Ruta de navegaci\u00f3n entre Chile Chico y Puerto Ib\u00e1\u00f1ez, y una veleta que sirve para medir la direcci\u00f3n del viento. Adem\u00e1s, esta Estaci\u00f3n permitir\u00e1 medir las precipitaciones y obtener datos como la temperatura y otras variables meteorol\u00f3gicas que son de significativa ayuda para la navegaci\u00f3n. Con todos estos elementos, se podr\u00e1 entregar informaci\u00f3n t\u00e9cnica precisa y en forma oportuna para que el servicio de transporte entre Puerto Ib\u00e1\u00f1ez y Chile Chico se pueda efectuar considerando estas condiciones de navegaci\u00f3n. Esta Estaci\u00f3n formar\u00e1 parte de la Red Hidrometeorol\u00f3gica que opera y controla nuestra Direcci\u00f3n General de Aguas, transmitir\u00e1 en tiempo real la informaci\u00f3n en <a href=\"http:\/\/www.dga.mop.gob.cl\">www.dga.mop.gob.cl<\/a> y es una de las iniciativas y compromisos que como gobierno sostuvimos con la comunidad en el marco de una serie de acciones que generamos dentro de la Mesa de Conectividad\u201d.<\/p>\n<p style=\"text-align: justify;\">Sobre el particular, el Director de Aguas MOP en la regi\u00f3n de Ays\u00e9n, H\u00e9ctor Cort\u00e9s Gaete, relevo \u201cel compromiso de todos los funcionarios del servicio, y especialmente en esta oportunidad de Gabriel Soto \u00c1guila y de Patricio Oyarzo Lancaster, quienes planificaron y desarrollaron de manera apropiada las tareas necesarias para la instalaci\u00f3n de la estaci\u00f3n meteorol\u00f3gica Isla Julepe, sector muy complejo desde la perspectiva geol\u00f3gica y clim\u00e1tica del lago General Carrera. Esta estaci\u00f3n permitir\u00e1 disponer de una nueva alternativa de informaci\u00f3n, para el desarrollo y beneficio de la comunidad\u201d.<\/p>\n<p style=\"text-align: justify;\">Para el Capit\u00e1n de Puerto del lago General Carrera Teniente Primero Camilo Cifuentes este es un importante adelanto. \u201cLa forma de poder determinar la apertura o cierre del Puerto siempre ha estado por el uso de varias aplicaciones, y a su vez tambi\u00e9n por el informe que emite la Direcci\u00f3n Meteorol\u00f3gica de Chile, entonces con esa informaci\u00f3n nosotros hemos podido determinar si las condiciones son las favorables o no. En el caso de Puerto Ib\u00e1\u00f1ez y en particular el sector de la Isla Julepe, en donde se presentan los mayores vientos nunca hemos tenido alg\u00fan elemento formal que permita medir los vientos en tiempo real en ese sector. Siempre se ha utilizado el aporte que pueda dar la Barcaza La Tehuelche que cuenta con un anem\u00f3metro a bordo y la apreciaci\u00f3n de los capitanes que van en Ruta para que nos den una buena informaci\u00f3n y nos permitan as\u00ed determinar las condiciones del Puerto. Se espera que la instalaci\u00f3n de esta Estaci\u00f3n Meteorol\u00f3gica sea una herramienta m\u00e1s para poder hacer una buena evaluaci\u00f3n de las condiciones de navegaci\u00f3n y esperamos que sirva para poder determinar con antelaci\u00f3n y tambi\u00e9n en tiempo real las condiciones meteorol\u00f3gicas sobre todo en este sector, que es bien particular. Nosotros como Capitan\u00eda de Puerto vamos a tener acceso a un link en el que va a estar la informaci\u00f3n contenida de esta Estaci\u00f3n Meteorol\u00f3gica y con eso poder brindar un mejor servicio y poder determinar acciones de manera rigurosa y con mayor antelaci\u00f3n\u201d.<\/p>\n<\/div><\/section><\/div><div  style='height:50px' class='hr hr-invisible   avia-builder-el-6  el_after_av_one_full  el_before_av_social_share '><span class='hr-inner ' ><span class='hr-inner-style'><\/span><\/span><\/div><\/p>\n<div  class='av-social-sharing-box  avia-builder-el-7  el_after_av_hr  el_before_av_hr  '><div class='av-share-box'><h5 class='av-share-link-description av-no-toc '>Compartir esta noticia<\/h5><ul class='av-share-box-list noLightbox'><li class='av-share-link av-social-link-facebook' ><a target=\"_blank\" aria-label=\"Compartir en Facebook\" href='https:\/\/www.facebook.com\/sharer.php?u=https:\/\/radiorevelacionfm.cl\/?p=36740&#038;t=Instalan%20estaci%C3%B3n%20meteorol%C3%B3gica%20que%20fortalece%20certezas%20para%20zarpes%20de%20naves%20en%20el%20Lago%20General%20Carrera' aria-hidden='false' data-av_icon='\ue8f3' data-av_iconfont='entypo-fontello' title='' data-avia-related-tooltip='Compartir en Facebook' rel=\"noopener\"><span class='avia_hidden_link_text'>Compartir en Facebook<\/span><\/a><\/li><li class='av-share-link av-social-link-twitter' ><a target=\"_blank\" aria-label=\"Compartir en Twitter\" href='https:\/\/twitter.com\/share?text=Instalan%20estaci%C3%B3n%20meteorol%C3%B3gica%20que%20fortalece%20certezas%20para%20zarpes%20de%20naves%20en%20el%20Lago%20General%20Carrera&#038;url=https:\/\/radiorevelacionfm.cl\/?p=36740' aria-hidden='false' data-av_icon='\ue8f1' data-av_iconfont='entypo-fontello' title='' data-avia-related-tooltip='Compartir en Twitter' rel=\"noopener\"><span class='avia_hidden_link_text'>Compartir en Twitter<\/span><\/a><\/li><li class='av-share-link av-social-link-whatsapp' ><a target=\"_blank\" aria-label=\"Compartir en Whatsapp\" href='https:\/\/api.whatsapp.com\/send?text=https:\/\/radiorevelacionfm.cl\/?p=36740' aria-hidden='false' data-av_icon='\uf232' data-av_iconfont='entypo-fontello' title='' data-avia-related-tooltip='Compartir en Whatsapp' rel=\"noopener\"><span class='avia_hidden_link_text'>Compartir en Whatsapp<\/span><\/a><\/li><li class='av-share-link av-social-link-linkedin' ><a target=\"_blank\" aria-label=\"Compartir en LinkedIn\" href='https:\/\/linkedin.com\/shareArticle?mini=true&#038;title=Instalan%20estaci%C3%B3n%20meteorol%C3%B3gica%20que%20fortalece%20certezas%20para%20zarpes%20de%20naves%20en%20el%20Lago%20General%20Carrera&#038;url=https:\/\/radiorevelacionfm.cl\/?p=36740' aria-hidden='false' data-av_icon='\ue8fc' data-av_iconfont='entypo-fontello' title='' data-avia-related-tooltip='Compartir en LinkedIn' rel=\"noopener\"><span class='avia_hidden_link_text'>Compartir en LinkedIn<\/span><\/a><\/li><li class='av-share-link av-social-link-mail' ><a  aria-label=\"Compartir por correo\" href='mailto:?subject=Instalan%20estaci%C3%B3n%20meteorol%C3%B3gica%20que%20fortalece%20certezas%20para%20zarpes%20de%20naves%20en%20el%20Lago%20General%20Carrera&#038;body=https:\/\/radiorevelacionfm.cl\/?p=36740' aria-hidden='false' data-av_icon='\ue805' data-av_iconfont='entypo-fontello' title='' data-avia-related-tooltip='Compartir por correo'><span class='avia_hidden_link_text'>Compartir por correo<\/span><\/a><\/li><\/ul><\/div><\/div>\n<div  style='height:50px' class='hr hr-invisible   avia-builder-el-8  el_after_av_social_share  el_before_av_comments_list '><span class='hr-inner ' ><span class='hr-inner-style'><\/span><\/span><\/div>\n<div  class='av-buildercomment  av-blog-meta-html-info-disabled av-blog-meta-tag-disabled  '><\/div>\n","protected":false},"excerpt":{"rendered":"","protected":false},"author":1,"featured_media":36741,"comment_status":"open","ping_status":"open","sticky":false,"template":"","format":"standard","meta":{"footnotes":""},"categories":[38],"tags":[],"class_list":["post-36740","post","type-post","status-publish","format-standard","has-post-thumbnail","hentry","category-regional"],"jetpack_featured_media_url":"https:\/\/radiorevelacionfm.cl\/wp-content\/uploads\/2023\/11\/img-20231030-wa0015-1_optimized-1.jpg","_links":{"self":[{"href":"https:\/\/radiorevelacionfm.cl\/index.php?rest_route=\/wp\/v2\/posts\/36740","targetHints":{"allow":["GET"]}}],"collection":[{"href":"https:\/\/radiorevelacionfm.cl\/index.php?rest_route=\/wp\/v2\/posts"}],"about":[{"href":"https:\/\/radiorevelacionfm.cl\/index.php?rest_route=\/wp\/v2\/types\/post"}],"author":[{"embeddable":true,"href":"https:\/\/radiorevelacionfm.cl\/index.php?rest_route=\/wp\/v2\/users\/1"}],"replies":[{"embeddable":true,"href":"https:\/\/radiorevelacionfm.cl\/index.php?rest_route=%2Fwp%2Fv2%2Fcomments&post=36740"}],"version-history":[{"count":1,"href":"https:\/\/radiorevelacionfm.cl\/index.php?rest_route=\/wp\/v2\/posts\/36740\/revisions"}],"predecessor-version":[{"id":36742,"href":"https:\/\/radiorevelacionfm.cl\/index.php?rest_route=\/wp\/v2\/posts\/36740\/revisions\/36742"}],"wp:featuredmedia":[{"embeddable":true,"href":"https:\/\/radiorevelacionfm.cl\/index.php?rest_route=\/wp\/v2\/media\/36741"}],"wp:attachment":[{"href":"https:\/\/radiorevelacionfm.cl\/index.php?rest_route=%2Fwp%2Fv2%2Fmedia&parent=36740"}],"wp:term":[{"taxonomy":"category","embeddable":true,"href":"https:\/\/radiorevelacionfm.cl\/index.php?rest_route=%2Fwp%2Fv2%2Fcategories&post=36740"},{"taxonomy":"post_tag","embeddable":true,"href":"https:\/\/radiorevelacionfm.cl\/index.php?rest_route=%2Fwp%2Fv2%2Ftags&post=36740"}],"curies":[{"name":"wp","href":"https:\/\/api.w.org\/{rel}","templated":true}]}}