{"id":36737,"date":"2023-11-08T19:09:22","date_gmt":"2023-11-08T22:09:22","guid":{"rendered":"https:\/\/radiorevelacionfm.cl\/?p=36737"},"modified":"2023-11-08T19:09:22","modified_gmt":"2023-11-08T22:09:22","slug":"gope-aysen-y-la-sip-continuan-busqueda-de-ciudadano-quien-lleva-12-dias-desaparecido-en-coyhaique","status":"publish","type":"post","link":"https:\/\/radiorevelacionfm.cl\/?p=36737","title":{"rendered":"GOPE Ays\u00e9n y la SIP contin\u00faan b\u00fasqueda de ciudadano quien lleva 12 d\u00edas desaparecido en Coyhaique"},"content":{"rendered":"<div class=\"flex_column av_one_full  flex_column_div av-zero-column-padding first  avia-builder-el-0  el_before_av_one_full  avia-builder-el-first  \" style='border-radius:0px; '><div  class='avia-image-container  av-styling-    avia-builder-el-1  avia-builder-el-no-sibling  avia-align-center '  itemprop=\"image\" itemscope=\"itemscope\" itemtype=\"https:\/\/schema.org\/ImageObject\"  ><div class='avia-image-container-inner'><div class='avia-image-overlay-wrap'><img decoding=\"async\" class='wp-image-36738 avia-img-lazy-loading-not-36738 avia_image' src=\"https:\/\/radiorevelacionfm.cl\/wp-content\/uploads\/2023\/11\/f-codcyxmaah7a1-1-1_optimized-1.jpg\" alt='' title='f-codcyxmaah7a1-(1)-(1)_optimized (1)' height=\"694\" width=\"817\"  itemprop=\"thumbnailUrl\" srcset=\"https:\/\/radiorevelacionfm.cl\/wp-content\/uploads\/2023\/11\/f-codcyxmaah7a1-1-1_optimized-1.jpg 817w, https:\/\/radiorevelacionfm.cl\/wp-content\/uploads\/2023\/11\/f-codcyxmaah7a1-1-1_optimized-1-300x255.jpg 300w, https:\/\/radiorevelacionfm.cl\/wp-content\/uploads\/2023\/11\/f-codcyxmaah7a1-1-1_optimized-1-768x652.jpg 768w, https:\/\/radiorevelacionfm.cl\/wp-content\/uploads\/2023\/11\/f-codcyxmaah7a1-1-1_optimized-1-705x599.jpg 705w, https:\/\/radiorevelacionfm.cl\/wp-content\/uploads\/2023\/11\/f-codcyxmaah7a1-1-1_optimized-1-450x382.jpg 450w, https:\/\/radiorevelacionfm.cl\/wp-content\/uploads\/2023\/11\/f-codcyxmaah7a1-1-1_optimized-1-600x510.jpg 600w\" sizes=\"(max-width: 817px) 100vw, 817px\" \/><\/div><\/div><\/div><\/div><div class=\"flex_column av_one_full  flex_column_div av-zero-column-padding first  avia-builder-el-2  el_after_av_one_full  el_before_av_one_full  column-top-margin\" style='border-radius:0px; '><section class=\"av_textblock_section \"  itemscope=\"itemscope\" itemtype=\"https:\/\/schema.org\/BlogPosting\" itemprop=\"blogPost\" ><div class='avia_textblock  '   itemprop=\"text\" ><p style=\"text-align: center;\"><span style=\"font-size: 18pt;\"><b>GOPE Ays\u00e9n y la SIP contin\u00faan b\u00fasqueda de ciudadano quien lleva 12 d\u00edas desaparecido en Coyhaique<\/b><\/span><\/p>\n<div id=\"gtx-trans\" style=\"position: absolute; left: -50px; top: 4.31534px;\">\n<div class=\"gtx-trans-icon\"><\/div>\n<\/div>\n<\/div><\/section><\/div><div class=\"flex_column av_one_full  flex_column_div av-zero-column-padding first  avia-builder-el-4  el_after_av_one_full  el_before_av_hr  column-top-margin\" style='border-radius:0px; '><section class=\"av_textblock_section \"  itemscope=\"itemscope\" itemtype=\"https:\/\/schema.org\/BlogPosting\" itemprop=\"blogPost\" ><div class='avia_textblock  '   itemprop=\"text\" ><p style=\"text-align: justify;\">El trabajo\u00a0en tierra ha sido apoyado desde el aire por la Secci\u00f3n A\u00e9rea, inspeccionando riberas de r\u00edos,\u00a0diversos cerros y lugares tanto en Coyhaique como en Ays\u00e9n sin obtener hasta el momento resultados positivos.<\/p>\n<p style=\"text-align: justify;\">A trav\u00e9s del despliegue de patrullas integradas por Carabineros del Grupo de Operaciones Policiales Especiales (GOPE) Ays\u00e9n, la Instituci\u00f3n desarrolla desde hace m\u00e1s de diez d\u00edas una ardua labor de b\u00fasqueda orientada a dar con el paradero de Patricio Mansilla Figueroa (52), quien fue visto por \u00faltima vez el pasado viernes 27 de octubre luego de salir desde su domicilio con direcci\u00f3n desconocida.<\/p>\n<p style=\"text-align: justify;\">Tras la denuncia por presunta desgracia presentada por familiares, Carabineros de Coyhaique a trav\u00e9s de la Secci\u00f3n de Investigaci\u00f3n Policial (SIP) se aboc\u00f3 en forma inmediata al desarrollo de diligencias de su especialidad, trabajo al que sum\u00f3 el GOPE, seg\u00fan indic\u00f3 el Capit\u00e1n Claudio Troncoso, Jefe de esta especialidad.<\/p>\n<p style=\"text-align: justify;\">\u00abAutom\u00e1ticamente se inici\u00f3 la b\u00fasqueda en posibles lugares, toda vez que no hay informaci\u00f3n certera sobre el destino que pueda haber tomado. Paralelamente la SIP de la 1ra. Comisar\u00eda est\u00e1 realizando su labor investigativa con la finalidad de reunir m\u00e1s informaci\u00f3n y antecedentes que puedan fijar a esta persona en un punto exacto, lo cual hasta la fecha no ha sido posible, no obstante a ello se ha realizado b\u00fasqueda en la comuna de Coyhaique, Ays\u00e9n, sectores tur\u00edsticos donde muchas veces concurren las personas a realizar actividades recreativas o lugares donde -por la experiencia, por otros procedimientos gestados- hemos focalizado nuestra b\u00fasqueda\u00bb, indic\u00f3 el Oficial.<\/p>\n<p style=\"text-align: justify;\">En tal sentido, las patrullas del GOPE Ays\u00e9n han inspeccionado de manera activa los cerros Mackay, Divisadero, Cinchao, Reserva Nacional Coyhaique, ribera del r\u00edo Simpson, la ruta Coyhaique-Ays\u00e9n, sector Los Torreones, Velo de la Novia, Cascada de la Virgen y ribera del r\u00edo Ays\u00e9n.<\/p>\n<p style=\"text-align: justify;\"><b>Sobrevuelo junto a familiar<\/b><\/p>\n<p style=\"text-align: justify;\">Dicho trabajo ha sido desarrollado de manera coordinada con la familia, tareas a las que se sum\u00f3 el s\u00e1bado reci\u00e9n pasado el apoyo de la Secci\u00f3n A\u00e9rea a trav\u00e9s del helic\u00f3ptero institucional realizando un sobrevuelo a trav\u00e9s de una basta zona geogr\u00e1fica en compa\u00f1\u00eda de la hermana de dicho ciudadano, labores que hasta el cierre de esta edici\u00f3n contin\u00faan sin resultados.<\/p>\n<p style=\"text-align: justify;\">\u00abSe sobrevolaron puntos de inter\u00e9s (&#8230;) con la finalidad de ampliar el \u00e1rea de b\u00fasqueda, lo cual nos permite ir descartando lugares donde podr\u00eda haber concurrido esta persona\u00bb, acot\u00f3 el Capit\u00e1n Troncoso.<\/p>\n<p style=\"text-align: justify;\">Asimismo, la familia ha dado a conocer el caso a trav\u00e9s de redes sociales, con la finalidad que quienes puedan reconocer o hayan visto a Patricio Mansilla Figueroa, den aviso oportuno al fono emergencias 133 de Carabineros.<\/p>\n<p style=\"text-align: justify;\">Cabe consignar que el 30 de septiembre del a\u00f1o 2022, tras una denuncia por presunta desgracia, el GOPE logr\u00f3 dar con ubicaci\u00f3n en los faldeos del cerro Divisadero, siendo encontrado sano y salvo, permitiendo llevar tranquilidad a su familia, quienes agradecieron el trabajo desarrollado por Carabineros de este grupo especializado.<\/p>\n<\/div><\/section><\/div><div  style='height:50px' class='hr hr-invisible   avia-builder-el-6  el_after_av_one_full  el_before_av_social_share '><span class='hr-inner ' ><span class='hr-inner-style'><\/span><\/span><\/div><\/p>\n<div  class='av-social-sharing-box  avia-builder-el-7  el_after_av_hr  el_before_av_hr  '><div class='av-share-box'><h5 class='av-share-link-description av-no-toc '>Compartir esta noticia<\/h5><ul class='av-share-box-list noLightbox'><li class='av-share-link av-social-link-facebook' ><a target=\"_blank\" aria-label=\"Compartir en Facebook\" href='https:\/\/www.facebook.com\/sharer.php?u=https:\/\/radiorevelacionfm.cl\/?p=36737&#038;t=GOPE%20Ays%C3%A9n%20y%20la%20SIP%20contin%C3%BAan%20b%C3%BAsqueda%20de%20ciudadano%20quien%20lleva%2012%20d%C3%ADas%20desaparecido%20en%20Coyhaique' aria-hidden='false' data-av_icon='\ue8f3' data-av_iconfont='entypo-fontello' title='' data-avia-related-tooltip='Compartir en Facebook' rel=\"noopener\"><span class='avia_hidden_link_text'>Compartir en Facebook<\/span><\/a><\/li><li class='av-share-link av-social-link-twitter' ><a target=\"_blank\" aria-label=\"Compartir en Twitter\" href='https:\/\/twitter.com\/share?text=GOPE%20Ays%C3%A9n%20y%20la%20SIP%20contin%C3%BAan%20b%C3%BAsqueda%20de%20ciudadano%20quien%20lleva%2012%20d%C3%ADas%20desaparecido%20en%20Coyhaique&#038;url=https:\/\/radiorevelacionfm.cl\/?p=36737' aria-hidden='false' data-av_icon='\ue8f1' data-av_iconfont='entypo-fontello' title='' data-avia-related-tooltip='Compartir en Twitter' rel=\"noopener\"><span class='avia_hidden_link_text'>Compartir en Twitter<\/span><\/a><\/li><li class='av-share-link av-social-link-whatsapp' ><a target=\"_blank\" aria-label=\"Compartir en Whatsapp\" href='https:\/\/api.whatsapp.com\/send?text=https:\/\/radiorevelacionfm.cl\/?p=36737' aria-hidden='false' data-av_icon='\uf232' data-av_iconfont='entypo-fontello' title='' data-avia-related-tooltip='Compartir en Whatsapp' rel=\"noopener\"><span class='avia_hidden_link_text'>Compartir en Whatsapp<\/span><\/a><\/li><li class='av-share-link av-social-link-linkedin' ><a target=\"_blank\" aria-label=\"Compartir en LinkedIn\" href='https:\/\/linkedin.com\/shareArticle?mini=true&#038;title=GOPE%20Ays%C3%A9n%20y%20la%20SIP%20contin%C3%BAan%20b%C3%BAsqueda%20de%20ciudadano%20quien%20lleva%2012%20d%C3%ADas%20desaparecido%20en%20Coyhaique&#038;url=https:\/\/radiorevelacionfm.cl\/?p=36737' aria-hidden='false' data-av_icon='\ue8fc' data-av_iconfont='entypo-fontello' title='' data-avia-related-tooltip='Compartir en LinkedIn' rel=\"noopener\"><span class='avia_hidden_link_text'>Compartir en LinkedIn<\/span><\/a><\/li><li class='av-share-link av-social-link-mail' ><a  aria-label=\"Compartir por correo\" href='mailto:?subject=GOPE%20Ays%C3%A9n%20y%20la%20SIP%20contin%C3%BAan%20b%C3%BAsqueda%20de%20ciudadano%20quien%20lleva%2012%20d%C3%ADas%20desaparecido%20en%20Coyhaique&#038;body=https:\/\/radiorevelacionfm.cl\/?p=36737' aria-hidden='false' data-av_icon='\ue805' data-av_iconfont='entypo-fontello' title='' data-avia-related-tooltip='Compartir por correo'><span class='avia_hidden_link_text'>Compartir por correo<\/span><\/a><\/li><\/ul><\/div><\/div>\n<div  style='height:50px' class='hr hr-invisible   avia-builder-el-8  el_after_av_social_share  el_before_av_comments_list '><span class='hr-inner ' ><span class='hr-inner-style'><\/span><\/span><\/div>\n<div  class='av-buildercomment  av-blog-meta-html-info-disabled av-blog-meta-tag-disabled  '><\/div>\n","protected":false},"excerpt":{"rendered":"","protected":false},"author":1,"featured_media":36738,"comment_status":"open","ping_status":"open","sticky":false,"template":"","format":"standard","meta":{"footnotes":""},"categories":[36],"tags":[],"class_list":["post-36737","post","type-post","status-publish","format-standard","has-post-thumbnail","hentry","category-policial"],"jetpack_featured_media_url":"https:\/\/radiorevelacionfm.cl\/wp-content\/uploads\/2023\/11\/f-codcyxmaah7a1-1-1_optimized-1.jpg","_links":{"self":[{"href":"https:\/\/radiorevelacionfm.cl\/index.php?rest_route=\/wp\/v2\/posts\/36737","targetHints":{"allow":["GET"]}}],"collection":[{"href":"https:\/\/radiorevelacionfm.cl\/index.php?rest_route=\/wp\/v2\/posts"}],"about":[{"href":"https:\/\/radiorevelacionfm.cl\/index.php?rest_route=\/wp\/v2\/types\/post"}],"author":[{"embeddable":true,"href":"https:\/\/radiorevelacionfm.cl\/index.php?rest_route=\/wp\/v2\/users\/1"}],"replies":[{"embeddable":true,"href":"https:\/\/radiorevelacionfm.cl\/index.php?rest_route=%2Fwp%2Fv2%2Fcomments&post=36737"}],"version-history":[{"count":1,"href":"https:\/\/radiorevelacionfm.cl\/index.php?rest_route=\/wp\/v2\/posts\/36737\/revisions"}],"predecessor-version":[{"id":36739,"href":"https:\/\/radiorevelacionfm.cl\/index.php?rest_route=\/wp\/v2\/posts\/36737\/revisions\/36739"}],"wp:featuredmedia":[{"embeddable":true,"href":"https:\/\/radiorevelacionfm.cl\/index.php?rest_route=\/wp\/v2\/media\/36738"}],"wp:attachment":[{"href":"https:\/\/radiorevelacionfm.cl\/index.php?rest_route=%2Fwp%2Fv2%2Fmedia&parent=36737"}],"wp:term":[{"taxonomy":"category","embeddable":true,"href":"https:\/\/radiorevelacionfm.cl\/index.php?rest_route=%2Fwp%2Fv2%2Fcategories&post=36737"},{"taxonomy":"post_tag","embeddable":true,"href":"https:\/\/radiorevelacionfm.cl\/index.php?rest_route=%2Fwp%2Fv2%2Ftags&post=36737"}],"curies":[{"name":"wp","href":"https:\/\/api.w.org\/{rel}","templated":true}]}}