{"id":36735,"date":"2023-11-08T12:37:52","date_gmt":"2023-11-08T15:37:52","guid":{"rendered":"https:\/\/radiorevelacionfm.cl\/?p=36735"},"modified":"2023-11-25T12:38:23","modified_gmt":"2023-11-25T15:38:23","slug":"funcionarios-y-academicos-de-la-universidad-de-aysen-agrupados-en-la-afua-iniciaron-paro-total-indefinido","status":"publish","type":"post","link":"https:\/\/radiorevelacionfm.cl\/?p=36735","title":{"rendered":"Funcionarios y acad\u00e9micos de la Universidad de Ays\u00e9n agrupados en la AFUA iniciaron paro total indefinido"},"content":{"rendered":"<div class=\"flex_column av_one_full  flex_column_div av-zero-column-padding first  avia-builder-el-0  el_before_av_one_full  avia-builder-el-first  \" style='border-radius:0px; '><div  class='avia-image-container  av-styling-    avia-builder-el-1  avia-builder-el-no-sibling  avia-align-center '  itemprop=\"image\" itemscope=\"itemscope\" itemtype=\"https:\/\/schema.org\/ImageObject\"  ><div class='avia-image-container-inner'><div class='avia-image-overlay-wrap'><img decoding=\"async\" class='wp-image-34874 avia-img-lazy-loading-not-34874 avia_image' src=\"https:\/\/radiorevelacionfm.cl\/wp-content\/uploads\/2023\/09\/universidad-aysen-2-1.jpg\" alt='' title='universidad-aysen-2-1' height=\"600\" width=\"918\"  itemprop=\"thumbnailUrl\" srcset=\"https:\/\/radiorevelacionfm.cl\/wp-content\/uploads\/2023\/09\/universidad-aysen-2-1.jpg 918w, https:\/\/radiorevelacionfm.cl\/wp-content\/uploads\/2023\/09\/universidad-aysen-2-1-300x196.jpg 300w, https:\/\/radiorevelacionfm.cl\/wp-content\/uploads\/2023\/09\/universidad-aysen-2-1-768x502.jpg 768w, https:\/\/radiorevelacionfm.cl\/wp-content\/uploads\/2023\/09\/universidad-aysen-2-1-705x461.jpg 705w, https:\/\/radiorevelacionfm.cl\/wp-content\/uploads\/2023\/09\/universidad-aysen-2-1-450x294.jpg 450w, https:\/\/radiorevelacionfm.cl\/wp-content\/uploads\/2023\/09\/universidad-aysen-2-1-600x392.jpg 600w\" sizes=\"(max-width: 918px) 100vw, 918px\" \/><\/div><\/div><\/div><\/div><div class=\"flex_column av_one_full  flex_column_div av-zero-column-padding first  avia-builder-el-2  el_after_av_one_full  el_before_av_one_full  column-top-margin\" style='border-radius:0px; '><section class=\"av_textblock_section \"  itemscope=\"itemscope\" itemtype=\"https:\/\/schema.org\/BlogPosting\" itemprop=\"blogPost\" ><div class='avia_textblock  '   itemprop=\"text\" ><p style=\"text-align: center;\"><strong><span style=\"font-size: 18pt;\">Funcionarios y acad\u00e9micos de la Universidad de Ays\u00e9n agrupados en la AFUA iniciaron paro total indefinido<\/span><\/strong><\/p>\n<div id=\"gtx-trans\" style=\"position: absolute; left: -50px; top: 4.31534px;\">\n<div class=\"gtx-trans-icon\"><\/div>\n<\/div>\n<\/div><\/section><\/div><div class=\"flex_column av_one_full  flex_column_div av-zero-column-padding first  avia-builder-el-4  el_after_av_one_full  el_before_av_hr  column-top-margin\" style='border-radius:0px; '><section class=\"av_textblock_section \"  itemscope=\"itemscope\" itemtype=\"https:\/\/schema.org\/BlogPosting\" itemprop=\"blogPost\" ><div class='avia_textblock  '   itemprop=\"text\" ><p style=\"text-align: justify;\">Esta tarde, a trav\u00e9s de una declaraci\u00f3n p\u00fablica explicaron las razones que llevaron a tomar esta dif\u00edcil decisi\u00f3n.<\/p>\n<p style=\"text-align: justify;\">El documento se\u00f1ala: Los funcionarios, funcionarias, acad\u00e9micos y acad\u00e9micas de la Universidad de Ays\u00e9n, agrupados en la AFUA hemos iniciado el d\u00eda lunes 6 de noviembre un paro total indefinido, ante la grave situaci\u00f3n administrativa y financiera de la instituci\u00f3n. Es por ello, que el pasado martes nos reunimos en asamblea con el Rector de la UAys\u00e9n, Sr. Enrique Urra Coloma y su equipo directivo, para exponer las razones de la paralizaci\u00f3n, haci\u00e9ndole entrega de un petitorio, el cual se comprometi\u00f3 a responder en un plazo de 24 horas.<\/p>\n<p style=\"text-align: justify;\">Las razones por la que los trabajadores y trabajadoras hemos tomado esta dif\u00edcil decisi\u00f3n se relacionan con los siguientes aspectos:<\/p>\n<p style=\"text-align: justify;\">Los trabajadores y trabajadoras de la Universidad de Ays\u00e9n vemos con gran preocupaci\u00f3n la situaci\u00f3n de crisis financiera y administrativa que hoy afecta nuestra instituci\u00f3n y que pone en riesgo la sostenibilidad del proyecto universitario que ha sido y es un sue\u00f1o para los habitantes de nuestra regi\u00f3n.<\/p>\n<p style=\"text-align: justify;\">Durante los \u00faltimos meses, como funcionarios y funcionarias, hemos sido v\u00edctimas de reiteradas vulneraciones a nuestros derechos fundamentales. Actualmente, la Universidad de Ays\u00e9n presenta una deuda de remuneraciones debido al pago parcial de \u00e9stas durante el mes de septiembre, la que se incrementar\u00e1 durante los meses de noviembre y diciembre, de acuerdo a lo se\u00f1alado por las propias autoridades universitarias. As\u00ed mismo podemos nombrar otras vulneraciones tales como cambios unilaterales de las condiciones contractuales; no contar con condiciones laborales m\u00ednimas para el desarrollo de nuestras funciones, por ejemplo, actualmente m\u00e1s del 50% de los funcionarios y funcionarias no cuenta con los espacios de trabajo adecuados, debiendo resolver de manera particular su situaci\u00f3n; a ello se suma que hasta la fecha la autoridad no ha abordado la situaci\u00f3n de salud mental de los trabajadores y trabajadores, la cual se ha visto profundamente afectada este a\u00f1o y en particular durante las \u00faltimas semanas.<\/p>\n<p style=\"text-align: justify;\">Vemos con preocupaci\u00f3n que a tres semanas de la fecha legal para la notificaci\u00f3n de las desvinculaciones que han sido anunciadas por el rector y que se enmarcan en el denominado <em>Plan de Contingencia <\/em>de la casa de estudios, no exista un trabajo articulado con la Asociaci\u00f3n de Funcionarios y Funcionarias, respecto de los criterios que se utilizar\u00e1n para tomar dicha decisi\u00f3n y c\u00f3mo esto impactar\u00e1 en el funcionamiento de la instituci\u00f3n, ad portas de enfrentar un nuevo a\u00f1o acad\u00e9mico.<\/p>\n<p style=\"text-align: justify;\">Creemos que es fundamental que los trabajadores y trabajadoras que hacemos funcionar la casa de estudios, seamos parte activa en la b\u00fasqueda de estrategias que permitan dar sostenibilidad a la instituci\u00f3n, resguardando en todo momento los derechos laborales de los trabajadores y trabajadoras y que, en ning\u00fan momento, dichas decisiones impliquen una precarizaci\u00f3n de las condiciones laborales en que se desarrolla la labor universitaria.<\/p>\n<p style=\"text-align: justify;\">Desde que tomamos conocimiento de la grave crisis que enfrenta nuestra casa de estudios, hemos sido enf\u00e1ticos en se\u00f1alar a las autoridades universitarias nuestra voluntad de colaborar en todo lo que sea necesario para sacar adelante este proyecto universitario de la Regi\u00f3n de Ays\u00e9n, sin embargo hemos sido constantemente invisibilizados por las autoridades universitarias, negando los espacios de di\u00e1logo y co construcci\u00f3n, incumpliendo de manera constante los compromisos asumidos con la asamblea de trabajadores y trabajadoras.<\/p>\n<p style=\"text-align: justify;\">Pese a nuestra voluntad de construir juntos y juntas propuestas de soluci\u00f3n a la situaci\u00f3n de la instituci\u00f3n, ha existido ausencia de di\u00e1logo entre las autoridades universitarias y los trabajadores y trabajadoras, a pesar de ser quienes diariamente hacemos funcionar la Universidad de Ays\u00e9n.<\/p>\n<p style=\"text-align: justify;\">En medio de este dif\u00edcil escenario y ante la ausencia de pago de remuneraciones en la instituci\u00f3n, cuestionamos la contrataci\u00f3n a honorarios del administrador p\u00fablico Javier Pino, actual prorrector de la Universidad Metropolitana de Ciencias de la Educaci\u00f3n (UMCE), como asesor externo por el periodo de tres meses, por un monto de 12 millones de Es preciso se\u00f1alar que Javier Pino fue sugerido como asesor desde el Ministerio de Educaci\u00f3n, sin embargo, dicha cartera no ha asumido el costo del acompa\u00f1amiento que realizar\u00eda el se\u00f1or Pino en nuestra instituci\u00f3n, por lo que hacemos un llamado al Ministerio para gestionar la figura de la comisi\u00f3n de servicio, procedimiento administrativo apropiado para este tipo de acciones.<\/p>\n<p style=\"text-align: justify;\">No ha existido a la fecha una actitud de transparencia por parte del Rector Enrique Urra respecto de la situaci\u00f3n actual de la instituci\u00f3n, con escasa entrega de antecedentes por ejemplo asociados al d\u00e9ficit financiero, entrega de informes de la superintendencia de educaci\u00f3n superior, as\u00ed como tambi\u00e9n, la no incorporaci\u00f3n de los trabajadores y trabajadoras en la construcci\u00f3n de estrategias para elaborar el denominado plan de contingencia.<\/p>\n<p style=\"text-align: justify;\">Finalmente, como funcionarios y funcionarias de una universidad del Estado, hacemos un llamamos al presidente de la Rep\u00fablica Gabriel Boric Font, al Ministro de Educaci\u00f3n, Nicol\u00e1s Cataldo y al Subsecretario de Educaci\u00f3n Superior, V\u00edctor Orellana a realizar acciones concretas que permitan resguardar los derechos de los y las trabajadoras, pero por sobre todo, desarrollar todas las acciones que sean necesarias para asegurar la continuidad de la Universidad de Ays\u00e9n, tal como lo comprometi\u00f3 en enero de 2023 el mandatario en su visita a nuestra casa de estudios.<\/p>\n<\/div><\/section><\/div><div  style='height:50px' class='hr hr-invisible   avia-builder-el-6  el_after_av_one_full  el_before_av_social_share '><span class='hr-inner ' ><span class='hr-inner-style'><\/span><\/span><\/div><\/p>\n<div  class='av-social-sharing-box  avia-builder-el-7  el_after_av_hr  el_before_av_hr  '><div class='av-share-box'><h5 class='av-share-link-description av-no-toc '>Compartir esta noticia<\/h5><ul class='av-share-box-list noLightbox'><li class='av-share-link av-social-link-facebook' ><a target=\"_blank\" aria-label=\"Compartir en Facebook\" href='https:\/\/www.facebook.com\/sharer.php?u=https:\/\/radiorevelacionfm.cl\/?p=36735&#038;t=Funcionarios%20y%20acad%C3%A9micos%20de%20la%20Universidad%20de%20Ays%C3%A9n%20agrupados%20en%20la%20AFUA%20iniciaron%20paro%20total%20indefinido' aria-hidden='false' data-av_icon='\ue8f3' data-av_iconfont='entypo-fontello' title='' data-avia-related-tooltip='Compartir en Facebook' rel=\"noopener\"><span class='avia_hidden_link_text'>Compartir en Facebook<\/span><\/a><\/li><li class='av-share-link av-social-link-twitter' ><a target=\"_blank\" aria-label=\"Compartir en Twitter\" href='https:\/\/twitter.com\/share?text=Funcionarios%20y%20acad%C3%A9micos%20de%20la%20Universidad%20de%20Ays%C3%A9n%20agrupados%20en%20la%20AFUA%20iniciaron%20paro%20total%20indefinido&#038;url=https:\/\/radiorevelacionfm.cl\/?p=36735' aria-hidden='false' data-av_icon='\ue8f1' data-av_iconfont='entypo-fontello' title='' data-avia-related-tooltip='Compartir en Twitter' rel=\"noopener\"><span class='avia_hidden_link_text'>Compartir en Twitter<\/span><\/a><\/li><li class='av-share-link av-social-link-whatsapp' ><a target=\"_blank\" aria-label=\"Compartir en Whatsapp\" href='https:\/\/api.whatsapp.com\/send?text=https:\/\/radiorevelacionfm.cl\/?p=36735' aria-hidden='false' data-av_icon='\uf232' data-av_iconfont='entypo-fontello' title='' data-avia-related-tooltip='Compartir en Whatsapp' rel=\"noopener\"><span class='avia_hidden_link_text'>Compartir en Whatsapp<\/span><\/a><\/li><li class='av-share-link av-social-link-linkedin' ><a target=\"_blank\" aria-label=\"Compartir en LinkedIn\" href='https:\/\/linkedin.com\/shareArticle?mini=true&#038;title=Funcionarios%20y%20acad%C3%A9micos%20de%20la%20Universidad%20de%20Ays%C3%A9n%20agrupados%20en%20la%20AFUA%20iniciaron%20paro%20total%20indefinido&#038;url=https:\/\/radiorevelacionfm.cl\/?p=36735' aria-hidden='false' data-av_icon='\ue8fc' data-av_iconfont='entypo-fontello' title='' data-avia-related-tooltip='Compartir en LinkedIn' rel=\"noopener\"><span class='avia_hidden_link_text'>Compartir en LinkedIn<\/span><\/a><\/li><li class='av-share-link av-social-link-mail' ><a  aria-label=\"Compartir por correo\" href='mailto:?subject=Funcionarios%20y%20acad%C3%A9micos%20de%20la%20Universidad%20de%20Ays%C3%A9n%20agrupados%20en%20la%20AFUA%20iniciaron%20paro%20total%20indefinido&#038;body=https:\/\/radiorevelacionfm.cl\/?p=36735' aria-hidden='false' data-av_icon='\ue805' data-av_iconfont='entypo-fontello' title='' data-avia-related-tooltip='Compartir por correo'><span class='avia_hidden_link_text'>Compartir por correo<\/span><\/a><\/li><\/ul><\/div><\/div>\n<div  style='height:50px' class='hr hr-invisible   avia-builder-el-8  el_after_av_social_share  el_before_av_comments_list '><span class='hr-inner ' ><span class='hr-inner-style'><\/span><\/span><\/div>\n<div  class='av-buildercomment  av-blog-meta-html-info-disabled av-blog-meta-tag-disabled  '><\/div>\n","protected":false},"excerpt":{"rendered":"","protected":false},"author":1,"featured_media":34874,"comment_status":"open","ping_status":"open","sticky":false,"template":"","format":"standard","meta":{"footnotes":""},"categories":[49],"tags":[],"class_list":["post-36735","post","type-post","status-publish","format-standard","has-post-thumbnail","hentry","category-educacion"],"jetpack_featured_media_url":"https:\/\/radiorevelacionfm.cl\/wp-content\/uploads\/2023\/09\/universidad-aysen-2-1.jpg","_links":{"self":[{"href":"https:\/\/radiorevelacionfm.cl\/index.php?rest_route=\/wp\/v2\/posts\/36735","targetHints":{"allow":["GET"]}}],"collection":[{"href":"https:\/\/radiorevelacionfm.cl\/index.php?rest_route=\/wp\/v2\/posts"}],"about":[{"href":"https:\/\/radiorevelacionfm.cl\/index.php?rest_route=\/wp\/v2\/types\/post"}],"author":[{"embeddable":true,"href":"https:\/\/radiorevelacionfm.cl\/index.php?rest_route=\/wp\/v2\/users\/1"}],"replies":[{"embeddable":true,"href":"https:\/\/radiorevelacionfm.cl\/index.php?rest_route=%2Fwp%2Fv2%2Fcomments&post=36735"}],"version-history":[{"count":1,"href":"https:\/\/radiorevelacionfm.cl\/index.php?rest_route=\/wp\/v2\/posts\/36735\/revisions"}],"predecessor-version":[{"id":36736,"href":"https:\/\/radiorevelacionfm.cl\/index.php?rest_route=\/wp\/v2\/posts\/36735\/revisions\/36736"}],"wp:featuredmedia":[{"embeddable":true,"href":"https:\/\/radiorevelacionfm.cl\/index.php?rest_route=\/wp\/v2\/media\/34874"}],"wp:attachment":[{"href":"https:\/\/radiorevelacionfm.cl\/index.php?rest_route=%2Fwp%2Fv2%2Fmedia&parent=36735"}],"wp:term":[{"taxonomy":"category","embeddable":true,"href":"https:\/\/radiorevelacionfm.cl\/index.php?rest_route=%2Fwp%2Fv2%2Fcategories&post=36735"},{"taxonomy":"post_tag","embeddable":true,"href":"https:\/\/radiorevelacionfm.cl\/index.php?rest_route=%2Fwp%2Fv2%2Ftags&post=36735"}],"curies":[{"name":"wp","href":"https:\/\/api.w.org\/{rel}","templated":true}]}}