{"id":36722,"date":"2023-11-09T10:09:11","date_gmt":"2023-11-09T13:09:11","guid":{"rendered":"https:\/\/radiorevelacionfm.cl\/?p=36722"},"modified":"2023-11-09T10:09:11","modified_gmt":"2023-11-09T13:09:11","slug":"xii-festival-de-teatro-patagonia-en-escena-se-presentara-en-coyhaique-puerto-aysen-y-balmaceda","status":"publish","type":"post","link":"https:\/\/radiorevelacionfm.cl\/?p=36722","title":{"rendered":"XII Festival de Teatro Patagonia en Escena se presentar\u00e1 en Coyhaique, Puerto Ays\u00e9n y Balmaceda"},"content":{"rendered":"<div class=\"flex_column av_one_full  flex_column_div av-zero-column-padding first  avia-builder-el-0  el_before_av_one_full  avia-builder-el-first  \" style='border-radius:0px; '><div  class='avia-image-container  av-styling-    avia-builder-el-1  avia-builder-el-no-sibling  avia-align-center '  itemprop=\"image\" itemscope=\"itemscope\" itemtype=\"https:\/\/schema.org\/ImageObject\"  ><div class='avia-image-container-inner'><div class='avia-image-overlay-wrap'><img decoding=\"async\" class='wp-image-36723 avia-img-lazy-loading-not-36723 avia_image' src=\"https:\/\/radiorevelacionfm.cl\/wp-content\/uploads\/2023\/11\/foto-los-hape_optimized-1.jpg\" alt='' title='foto-los-h\u00e4pe_optimized (1)' height=\"600\" width=\"899\"  itemprop=\"thumbnailUrl\" srcset=\"https:\/\/radiorevelacionfm.cl\/wp-content\/uploads\/2023\/11\/foto-los-hape_optimized-1.jpg 899w, https:\/\/radiorevelacionfm.cl\/wp-content\/uploads\/2023\/11\/foto-los-hape_optimized-1-300x200.jpg 300w, https:\/\/radiorevelacionfm.cl\/wp-content\/uploads\/2023\/11\/foto-los-hape_optimized-1-768x513.jpg 768w, https:\/\/radiorevelacionfm.cl\/wp-content\/uploads\/2023\/11\/foto-los-hape_optimized-1-705x471.jpg 705w, https:\/\/radiorevelacionfm.cl\/wp-content\/uploads\/2023\/11\/foto-los-hape_optimized-1-450x300.jpg 450w, https:\/\/radiorevelacionfm.cl\/wp-content\/uploads\/2023\/11\/foto-los-hape_optimized-1-600x400.jpg 600w\" sizes=\"(max-width: 899px) 100vw, 899px\" \/><\/div><\/div><\/div><\/div><div class=\"flex_column av_one_full  flex_column_div av-zero-column-padding first  avia-builder-el-2  el_after_av_one_full  el_before_av_one_full  column-top-margin\" style='border-radius:0px; '><section class=\"av_textblock_section \"  itemscope=\"itemscope\" itemtype=\"https:\/\/schema.org\/BlogPosting\" itemprop=\"blogPost\" ><div class='avia_textblock  '   itemprop=\"text\" ><p style=\"text-align: center;\"><span style=\"font-size: 18pt;\"><strong>XII Festival de Teatro Patagonia en Escena se presentar\u00e1 en Coyhaique, Puerto Ays\u00e9n y Balmaceda<\/strong><\/span><\/p>\n<div id=\"gtx-trans\" style=\"position: absolute; left: -50px; top: 4.31534px;\">\n<div class=\"gtx-trans-icon\"><\/div>\n<\/div>\n<\/div><\/section><\/div><div class=\"flex_column av_one_full  flex_column_div av-zero-column-padding first  avia-builder-el-4  el_after_av_one_full  el_before_av_hr  column-top-margin\" style='border-radius:0px; '><section class=\"av_textblock_section \"  itemscope=\"itemscope\" itemtype=\"https:\/\/schema.org\/BlogPosting\" itemprop=\"blogPost\" ><div class='avia_textblock  '   itemprop=\"text\" ><p style=\"text-align: justify;\">Considerado como el gran evento de las artes esc\u00e9nicas de la Regi\u00f3n de Ays\u00e9n, Patagonia en Escena levantar\u00e1 el tel\u00f3n de su XII versi\u00f3n este viernes a las 19:00 horas con la presentaci\u00f3n de la obra \u00abOtelo\u00bb, de la compa\u00f1\u00eda Viajeinm\u00f3vil, quienes, en esta adaptaci\u00f3n de la tragedia de William Shakespeare, utilizan un elaborado juego de manipulaci\u00f3n de objetos, con un actor y una actriz representando a los personajes principales.<\/p>\n<p style=\"text-align: justify;\">Con el financiamiento del Gobierno Regional de Ays\u00e9n y Su Consejo; el Ministerio de las Culturas, las Artes y el Patrimonio; y la Municipalidad de Coyhaique, adem\u00e1s del aporte de otras instituciones, peque\u00f1as empresas y voluntarios, se logra hacer posible la realizaci\u00f3n del festival, tanto en Coyhaique como en las localidades de Puerto Ays\u00e9n y Balmaceda.<\/p>\n<p style=\"text-align: justify;\">Ver\u00f3nica Ibieta, directora de la iniciativa, destac\u00f3 que: \u201cInvitamos a la comunidad a hacerse parte del d\u00e9cimo segundo Festival Patagonia en Escena, que en esta versi\u00f3n contar\u00e1 con 15 funciones de 7 compa\u00f1\u00edas nacionales y regionales, adem\u00e1s de 4 espacios formativos. Estamos felices de sostener por tantos a\u00f1os un festival de alto profesionalismo que a la vez es gestado de forma comunitaria, beneficiando no s\u00f3lo a la capital regional, sino siempre incorporando m\u00e1s localidades donde contamos con el apoyo de diversos colaboradores que se suman a ser parte\u201d.<\/p>\n<p style=\"text-align: justify;\">Por su parte el seremi de las Culturas, las Artes y el Patrimonio, Felipe Quir\u00f3z, indic\u00f3 que \u00ab12 a\u00f1os de trabajo ininterrumpido, profundamente valorado por las comunidades, descentralizado, pues recorren el territorio y, adem\u00e1s, con el compromiso voluntario de gran parte de la comunidad, avalan esta nueva versi\u00f3n del Patagonia en Escena. Desde el Ministerio de las Culturas, estamos comprometidos con que los contenidos lleguen a diversos p\u00fablicos y Malotun ha sido un importante aliado en esta labor. Invitamos a las comunidades de Balmaceda, Puerto Ays\u00e9n y Coyhaique a que participen activamente en los talleres y funciones de esta nueva edici\u00f3n del festival de teatro m\u00e1s importante de la regi\u00f3n\u00bb.<\/p>\n<p style=\"text-align: justify;\"><strong>Patagonia en Escena<\/strong><\/p>\n<p style=\"text-align: justify;\">Producido por la organizaci\u00f3n cultural comunitaria Malot\u00fan Ortiga, Patagonia en Escena se ha logrado consolidar como el evento m\u00e1s importante del teatro regional con presentaciones de compa\u00f1\u00edas internacionales, nacionales y por supuesto locales, siendo una de las pocas instancias que ha logrado permanecer a lo largo de los a\u00f1os difundiendo las artes esc\u00e9nicas en la Regi\u00f3n de Ays\u00e9n.<\/p>\n<p style=\"text-align: justify;\">Melissa Vallejo \u00c1guila, presidenta de Malotun Ortiga, se\u00f1al\u00f3 que \u201cEsta jornada es nuestra d\u00e9cimo segunda versi\u00f3n del festival, contentos y contentas, ya que la iniciativa perdura en el tiempo. Somos una agrupaci\u00f3n cultural donde los y las participantes tenemos diferentes intereses en la vida, confluyendo en las ganas de que haya teatro en nuestra Regi\u00f3n de Aysen, que muchas veces esta lejana a este tipo de actividades. Todo esto lo realizamos desde el amor y convicci\u00f3n de que las artes esc\u00e9nicas y todas en general son parte del hacer comunidad\u201d.<\/p>\n<p style=\"text-align: justify;\"><strong>\u201cOtelo\u201d<\/strong><\/p>\n<p style=\"text-align: justify;\">La obra con que se abrir\u00e1 esta nueva versi\u00f3n de Patagonia en Escena es \u201cOtelo\u201d, del colectivo Viejainm\u00f3vil, grupo de actores, m\u00fasicos, escen\u00f3grafos, dise\u00f1adores, productores y t\u00e9cnicos dedicados al estudio y creaci\u00f3n del teatro centrado en la relaci\u00f3n del actor con las marionetas y objetos en sus infinitas posibilidades.<\/p>\n<p style=\"text-align: justify;\">\u201cOtelo\u201d es la adaptaci\u00f3n de la tragedia de William Shakespeare, que en su puesta en escena utiliza un elaborado juego de manipulaci\u00f3n de objetos, con un actor y una actriz representando a los personajes principales.<\/p>\n<p style=\"text-align: justify;\">Esta obra es una representaci\u00f3n de la relaci\u00f3n con el melodrama de las telenovelas y las relaciones personales. Es una aproximaci\u00f3n hacia el duro drama de la violencia hacia las mujeres, con escenas que mezclan momentos de gran precisi\u00f3n t\u00e9cnica, humor y tragedia, para escenificar uno de los textos m\u00e1s importantes del autor ingl\u00e9s. La presentaci\u00f3n se realizar\u00e1 este viernes a las 18:00 horas de manera gratuita en el Centro Cultural Coyhaique.<\/p>\n<p style=\"text-align: justify;\">Todas las actividades son gratuitas y abiertas a la comunidad, la informaci\u00f3n en detalle de cada una de ellas se puede encontrar en www.patagoniaenescena.cl y en el instagram Malotun Ortiga.<\/p>\n<\/div><\/section><\/div><div  style='height:50px' class='hr hr-invisible   avia-builder-el-6  el_after_av_one_full  el_before_av_social_share '><span class='hr-inner ' ><span class='hr-inner-style'><\/span><\/span><\/div><\/p>\n<div  class='av-social-sharing-box  avia-builder-el-7  el_after_av_hr  el_before_av_hr  '><div class='av-share-box'><h5 class='av-share-link-description av-no-toc '>Compartir esta noticia<\/h5><ul class='av-share-box-list noLightbox'><li class='av-share-link av-social-link-facebook' ><a target=\"_blank\" aria-label=\"Compartir en Facebook\" href='https:\/\/www.facebook.com\/sharer.php?u=https:\/\/radiorevelacionfm.cl\/?p=36722&#038;t=XII%20Festival%20de%20Teatro%20Patagonia%20en%20Escena%20se%20presentar%C3%A1%20en%20Coyhaique%2C%20Puerto%20Ays%C3%A9n%20y%20Balmaceda' aria-hidden='false' data-av_icon='\ue8f3' data-av_iconfont='entypo-fontello' title='' data-avia-related-tooltip='Compartir en Facebook' rel=\"noopener\"><span class='avia_hidden_link_text'>Compartir en Facebook<\/span><\/a><\/li><li class='av-share-link av-social-link-twitter' ><a target=\"_blank\" aria-label=\"Compartir en Twitter\" href='https:\/\/twitter.com\/share?text=XII%20Festival%20de%20Teatro%20Patagonia%20en%20Escena%20se%20presentar%C3%A1%20en%20Coyhaique%2C%20Puerto%20Ays%C3%A9n%20y%20Balmaceda&#038;url=https:\/\/radiorevelacionfm.cl\/?p=36722' aria-hidden='false' data-av_icon='\ue8f1' data-av_iconfont='entypo-fontello' title='' data-avia-related-tooltip='Compartir en Twitter' rel=\"noopener\"><span class='avia_hidden_link_text'>Compartir en Twitter<\/span><\/a><\/li><li class='av-share-link av-social-link-whatsapp' ><a target=\"_blank\" aria-label=\"Compartir en Whatsapp\" href='https:\/\/api.whatsapp.com\/send?text=https:\/\/radiorevelacionfm.cl\/?p=36722' aria-hidden='false' data-av_icon='\uf232' data-av_iconfont='entypo-fontello' title='' data-avia-related-tooltip='Compartir en Whatsapp' rel=\"noopener\"><span class='avia_hidden_link_text'>Compartir en Whatsapp<\/span><\/a><\/li><li class='av-share-link av-social-link-linkedin' ><a target=\"_blank\" aria-label=\"Compartir en LinkedIn\" href='https:\/\/linkedin.com\/shareArticle?mini=true&#038;title=XII%20Festival%20de%20Teatro%20Patagonia%20en%20Escena%20se%20presentar%C3%A1%20en%20Coyhaique%2C%20Puerto%20Ays%C3%A9n%20y%20Balmaceda&#038;url=https:\/\/radiorevelacionfm.cl\/?p=36722' aria-hidden='false' data-av_icon='\ue8fc' data-av_iconfont='entypo-fontello' title='' data-avia-related-tooltip='Compartir en LinkedIn' rel=\"noopener\"><span class='avia_hidden_link_text'>Compartir en LinkedIn<\/span><\/a><\/li><li class='av-share-link av-social-link-mail' ><a  aria-label=\"Compartir por correo\" href='mailto:?subject=XII%20Festival%20de%20Teatro%20Patagonia%20en%20Escena%20se%20presentar%C3%A1%20en%20Coyhaique%2C%20Puerto%20Ays%C3%A9n%20y%20Balmaceda&#038;body=https:\/\/radiorevelacionfm.cl\/?p=36722' aria-hidden='false' data-av_icon='\ue805' data-av_iconfont='entypo-fontello' title='' data-avia-related-tooltip='Compartir por correo'><span class='avia_hidden_link_text'>Compartir por correo<\/span><\/a><\/li><\/ul><\/div><\/div>\n<div  style='height:50px' class='hr hr-invisible   avia-builder-el-8  el_after_av_social_share  el_before_av_comments_list '><span class='hr-inner ' ><span class='hr-inner-style'><\/span><\/span><\/div>\n<div  class='av-buildercomment  av-blog-meta-html-info-disabled av-blog-meta-tag-disabled  '><\/div>\n","protected":false},"excerpt":{"rendered":"","protected":false},"author":1,"featured_media":36723,"comment_status":"open","ping_status":"open","sticky":false,"template":"","format":"standard","meta":{"footnotes":""},"categories":[42],"tags":[],"class_list":["post-36722","post","type-post","status-publish","format-standard","has-post-thumbnail","hentry","category-cine"],"jetpack_featured_media_url":"https:\/\/radiorevelacionfm.cl\/wp-content\/uploads\/2023\/11\/foto-los-hape_optimized-1.jpg","_links":{"self":[{"href":"https:\/\/radiorevelacionfm.cl\/index.php?rest_route=\/wp\/v2\/posts\/36722","targetHints":{"allow":["GET"]}}],"collection":[{"href":"https:\/\/radiorevelacionfm.cl\/index.php?rest_route=\/wp\/v2\/posts"}],"about":[{"href":"https:\/\/radiorevelacionfm.cl\/index.php?rest_route=\/wp\/v2\/types\/post"}],"author":[{"embeddable":true,"href":"https:\/\/radiorevelacionfm.cl\/index.php?rest_route=\/wp\/v2\/users\/1"}],"replies":[{"embeddable":true,"href":"https:\/\/radiorevelacionfm.cl\/index.php?rest_route=%2Fwp%2Fv2%2Fcomments&post=36722"}],"version-history":[{"count":1,"href":"https:\/\/radiorevelacionfm.cl\/index.php?rest_route=\/wp\/v2\/posts\/36722\/revisions"}],"predecessor-version":[{"id":36724,"href":"https:\/\/radiorevelacionfm.cl\/index.php?rest_route=\/wp\/v2\/posts\/36722\/revisions\/36724"}],"wp:featuredmedia":[{"embeddable":true,"href":"https:\/\/radiorevelacionfm.cl\/index.php?rest_route=\/wp\/v2\/media\/36723"}],"wp:attachment":[{"href":"https:\/\/radiorevelacionfm.cl\/index.php?rest_route=%2Fwp%2Fv2%2Fmedia&parent=36722"}],"wp:term":[{"taxonomy":"category","embeddable":true,"href":"https:\/\/radiorevelacionfm.cl\/index.php?rest_route=%2Fwp%2Fv2%2Fcategories&post=36722"},{"taxonomy":"post_tag","embeddable":true,"href":"https:\/\/radiorevelacionfm.cl\/index.php?rest_route=%2Fwp%2Fv2%2Ftags&post=36722"}],"curies":[{"name":"wp","href":"https:\/\/api.w.org\/{rel}","templated":true}]}}