{"id":36719,"date":"2023-11-08T17:19:12","date_gmt":"2023-11-08T20:19:12","guid":{"rendered":"https:\/\/radiorevelacionfm.cl\/?p=36719"},"modified":"2023-11-08T17:19:12","modified_gmt":"2023-11-08T20:19:12","slug":"fomentando-la-innovacion-en-la-industria-del-aserrio-en-aysen","status":"publish","type":"post","link":"https:\/\/radiorevelacionfm.cl\/?p=36719","title":{"rendered":"Fomentando la innovaci\u00f3n en la Industria del Aserr\u00edo en Ays\u00e9n"},"content":{"rendered":"<div class=\"flex_column av_one_full  flex_column_div av-zero-column-padding first  avia-builder-el-0  el_before_av_one_full  avia-builder-el-first  \" style='border-radius:0px; '><div  class='avia-image-container  av-styling-    avia-builder-el-1  avia-builder-el-no-sibling  avia-align-center '  itemprop=\"image\" itemscope=\"itemscope\" itemtype=\"https:\/\/schema.org\/ImageObject\"  ><div class='avia-image-container-inner'><div class='avia-image-overlay-wrap'><img decoding=\"async\" class='wp-image-36720 avia-img-lazy-loading-not-36720 avia_image' src=\"https:\/\/radiorevelacionfm.cl\/wp-content\/uploads\/2023\/11\/imagen3-5-1_optimized.jpg\" alt='' title='imagen3-(5)-(1)_optimized' height=\"600\" width=\"1002\"  itemprop=\"thumbnailUrl\" srcset=\"https:\/\/radiorevelacionfm.cl\/wp-content\/uploads\/2023\/11\/imagen3-5-1_optimized.jpg 1002w, https:\/\/radiorevelacionfm.cl\/wp-content\/uploads\/2023\/11\/imagen3-5-1_optimized-300x180.jpg 300w, https:\/\/radiorevelacionfm.cl\/wp-content\/uploads\/2023\/11\/imagen3-5-1_optimized-768x460.jpg 768w, https:\/\/radiorevelacionfm.cl\/wp-content\/uploads\/2023\/11\/imagen3-5-1_optimized-705x422.jpg 705w, https:\/\/radiorevelacionfm.cl\/wp-content\/uploads\/2023\/11\/imagen3-5-1_optimized-450x269.jpg 450w, https:\/\/radiorevelacionfm.cl\/wp-content\/uploads\/2023\/11\/imagen3-5-1_optimized-600x359.jpg 600w\" sizes=\"(max-width: 1002px) 100vw, 1002px\" \/><\/div><\/div><\/div><\/div><div class=\"flex_column av_one_full  flex_column_div av-zero-column-padding first  avia-builder-el-2  el_after_av_one_full  el_before_av_one_full  column-top-margin\" style='border-radius:0px; '><section class=\"av_textblock_section \"  itemscope=\"itemscope\" itemtype=\"https:\/\/schema.org\/BlogPosting\" itemprop=\"blogPost\" ><div class='avia_textblock  '   itemprop=\"text\" ><p style=\"text-align: center;\"><strong><span style=\"font-size: 18pt;\">Fomentando la innovaci\u00f3n en la Industria del Aserr\u00edo en Ays\u00e9n<\/span><\/strong><\/p>\n<div id=\"gtx-trans\" style=\"position: absolute; left: -50px; top: 4.31534px;\">\n<div class=\"gtx-trans-icon\"><\/div>\n<\/div>\n<\/div><\/section><\/div><div class=\"flex_column av_one_full  flex_column_div av-zero-column-padding first  avia-builder-el-4  el_after_av_one_full  el_before_av_hr  column-top-margin\" style='border-radius:0px; '><section class=\"av_textblock_section \"  itemscope=\"itemscope\" itemtype=\"https:\/\/schema.org\/BlogPosting\" itemprop=\"blogPost\" ><div class='avia_textblock  '   itemprop=\"text\" ><p class=\"v1MsoNormal\" style=\"text-align: justify;\">La Universidad Austral de Chile y Corfo Ays\u00e9n han completado con \u00e9xito la segunda Gira Tecnol\u00f3gica en Valdivia, como parte del proyecto \u00abFortalecimiento t\u00e9cnico y de innovaci\u00f3n del capital humano de la industria del aserr\u00edo\u00bb. Este evento cont\u00f3 con la participaci\u00f3n de 12 peque\u00f1as y medianas empresas de Ays\u00e9n, fortaleciendo as\u00ed la colaboraci\u00f3n e innovaci\u00f3n en el sector.<\/p>\n<p class=\"v1MsoNormal\" style=\"text-align: justify;\">Humberto Mar\u00edn Leiva, director de Corfo Ays\u00e9n, comparti\u00f3 que las empresas del sector de la muebler\u00eda tuvieron la oportunidad de explorar nuevas experiencias empresariales que impulsar\u00e1n la innovaci\u00f3n y la colaboraci\u00f3n en su industria. \u00abEn el marco de la segunda Gira Tecnol\u00f3gica del proyecto\u00a0<i>PDT Fortalecimiento t\u00e9cnico y de innovaci\u00f3n del capital humano de la industria del aserr\u00edo<\/i>, las PYMEs beneficiarias realizaron visitas a industrias y talleres especializados en trabajos de madera. Estas visitas les permitir\u00e1n fomentar el intercambio de conocimientos y experiencias, adem\u00e1s de facilitar la creaci\u00f3n de conexiones comerciales\u00bb.<\/p>\n<p class=\"v1MsoNormal\" style=\"text-align: justify;\">V\u00edctor Alvarado, de Maderas Antu, indic\u00f3 que la gira ha sido una gran oportunidad para los empresarios de la Regi\u00f3n de Ays\u00e9n, especialmente para los j\u00f3venes emprendedores, valorando las capacitaciones y experiencias compartidas. \u00abA\u00fan estamos en una etapa temprana de desarrollo y esta gira nos ha proporcionado conocimientos y perspectivas esenciales para impulsar nuestro crecimiento. Estoy especialmente agradecido por la informaci\u00f3n y orientaci\u00f3n que hemos recibido, como la proporcionada por el equipo de INFOR que es de gran valor, para quienes estamos enfocados en la producci\u00f3n de muebles en Ays\u00e9n, utilizando maderas nativas de la Patagonia, lo que agrega un valor significativo a nuestros productos. Estamos muy contentos y agradecidos por esta gira y capacitaci\u00f3n, y esperamos que estas oportunidades sigan present\u00e1ndose, especialmente para los emprendedores m\u00e1s j\u00f3venes\u00bb.<\/p>\n<p class=\"v1MsoNormal\" style=\"text-align: justify;\">Por su parte, Dagoberto Uribe, de Muebles San Francisco, detall\u00f3 que para quienes comparten la pasi\u00f3n por la carpinter\u00eda y la fabricaci\u00f3n de muebles, ya sea por tradici\u00f3n familiar o razones comerciales, esta experiencia les ha permitido ampliar sus perspectivas en el rubro. \u00abHoy en d\u00eda, las nuevas tecnolog\u00edas permiten vender productos sin necesidad de grandes talleres. Sin embargo, todav\u00eda enfrentamos desaf\u00edos en la creaci\u00f3n de empleo y oportunidades laborales para otros en nuestro entorno, como Coyhaique y Puerto Ib\u00e1\u00f1ez, donde generalmente trabajamos de manera independiente o con un colaborador\u00bb.<\/p>\n<p class=\"v1MsoNormal\" style=\"text-align: justify;\">Agreg\u00f3 que, en comparaci\u00f3n con regiones como Valdivia o La Araucan\u00eda, Ays\u00e9n est\u00e1 en una etapa inicial, y con mucho potencial por desarrollar. \u00abUno piensa que es solo una visita, pero al escuchar a los expertos que realizan estudios sobre la madera, los bosques y la regi\u00f3n en la que operamos, se vuelve evidente que debemos seguir adelante y aprovechar al m\u00e1ximo los recursos disponibles\u00bb.<\/p>\n<p class=\"v1MsoNormal\" style=\"text-align: justify;\">Finalmente, el director de Corfo enfatiz\u00f3 el compromiso de la Universidad Austral de Chile y Corfo Ays\u00e9n en impulsar la innovaci\u00f3n en la industria del aserr\u00edo en la regi\u00f3n de Ays\u00e9n y promover el crecimiento de la industria forestal local. \u00abTodas estas experiencias enriquecedoras brindaron, a quienes participaron en la gira, la oportunidad de adquirir conocimientos pr\u00e1cticos y aprender de expertos en la industria del aserr\u00edo y la muebler\u00eda, contribuyendo al fortalecimiento de sus capacidades y competencias.\u00bb<\/p>\n<p class=\"v1MsoNormal\" style=\"text-align: justify;\"><b>JORNADA DE TRABAJO<\/b><\/p>\n<p class=\"v1MsoNormal\" style=\"text-align: justify;\">Durante la gira, los participantes visitaron el taller de muebler\u00eda en el Liceo Polit\u00e9cnico Benjam\u00edn Vicu\u00f1a Mackenna, donde exploraron las instalaciones y participaron en actividades relacionadas con la elaboraci\u00f3n de tableros utilizados en la industria de la muebler\u00eda. Adem\u00e1s, se llevaron a cabo actividades relacionadas con el fresado con CNC y t\u00e9cnicas de pintura.<\/p>\n<p class=\"v1MsoNormal\" style=\"text-align: justify;\">Una de las experiencias m\u00e1s destacadas de la gira fue la visita a Muebles Foresta, una empresa mueblista con m\u00e1s de 50 a\u00f1os de experiencia, donde los beneficiarios conocieron en detalle la operaci\u00f3n de la empresa. Tuvieron la oportunidad de profundizar en aspectos relacionados con el ordenamiento, el flujo de productos y los m\u00e9todos de abastecimiento de esta destacada empresa.<\/p>\n<p class=\"v1MsoNormal\" style=\"text-align: justify;\">Finalmente, en la sede de INFOR Los R\u00edos, los participantes fueron parte de una visita guiada a un proyecto de revalorizaci\u00f3n de la madera como elemento decorativo. Este proyecto utiliza maquinaria CNC para la elaboraci\u00f3n de tableros que se utilizan en la industria de la muebler\u00eda.<\/p>\n<\/div><\/section><\/div><div  style='height:50px' class='hr hr-invisible   avia-builder-el-6  el_after_av_one_full  el_before_av_social_share '><span class='hr-inner ' ><span class='hr-inner-style'><\/span><\/span><\/div><\/p>\n<div  class='av-social-sharing-box  avia-builder-el-7  el_after_av_hr  el_before_av_hr  '><div class='av-share-box'><h5 class='av-share-link-description av-no-toc '>Compartir esta noticia<\/h5><ul class='av-share-box-list noLightbox'><li class='av-share-link av-social-link-facebook' ><a target=\"_blank\" aria-label=\"Compartir en Facebook\" href='https:\/\/www.facebook.com\/sharer.php?u=https:\/\/radiorevelacionfm.cl\/?p=36719&#038;t=Fomentando%20la%20innovaci%C3%B3n%20en%20la%20Industria%20del%20Aserr%C3%ADo%20en%20Ays%C3%A9n' aria-hidden='false' data-av_icon='\ue8f3' data-av_iconfont='entypo-fontello' title='' data-avia-related-tooltip='Compartir en Facebook' rel=\"noopener\"><span class='avia_hidden_link_text'>Compartir en Facebook<\/span><\/a><\/li><li class='av-share-link av-social-link-twitter' ><a target=\"_blank\" aria-label=\"Compartir en Twitter\" href='https:\/\/twitter.com\/share?text=Fomentando%20la%20innovaci%C3%B3n%20en%20la%20Industria%20del%20Aserr%C3%ADo%20en%20Ays%C3%A9n&#038;url=https:\/\/radiorevelacionfm.cl\/?p=36719' aria-hidden='false' data-av_icon='\ue8f1' data-av_iconfont='entypo-fontello' title='' data-avia-related-tooltip='Compartir en Twitter' rel=\"noopener\"><span class='avia_hidden_link_text'>Compartir en Twitter<\/span><\/a><\/li><li class='av-share-link av-social-link-whatsapp' ><a target=\"_blank\" aria-label=\"Compartir en Whatsapp\" href='https:\/\/api.whatsapp.com\/send?text=https:\/\/radiorevelacionfm.cl\/?p=36719' aria-hidden='false' data-av_icon='\uf232' data-av_iconfont='entypo-fontello' title='' data-avia-related-tooltip='Compartir en Whatsapp' rel=\"noopener\"><span class='avia_hidden_link_text'>Compartir en Whatsapp<\/span><\/a><\/li><li class='av-share-link av-social-link-linkedin' ><a target=\"_blank\" aria-label=\"Compartir en LinkedIn\" href='https:\/\/linkedin.com\/shareArticle?mini=true&#038;title=Fomentando%20la%20innovaci%C3%B3n%20en%20la%20Industria%20del%20Aserr%C3%ADo%20en%20Ays%C3%A9n&#038;url=https:\/\/radiorevelacionfm.cl\/?p=36719' aria-hidden='false' data-av_icon='\ue8fc' data-av_iconfont='entypo-fontello' title='' data-avia-related-tooltip='Compartir en LinkedIn' rel=\"noopener\"><span class='avia_hidden_link_text'>Compartir en LinkedIn<\/span><\/a><\/li><li class='av-share-link av-social-link-mail' ><a  aria-label=\"Compartir por correo\" href='mailto:?subject=Fomentando%20la%20innovaci%C3%B3n%20en%20la%20Industria%20del%20Aserr%C3%ADo%20en%20Ays%C3%A9n&#038;body=https:\/\/radiorevelacionfm.cl\/?p=36719' aria-hidden='false' data-av_icon='\ue805' data-av_iconfont='entypo-fontello' title='' data-avia-related-tooltip='Compartir por correo'><span class='avia_hidden_link_text'>Compartir por correo<\/span><\/a><\/li><\/ul><\/div><\/div>\n<div  style='height:50px' class='hr hr-invisible   avia-builder-el-8  el_after_av_social_share  el_before_av_comments_list '><span class='hr-inner ' ><span class='hr-inner-style'><\/span><\/span><\/div>\n<div  class='av-buildercomment  av-blog-meta-html-info-disabled av-blog-meta-tag-disabled  '><\/div>\n","protected":false},"excerpt":{"rendered":"","protected":false},"author":1,"featured_media":36720,"comment_status":"open","ping_status":"open","sticky":false,"template":"","format":"standard","meta":{"footnotes":""},"categories":[38],"tags":[],"class_list":["post-36719","post","type-post","status-publish","format-standard","has-post-thumbnail","hentry","category-regional"],"jetpack_featured_media_url":"https:\/\/radiorevelacionfm.cl\/wp-content\/uploads\/2023\/11\/imagen3-5-1_optimized.jpg","_links":{"self":[{"href":"https:\/\/radiorevelacionfm.cl\/index.php?rest_route=\/wp\/v2\/posts\/36719","targetHints":{"allow":["GET"]}}],"collection":[{"href":"https:\/\/radiorevelacionfm.cl\/index.php?rest_route=\/wp\/v2\/posts"}],"about":[{"href":"https:\/\/radiorevelacionfm.cl\/index.php?rest_route=\/wp\/v2\/types\/post"}],"author":[{"embeddable":true,"href":"https:\/\/radiorevelacionfm.cl\/index.php?rest_route=\/wp\/v2\/users\/1"}],"replies":[{"embeddable":true,"href":"https:\/\/radiorevelacionfm.cl\/index.php?rest_route=%2Fwp%2Fv2%2Fcomments&post=36719"}],"version-history":[{"count":1,"href":"https:\/\/radiorevelacionfm.cl\/index.php?rest_route=\/wp\/v2\/posts\/36719\/revisions"}],"predecessor-version":[{"id":36721,"href":"https:\/\/radiorevelacionfm.cl\/index.php?rest_route=\/wp\/v2\/posts\/36719\/revisions\/36721"}],"wp:featuredmedia":[{"embeddable":true,"href":"https:\/\/radiorevelacionfm.cl\/index.php?rest_route=\/wp\/v2\/media\/36720"}],"wp:attachment":[{"href":"https:\/\/radiorevelacionfm.cl\/index.php?rest_route=%2Fwp%2Fv2%2Fmedia&parent=36719"}],"wp:term":[{"taxonomy":"category","embeddable":true,"href":"https:\/\/radiorevelacionfm.cl\/index.php?rest_route=%2Fwp%2Fv2%2Fcategories&post=36719"},{"taxonomy":"post_tag","embeddable":true,"href":"https:\/\/radiorevelacionfm.cl\/index.php?rest_route=%2Fwp%2Fv2%2Ftags&post=36719"}],"curies":[{"name":"wp","href":"https:\/\/api.w.org\/{rel}","templated":true}]}}