{"id":36716,"date":"2023-11-08T16:12:32","date_gmt":"2023-11-08T19:12:32","guid":{"rendered":"https:\/\/radiorevelacionfm.cl\/?p=36716"},"modified":"2023-11-08T16:12:32","modified_gmt":"2023-11-08T19:12:32","slug":"conjunto-de-violines-de-la-escuela-almirante-simpson-realizan-maravillosa-interpretacion-musical-desde-laguna-san-rafael","status":"publish","type":"post","link":"https:\/\/radiorevelacionfm.cl\/?p=36716","title":{"rendered":"Conjunto de violines de la escuela Almirante Simpson realizan maravillosa interpretaci\u00f3n musical desde Laguna San Rafael"},"content":{"rendered":"<div class=\"flex_column av_one_full  flex_column_div av-zero-column-padding first  avia-builder-el-0  el_before_av_one_full  avia-builder-el-first  \" style='border-radius:0px; '><div  class='avia-image-container  av-styling-    avia-builder-el-1  avia-builder-el-no-sibling  avia-align-center '  itemprop=\"image\" itemscope=\"itemscope\" itemtype=\"https:\/\/schema.org\/ImageObject\"  ><div class='avia-image-container-inner'><div class='avia-image-overlay-wrap'><img decoding=\"async\" class='wp-image-36717 avia-img-lazy-loading-not-36717 avia_image' src=\"https:\/\/radiorevelacionfm.cl\/wp-content\/uploads\/2023\/11\/399814558_206225332508779_3366762257397054346_n-1-1.jpg\" alt='' title='399814558_206225332508779_3366762257397054346_n (1) (1)' height=\"600\" width=\"800\"  itemprop=\"thumbnailUrl\" srcset=\"https:\/\/radiorevelacionfm.cl\/wp-content\/uploads\/2023\/11\/399814558_206225332508779_3366762257397054346_n-1-1.jpg 800w, https:\/\/radiorevelacionfm.cl\/wp-content\/uploads\/2023\/11\/399814558_206225332508779_3366762257397054346_n-1-1-300x225.jpg 300w, https:\/\/radiorevelacionfm.cl\/wp-content\/uploads\/2023\/11\/399814558_206225332508779_3366762257397054346_n-1-1-768x576.jpg 768w, https:\/\/radiorevelacionfm.cl\/wp-content\/uploads\/2023\/11\/399814558_206225332508779_3366762257397054346_n-1-1-705x529.jpg 705w, https:\/\/radiorevelacionfm.cl\/wp-content\/uploads\/2023\/11\/399814558_206225332508779_3366762257397054346_n-1-1-450x338.jpg 450w, https:\/\/radiorevelacionfm.cl\/wp-content\/uploads\/2023\/11\/399814558_206225332508779_3366762257397054346_n-1-1-600x450.jpg 600w\" sizes=\"(max-width: 800px) 100vw, 800px\" \/><\/div><\/div><\/div><\/div><div class=\"flex_column av_one_full  flex_column_div av-zero-column-padding first  avia-builder-el-2  el_after_av_one_full  el_before_av_one_full  column-top-margin\" style='border-radius:0px; '><section class=\"av_textblock_section \"  itemscope=\"itemscope\" itemtype=\"https:\/\/schema.org\/BlogPosting\" itemprop=\"blogPost\" ><div class='avia_textblock  '   itemprop=\"text\" ><p style=\"text-align: center;\"><span style=\"font-size: 18pt;\"><strong>Conjunto de violines de la escuela Almirante Simpson realizan maravillosa interpretaci\u00f3n musical desde Laguna San Rafael<\/strong><\/span><\/p>\n<div id=\"gtx-trans\" style=\"position: absolute; left: -50px; top: 4.31534px;\">\n<div class=\"gtx-trans-icon\"><\/div>\n<\/div>\n<\/div><\/section><\/div><div class=\"flex_column av_one_full  flex_column_div av-zero-column-padding first  avia-builder-el-4  el_after_av_one_full  el_before_av_hr  column-top-margin\" style='border-radius:0px; '><section class=\"av_textblock_section \"  itemscope=\"itemscope\" itemtype=\"https:\/\/schema.org\/BlogPosting\" itemprop=\"blogPost\" ><div class='avia_textblock  '   itemprop=\"text\" ><p style=\"text-align: justify;\">Una visita que, sin duda, ser\u00e1 dif\u00edcil de olvidar, vivieron los estudiantes de la escuela Almirante Simpson, de Puerto Chacabuco, integrantes de los niveles Intermedio y Avanzado del conjunto de Violines del establecimiento, a cargo de la unidad de Orquestas Escolares de la Direcci\u00f3n de Educaci\u00f3n Municipal de Ays\u00e9n.<\/p>\n<p style=\"text-align: justify;\">Es que once alumnos y alumnas, junto a una comisi\u00f3n integrada por monitores, padres y apoderados, este lunes arribaron hasta la laguna San Rafael. Una aventura que inici\u00f3 en la localidad puerto, donde embarcados en Catamaranes del Sur navegaron por fiordos y canales durante m\u00e1s de 4 horas, en que ni\u00f1os y ni\u00f1as pudieron apreciar en todo su esplendor la naturaleza de este punto de la Patagonia.<\/p>\n<p style=\"text-align: justify;\">El viaje -que se gest\u00f3 a trav\u00e9s de la organizaci\u00f3n de padres y apoderados, apoyados por el Sindicato de mujeres de Puerto Chacabuco, las Porte\u00f1as; conjuntamente a la Corporaci\u00f3n CorpAys\u00e9n y Hotel Lober\u00edas del Sur-, finaliz\u00f3 con el arribo hasta glaciar San Rafael. Rodeado de icebergs y un paisaje imponente, se convirti\u00f3 en el escenario perfecto para la interpretaci\u00f3n musical a cargo de los instrumentos de cuerda.<\/p>\n<p style=\"text-align: justify;\">\u201cMe siento encantada porque uno de mis objetivos anuales era poder sacar a los chicos a conocer su territorio. Creo que es algo que no todos los ni\u00f1os de la regi\u00f3n tienen la posibilidad de hacer, y creo que con la tremenda colaboraci\u00f3n que hemos tenido ac\u00e1, en conjunto con la directiva y la comunidad, pudimos lograr que ellos pudiesen conocer un lugar tan hermoso, como es laguna San Rafael\u201d, manifest\u00f3 la monitora del conjunto de violines de la escuela, Valeska Herrera.<\/p>\n<p style=\"text-align: justify;\">Por su parte, Nelson Contreras, abuelo de dos integrantes de este cuerpo musical, y funcionario de la comunidad educativa Almirante Simpson se\u00f1al\u00f3 que \u201cellas est\u00e1n encantadas con el viol\u00edn. L\u00f3gicamente, eso hace que nosotros como familia tambi\u00e9n estemos encantados. El viaje fue excepcional. Dar los agradecimientos a quienes hicieron posible este viaje. A todos los entes que, de una u otra forma, permitieron que estos ni\u00f1os puedan asistir a un lugar tan m\u00e1gico, una reserva nacional de vida natural como es laguna San Rafael, y donde quedaron maravillados\u201d.<\/p>\n<p style=\"text-align: justify;\">Agreg\u00f3 que \u201cla experiencia de ellos de poder ir en un catamar\u00e1n, de poder hacer un concierto en un paisaje tan hermoso, es muy enriquecedor.\u00a0 Un recuerdo que van a guardar de por vida en su retina. Agradecer los monitores, Valeska e \u00cdtalo, por su tiempo y su dedicaci\u00f3n. Estos talleres, la m\u00fasica, regocijan el alma\u201d.<\/p>\n<p style=\"text-align: justify;\">Asimismo, la docente jefa de la Unidad T\u00e9cnico Pedag\u00f3gica, Pabla V\u00e1squez -quien particip\u00f3 de esta instancia acompa\u00f1ando a los y las estudiantes-, relev\u00f3 este tipo de actividades, as\u00ed como el aprendizaje de la m\u00fasica, que genera diversos beneficios en los estudiantes que la practican, como son mejorar la capacidad intelectual y la memoria, fomentar imaginaci\u00f3n y creatividad, permite mayor autoconfianza y amplitud de habilidades sociales, entre otras. \u201cPara nosotros como comunidad educativa, este viaje es muy importante, y estamos muy contentos por la experiencia que han tenido los ni\u00f1os. Sabemos que han tenido un arduo trabajo, un ensayo constante, entonces este tipo de resultados es muy gratificante\u201d.<\/p>\n<p style=\"text-align: justify;\">La profesional a\u00f1adi\u00f3 que \u201csin duda alguna que estas actividades son totalmente positivas. La experiencia que han ganado tambi\u00e9n les ha servido para mejorar su autoestima, el estado emocional de los ni\u00f1os. Se nota una mejor disposici\u00f3n al aprender, lo que se ha reflejado significativamente en las salas de clases\u201d, dijo.<\/p>\n<p style=\"text-align: justify;\"><strong>REACCIONES<\/strong><\/p>\n<p style=\"text-align: justify;\">Felices se mostraron los integrantes del conjunto de violines, una vez retornaron a su establecimiento. \u201cFue muy bonito, muy entretenido. Una linda experiencia. Yo no conoc\u00eda laguna San Rafael, y me gust\u00f3 mucho haber ido por ser parte de la orquesta, y por saber tocar el viol\u00edn\u201d, indic\u00f3 Estefan\u00eda C\u00e1rdenas, de octavo a\u00f1o.<\/p>\n<p style=\"text-align: justify;\">Para Fernanda Licanqueo, de sexto a\u00f1o, \u201ctodo fue muy lindo. Ya hab\u00eda ido antes, pero la verdad no recordaba mucho porque era m\u00e1s peque\u00f1a. Me gust\u00f3 ir con mis compa\u00f1eros\u201d.<\/p>\n<p style=\"text-align: justify;\">En el caso de los estudiantes de sexto b\u00e1sico, Patricio Lira y Joaqu\u00edn Alvarado, la experiencia fue \u201cmuy emocionante, nunca hab\u00edamos ido, y fue muy relajante estar ah\u00ed. Todo result\u00f3 excelente\u201d. A lo que su compa\u00f1ero de curso, Brandon Pur\u00e1n, sum\u00f3 que \u201cojal\u00e1 alg\u00fan d\u00eda pueda repetirse un viaje as\u00ed\u201d.<\/p>\n<p style=\"text-align: justify;\">Esta instancia se suma a la reciente gira de los estudiantes a la comuna de Guaitecas, donde durante casi una semana visitaron escuelas y centros culturales en Melinka y Repollal, llevando hasta el norte de la regi\u00f3n su m\u00fasica y talento. \u201cAgradecidos del apoyo de Todos. Creo que puede ser mi palabra m\u00e1s emblem\u00e1tica en estos grandes hitos. Agradecida de todo coraz\u00f3n de toda la comunidad. Agradecida del esfuerzo de los chicos. Destaco la constancia, la alegr\u00eda. Siento que ha sido una experiencia muy significativa, para ellos y tambi\u00e9n para m\u00ed\u201d, enfatiz\u00f3 la monitora del conjunto de violines, Valeska Herrera.<\/p>\n<p style=\"text-align: justify;\">Respecto a los pr\u00f3ximos desaf\u00edos, la profesional de la m\u00fasica, explic\u00f3 que \u201clo siguiente que se nos viene es la visita de la Orquesta de C\u00e1mara de Chile, que va a ser muy relevante para ellos porque van a poder ver grandes profesionales del \u00e1rea de la m\u00fasica, que est\u00e1n centralizados en Santiago, y los van a poder ver. Y tambi\u00e9n los conciertos de navidad, que son un hito emblem\u00e1tico dentro de la comuna, donde nuestros ni\u00f1os pueden expresarse a trav\u00e9s de canciones navide\u00f1as que tanto gustan a la comunidad\u201d, finaliz\u00f3.<\/p>\n<\/div><\/section><\/div><div  style='height:50px' class='hr hr-invisible   avia-builder-el-6  el_after_av_one_full  el_before_av_social_share '><span class='hr-inner ' ><span class='hr-inner-style'><\/span><\/span><\/div><\/p>\n<div  class='av-social-sharing-box  avia-builder-el-7  el_after_av_hr  el_before_av_hr  '><div class='av-share-box'><h5 class='av-share-link-description av-no-toc '>Compartir esta noticia<\/h5><ul class='av-share-box-list noLightbox'><li class='av-share-link av-social-link-facebook' ><a target=\"_blank\" aria-label=\"Compartir en Facebook\" href='https:\/\/www.facebook.com\/sharer.php?u=https:\/\/radiorevelacionfm.cl\/?p=36716&#038;t=Conjunto%20de%20violines%20de%20la%20escuela%20Almirante%20Simpson%20realizan%20maravillosa%20interpretaci%C3%B3n%20musical%20desde%20Laguna%20San%20Rafael' aria-hidden='false' data-av_icon='\ue8f3' data-av_iconfont='entypo-fontello' title='' data-avia-related-tooltip='Compartir en Facebook' rel=\"noopener\"><span class='avia_hidden_link_text'>Compartir en Facebook<\/span><\/a><\/li><li class='av-share-link av-social-link-twitter' ><a target=\"_blank\" aria-label=\"Compartir en Twitter\" href='https:\/\/twitter.com\/share?text=Conjunto%20de%20violines%20de%20la%20escuela%20Almirante%20Simpson%20realizan%20maravillosa%20interpretaci%C3%B3n%20musical%20desde%20Laguna%20San%20Rafael&#038;url=https:\/\/radiorevelacionfm.cl\/?p=36716' aria-hidden='false' data-av_icon='\ue8f1' data-av_iconfont='entypo-fontello' title='' data-avia-related-tooltip='Compartir en Twitter' rel=\"noopener\"><span class='avia_hidden_link_text'>Compartir en Twitter<\/span><\/a><\/li><li class='av-share-link av-social-link-whatsapp' ><a target=\"_blank\" aria-label=\"Compartir en Whatsapp\" href='https:\/\/api.whatsapp.com\/send?text=https:\/\/radiorevelacionfm.cl\/?p=36716' aria-hidden='false' data-av_icon='\uf232' data-av_iconfont='entypo-fontello' title='' data-avia-related-tooltip='Compartir en Whatsapp' rel=\"noopener\"><span class='avia_hidden_link_text'>Compartir en Whatsapp<\/span><\/a><\/li><li class='av-share-link av-social-link-linkedin' ><a target=\"_blank\" aria-label=\"Compartir en LinkedIn\" href='https:\/\/linkedin.com\/shareArticle?mini=true&#038;title=Conjunto%20de%20violines%20de%20la%20escuela%20Almirante%20Simpson%20realizan%20maravillosa%20interpretaci%C3%B3n%20musical%20desde%20Laguna%20San%20Rafael&#038;url=https:\/\/radiorevelacionfm.cl\/?p=36716' aria-hidden='false' data-av_icon='\ue8fc' data-av_iconfont='entypo-fontello' title='' data-avia-related-tooltip='Compartir en LinkedIn' rel=\"noopener\"><span class='avia_hidden_link_text'>Compartir en LinkedIn<\/span><\/a><\/li><li class='av-share-link av-social-link-mail' ><a  aria-label=\"Compartir por correo\" href='mailto:?subject=Conjunto%20de%20violines%20de%20la%20escuela%20Almirante%20Simpson%20realizan%20maravillosa%20interpretaci%C3%B3n%20musical%20desde%20Laguna%20San%20Rafael&#038;body=https:\/\/radiorevelacionfm.cl\/?p=36716' aria-hidden='false' data-av_icon='\ue805' data-av_iconfont='entypo-fontello' title='' data-avia-related-tooltip='Compartir por correo'><span class='avia_hidden_link_text'>Compartir por correo<\/span><\/a><\/li><\/ul><\/div><\/div>\n<div  style='height:50px' class='hr hr-invisible   avia-builder-el-8  el_after_av_social_share  el_before_av_comments_list '><span class='hr-inner ' ><span class='hr-inner-style'><\/span><\/span><\/div>\n<div  class='av-buildercomment  av-blog-meta-html-info-disabled av-blog-meta-tag-disabled  '><\/div>\n","protected":false},"excerpt":{"rendered":"","protected":false},"author":1,"featured_media":36717,"comment_status":"open","ping_status":"open","sticky":false,"template":"","format":"standard","meta":{"footnotes":""},"categories":[38],"tags":[],"class_list":["post-36716","post","type-post","status-publish","format-standard","has-post-thumbnail","hentry","category-regional"],"jetpack_featured_media_url":"https:\/\/radiorevelacionfm.cl\/wp-content\/uploads\/2023\/11\/399814558_206225332508779_3366762257397054346_n-1-1.jpg","_links":{"self":[{"href":"https:\/\/radiorevelacionfm.cl\/index.php?rest_route=\/wp\/v2\/posts\/36716","targetHints":{"allow":["GET"]}}],"collection":[{"href":"https:\/\/radiorevelacionfm.cl\/index.php?rest_route=\/wp\/v2\/posts"}],"about":[{"href":"https:\/\/radiorevelacionfm.cl\/index.php?rest_route=\/wp\/v2\/types\/post"}],"author":[{"embeddable":true,"href":"https:\/\/radiorevelacionfm.cl\/index.php?rest_route=\/wp\/v2\/users\/1"}],"replies":[{"embeddable":true,"href":"https:\/\/radiorevelacionfm.cl\/index.php?rest_route=%2Fwp%2Fv2%2Fcomments&post=36716"}],"version-history":[{"count":1,"href":"https:\/\/radiorevelacionfm.cl\/index.php?rest_route=\/wp\/v2\/posts\/36716\/revisions"}],"predecessor-version":[{"id":36718,"href":"https:\/\/radiorevelacionfm.cl\/index.php?rest_route=\/wp\/v2\/posts\/36716\/revisions\/36718"}],"wp:featuredmedia":[{"embeddable":true,"href":"https:\/\/radiorevelacionfm.cl\/index.php?rest_route=\/wp\/v2\/media\/36717"}],"wp:attachment":[{"href":"https:\/\/radiorevelacionfm.cl\/index.php?rest_route=%2Fwp%2Fv2%2Fmedia&parent=36716"}],"wp:term":[{"taxonomy":"category","embeddable":true,"href":"https:\/\/radiorevelacionfm.cl\/index.php?rest_route=%2Fwp%2Fv2%2Fcategories&post=36716"},{"taxonomy":"post_tag","embeddable":true,"href":"https:\/\/radiorevelacionfm.cl\/index.php?rest_route=%2Fwp%2Fv2%2Ftags&post=36716"}],"curies":[{"name":"wp","href":"https:\/\/api.w.org\/{rel}","templated":true}]}}