{"id":36711,"date":"2023-11-08T20:21:29","date_gmt":"2023-11-08T23:21:29","guid":{"rendered":"https:\/\/radiorevelacionfm.cl\/?p=36711"},"modified":"2023-11-08T20:21:29","modified_gmt":"2023-11-08T23:21:29","slug":"coordinan-acciones-preventivas-para-enfrentar-incendios-forestales-en-la-region","status":"publish","type":"post","link":"https:\/\/radiorevelacionfm.cl\/?p=36711","title":{"rendered":"Coordinan acciones preventivas para enfrentar incendios forestales en la regi\u00f3n"},"content":{"rendered":"<div class=\"flex_column av_one_full  flex_column_div av-zero-column-padding first  avia-builder-el-0  el_before_av_one_full  avia-builder-el-first  \" style='border-radius:0px; '><div  class='avia-image-container  av-styling-    avia-builder-el-1  avia-builder-el-no-sibling  avia-align-center '  itemprop=\"image\" itemscope=\"itemscope\" itemtype=\"https:\/\/schema.org\/ImageObject\"  ><div class='avia-image-container-inner'><div class='avia-image-overlay-wrap'><img decoding=\"async\" class='wp-image-36712 avia-img-lazy-loading-not-36712 avia_image' src=\"https:\/\/radiorevelacionfm.cl\/wp-content\/uploads\/2023\/11\/archivo-lanzamineto-temporada-de-inncendios-forestales-1-1_optimized.jpeg\" alt='' title='archivo-lanzamineto-temporada-de-inncendios-forestales - (1)-(1)_optimized' height=\"600\" width=\"901\"  itemprop=\"thumbnailUrl\" srcset=\"https:\/\/radiorevelacionfm.cl\/wp-content\/uploads\/2023\/11\/archivo-lanzamineto-temporada-de-inncendios-forestales-1-1_optimized.jpeg 901w, https:\/\/radiorevelacionfm.cl\/wp-content\/uploads\/2023\/11\/archivo-lanzamineto-temporada-de-inncendios-forestales-1-1_optimized-300x200.jpeg 300w, https:\/\/radiorevelacionfm.cl\/wp-content\/uploads\/2023\/11\/archivo-lanzamineto-temporada-de-inncendios-forestales-1-1_optimized-768x511.jpeg 768w, https:\/\/radiorevelacionfm.cl\/wp-content\/uploads\/2023\/11\/archivo-lanzamineto-temporada-de-inncendios-forestales-1-1_optimized-705x469.jpeg 705w, https:\/\/radiorevelacionfm.cl\/wp-content\/uploads\/2023\/11\/archivo-lanzamineto-temporada-de-inncendios-forestales-1-1_optimized-450x300.jpeg 450w, https:\/\/radiorevelacionfm.cl\/wp-content\/uploads\/2023\/11\/archivo-lanzamineto-temporada-de-inncendios-forestales-1-1_optimized-600x400.jpeg 600w\" sizes=\"(max-width: 901px) 100vw, 901px\" \/><\/div><\/div><\/div><\/div><div class=\"flex_column av_one_full  flex_column_div av-zero-column-padding first  avia-builder-el-2  el_after_av_one_full  el_before_av_one_full  column-top-margin\" style='border-radius:0px; '><section class=\"av_textblock_section \"  itemscope=\"itemscope\" itemtype=\"https:\/\/schema.org\/BlogPosting\" itemprop=\"blogPost\" ><div class='avia_textblock  '   itemprop=\"text\" ><p style=\"text-align: center;\"><strong><span style=\"font-size: 18pt;\">Coordinan acciones preventivas para enfrentar incendios forestales en la regi\u00f3n<\/span><\/strong><\/p>\n<div id=\"gtx-trans\" style=\"position: absolute; left: -50px; top: 4.31534px;\">\n<div class=\"gtx-trans-icon\"><\/div>\n<\/div>\n<\/div><\/section><\/div><div class=\"flex_column av_one_full  flex_column_div av-zero-column-padding first  avia-builder-el-4  el_after_av_one_full  el_before_av_hr  column-top-margin\" style='border-radius:0px; '><section class=\"av_textblock_section \"  itemscope=\"itemscope\" itemtype=\"https:\/\/schema.org\/BlogPosting\" itemprop=\"blogPost\" ><div class='avia_textblock  '   itemprop=\"text\" ><p style=\"text-align: justify;\">En el marco de una temporada que se prevee como compleja en materia de incendios forestales, este martes en Coyhaique, los servicios del Ministerio de Agricultura se reunieron en una nueva sesi\u00f3n del Comit\u00e9 Asesor Regional de Gesti\u00f3n Integrada de Riesgo (CARGIR). La instancia, presidida por el Seremi de Agricultura, Alan Espinoza Ortiz, reuni\u00f3 a directores\/as de CONAF, SAG, INIA, INFOR e INDAP, adem\u00e1s del Director Regional de Senapred en Ays\u00e9n, Sidi Bravo Donoso.<\/p>\n<p style=\"text-align: justify;\">Sobre la reuni\u00f3n, el Seremi de Agricultura resalt\u00f3 la importancia de coordinar acciones desde los diversos servicios del agro en Ays\u00e9n, destacando adem\u00e1s el adelantamiento de la prohibici\u00f3n del uso del fuego en actividades silvoagropecuarias desde diciembre de este a\u00f1o hasta febrero de 2024.<\/p>\n<p style=\"text-align: justify;\">\u00abHemos solicitado a las distintas instituciones llevar adelante informes t\u00e9cnicos. Adem\u00e1s, hemos tenido una presentaci\u00f3n por parte del Departamento del Fuego -CONAF-, quienes nos han informado sobre los recursos humanos y t\u00e9cnicos disponibles para la prevenci\u00f3n y el combate de incendios forestales en nuestra regi\u00f3n. Por eso, adem\u00e1s, hemos decidido adelantar el calendario de quemas en virtud de los antecedentes que estamos recopilando junto a Senapred y todos los servicios del Ministerio de Agricultura\u00bb, sostuvo el Seremi de Agricultura.<\/p>\n<p style=\"text-align: justify;\">Por su parte, el Director de Senapred en Ays\u00e9n, recalc\u00f3 que la reuni\u00f3n de trabajo viene a reforzar las coordinaciones del Gobierno con todas las instituciones relacionadas con la prevenci\u00f3n y el combate de los incendios: Sernapred, CONAF, Bomberos, Fuerzas Armadas, empresas forestales, Carabineros, PDI, Fiscal\u00eda, entre otros. Esto a trav\u00e9s del Comit\u00e9 Gesti\u00f3n De Riesgo De Desastres (COGRID).<\/p>\n<p style=\"text-align: justify;\">\u00abDesde la instrucci\u00f3n del GOGRID regional, presidido por nuestro Delegado Presidencial, hemos trabajado en conjunto con todos los organismos del Ministerio de Agricultura, encabezados por el Seremi, para poder implementar acciones preventivas en la Regi\u00f3n de Ays\u00e9n\u00bb, se\u00f1al\u00f3 Sidi Bravo Donoso, quien a\u00f1adi\u00f3 que estas instancias de coordinaci\u00f3n intersectoriales se replican en las delegaciones provinciales; Capit\u00e1n Prat, General Carrera y la pr\u00f3xima semana en la Provincia de Ays\u00e9n.<\/p>\n<p style=\"text-align: justify;\"><strong>Mayores esfuerzos para combatir incendios<\/strong><\/p>\n<p style=\"text-align: justify;\">Para la temporada 2023-2024, el Gobierno ha dispuesto una importante presencia de brigadistas, recursos a\u00e9reos, veh\u00edculos especializados y equipamiento tecnol\u00f3gico. Para ello, se ha aprobado un presupuesto de $148.613.233 millones, lo que permitir\u00e1 mantener 70 aeronaves y m\u00e1s de 3.900 brigadistas, distribuidos entre las regiones de Atacama a Magallanes.<\/p>\n<p style=\"text-align: justify;\">Este es el mayor presupuestos que Chile ha tenido para abordar las actividades preventivas y de combate de incendios, representando un aumento del 47% respecto al per\u00edodo 2022-2023 y del 97% respecto a 2021-2022.<\/p>\n<p style=\"text-align: justify;\">En este sentido, la directora regional de CONAF, Loreto Pedraza Manieu, sostuvo que Ays\u00e9n ya est\u00e1 operativa con veh\u00edculos especiales para el control del fuego: camionetas lanza espuma retardante (PC-Code), puesto de mando m\u00f3vil (PUMA) adem\u00e1s de un helic\u00f3ptero que estar\u00e1 ubicado en Coyhaique.<\/p>\n<p style=\"text-align: justify;\">\u00abSe ha informado al CARGIR sobre los recursos desplegados a nivel del territorio en el que ya contamos con las 15 brigadas desde la Junta hasta Cochrane con toda la dotaci\u00f3n correspondiente para la fuerza de combate que debe estar en el territorio. Adem\u00e1s, ya se tiene confirmado el helic\u00f3ptero que estar\u00e1 establecido en la localidad de Coyhaique para atender las necesidades de la regi\u00f3n\u00bb, indic\u00f3.<\/p>\n<p style=\"text-align: justify;\">En Chile, el 99,9% de los incendios son causados por las personas, ya sea accidentalmente, por negligencia o intencionalmente. De ah\u00ed la importancia de sensibilizar sobre la aplicaci\u00f3n de medidas preventivas, pero especialmente en generar un cambio cultural que incorpore el comportamiento responsable en el uso del fuego en zonas de vegetaci\u00f3n.<\/p>\n<p style=\"text-align: justify;\">En este sentido junto con la educaci\u00f3n ambiental, que se realiza durante todo el a\u00f1o, CONAF Ays\u00e9n ha impulsado el plan Comunidades Preparadas con el objetivo de impartir conocimientos t\u00e9cnicos y pr\u00e1cticos a las comunidades, en temas cruciales como la construcci\u00f3n de viviendas resistentes, el manejo del entorno, la preparaci\u00f3n para emergencias y la detecci\u00f3n, alerta y respuesta. Hasta la fecha, este plan ha capacitado a cinco comunidades: Los Pinos \u2013 Puente Mundaca, Entrada Reserva Coyhaique, El Blanco, Puerto R\u00edo Tranquilo y Pangal Bajo.<\/p>\n<p style=\"text-align: justify;\">Labores que se unen al llamado a la poblaci\u00f3n para que ante cualquier avistamiento de humo para que sea informado a los tel\u00e9fonos de emergencia al 133 de Carabineros, 132 de Bomberos o al 130 de la Corporaci\u00f3n Nacional Forestal.<\/p>\n<\/div><\/section><\/div><div  style='height:50px' class='hr hr-invisible   avia-builder-el-6  el_after_av_one_full  el_before_av_social_share '><span class='hr-inner ' ><span class='hr-inner-style'><\/span><\/span><\/div><\/p>\n<div  class='av-social-sharing-box  avia-builder-el-7  el_after_av_hr  el_before_av_hr  '><div class='av-share-box'><h5 class='av-share-link-description av-no-toc '>Compartir esta noticia<\/h5><ul class='av-share-box-list noLightbox'><li class='av-share-link av-social-link-facebook' ><a target=\"_blank\" aria-label=\"Compartir en Facebook\" href='https:\/\/www.facebook.com\/sharer.php?u=https:\/\/radiorevelacionfm.cl\/?p=36711&#038;t=Coordinan%20acciones%20preventivas%20para%20enfrentar%20incendios%20forestales%20en%20la%20regi%C3%B3n' aria-hidden='false' data-av_icon='\ue8f3' data-av_iconfont='entypo-fontello' title='' data-avia-related-tooltip='Compartir en Facebook' rel=\"noopener\"><span class='avia_hidden_link_text'>Compartir en Facebook<\/span><\/a><\/li><li class='av-share-link av-social-link-twitter' ><a target=\"_blank\" aria-label=\"Compartir en Twitter\" href='https:\/\/twitter.com\/share?text=Coordinan%20acciones%20preventivas%20para%20enfrentar%20incendios%20forestales%20en%20la%20regi%C3%B3n&#038;url=https:\/\/radiorevelacionfm.cl\/?p=36711' aria-hidden='false' data-av_icon='\ue8f1' data-av_iconfont='entypo-fontello' title='' data-avia-related-tooltip='Compartir en Twitter' rel=\"noopener\"><span class='avia_hidden_link_text'>Compartir en Twitter<\/span><\/a><\/li><li class='av-share-link av-social-link-whatsapp' ><a target=\"_blank\" aria-label=\"Compartir en Whatsapp\" href='https:\/\/api.whatsapp.com\/send?text=https:\/\/radiorevelacionfm.cl\/?p=36711' aria-hidden='false' data-av_icon='\uf232' data-av_iconfont='entypo-fontello' title='' data-avia-related-tooltip='Compartir en Whatsapp' rel=\"noopener\"><span class='avia_hidden_link_text'>Compartir en Whatsapp<\/span><\/a><\/li><li class='av-share-link av-social-link-linkedin' ><a target=\"_blank\" aria-label=\"Compartir en LinkedIn\" href='https:\/\/linkedin.com\/shareArticle?mini=true&#038;title=Coordinan%20acciones%20preventivas%20para%20enfrentar%20incendios%20forestales%20en%20la%20regi%C3%B3n&#038;url=https:\/\/radiorevelacionfm.cl\/?p=36711' aria-hidden='false' data-av_icon='\ue8fc' data-av_iconfont='entypo-fontello' title='' data-avia-related-tooltip='Compartir en LinkedIn' rel=\"noopener\"><span class='avia_hidden_link_text'>Compartir en LinkedIn<\/span><\/a><\/li><li class='av-share-link av-social-link-mail' ><a  aria-label=\"Compartir por correo\" href='mailto:?subject=Coordinan%20acciones%20preventivas%20para%20enfrentar%20incendios%20forestales%20en%20la%20regi%C3%B3n&#038;body=https:\/\/radiorevelacionfm.cl\/?p=36711' aria-hidden='false' data-av_icon='\ue805' data-av_iconfont='entypo-fontello' title='' data-avia-related-tooltip='Compartir por correo'><span class='avia_hidden_link_text'>Compartir por correo<\/span><\/a><\/li><\/ul><\/div><\/div>\n<div  style='height:50px' class='hr hr-invisible   avia-builder-el-8  el_after_av_social_share  el_before_av_comments_list '><span class='hr-inner ' ><span class='hr-inner-style'><\/span><\/span><\/div>\n<div  class='av-buildercomment  av-blog-meta-html-info-disabled av-blog-meta-tag-disabled  '><\/div>\n","protected":false},"excerpt":{"rendered":"","protected":false},"author":1,"featured_media":36712,"comment_status":"open","ping_status":"open","sticky":false,"template":"","format":"standard","meta":{"footnotes":""},"categories":[58],"tags":[],"class_list":["post-36711","post","type-post","status-publish","format-standard","has-post-thumbnail","hentry","category-agricultura"],"jetpack_featured_media_url":"https:\/\/radiorevelacionfm.cl\/wp-content\/uploads\/2023\/11\/archivo-lanzamineto-temporada-de-inncendios-forestales-1-1_optimized.jpeg","_links":{"self":[{"href":"https:\/\/radiorevelacionfm.cl\/index.php?rest_route=\/wp\/v2\/posts\/36711","targetHints":{"allow":["GET"]}}],"collection":[{"href":"https:\/\/radiorevelacionfm.cl\/index.php?rest_route=\/wp\/v2\/posts"}],"about":[{"href":"https:\/\/radiorevelacionfm.cl\/index.php?rest_route=\/wp\/v2\/types\/post"}],"author":[{"embeddable":true,"href":"https:\/\/radiorevelacionfm.cl\/index.php?rest_route=\/wp\/v2\/users\/1"}],"replies":[{"embeddable":true,"href":"https:\/\/radiorevelacionfm.cl\/index.php?rest_route=%2Fwp%2Fv2%2Fcomments&post=36711"}],"version-history":[{"count":1,"href":"https:\/\/radiorevelacionfm.cl\/index.php?rest_route=\/wp\/v2\/posts\/36711\/revisions"}],"predecessor-version":[{"id":36713,"href":"https:\/\/radiorevelacionfm.cl\/index.php?rest_route=\/wp\/v2\/posts\/36711\/revisions\/36713"}],"wp:featuredmedia":[{"embeddable":true,"href":"https:\/\/radiorevelacionfm.cl\/index.php?rest_route=\/wp\/v2\/media\/36712"}],"wp:attachment":[{"href":"https:\/\/radiorevelacionfm.cl\/index.php?rest_route=%2Fwp%2Fv2%2Fmedia&parent=36711"}],"wp:term":[{"taxonomy":"category","embeddable":true,"href":"https:\/\/radiorevelacionfm.cl\/index.php?rest_route=%2Fwp%2Fv2%2Fcategories&post=36711"},{"taxonomy":"post_tag","embeddable":true,"href":"https:\/\/radiorevelacionfm.cl\/index.php?rest_route=%2Fwp%2Fv2%2Ftags&post=36711"}],"curies":[{"name":"wp","href":"https:\/\/api.w.org\/{rel}","templated":true}]}}