{"id":3671,"date":"2021-04-29T22:08:29","date_gmt":"2021-04-30T01:08:29","guid":{"rendered":"https:\/\/radiorevelacionfm.cl\/?p=3671"},"modified":"2021-04-29T22:08:29","modified_gmt":"2021-04-30T01:08:29","slug":"vecinos-y-autoridades-dan-el-vamos-para-ejecutar-obra-de-confianza-en-barrio-la-balsa-de-puerto-aysen","status":"publish","type":"post","link":"https:\/\/radiorevelacionfm.cl\/?p=3671","title":{"rendered":"Vecinos y autoridades dan el vamos para ejecutar obra de confianza en barrio La Balsa de Puerto Ays\u00e9n"},"content":{"rendered":"<div class=\"flex_column av_one_full  flex_column_div av-zero-column-padding first  avia-builder-el-0  el_before_av_one_full  avia-builder-el-first  \" style='border-radius:0px; '><div  class='avia-image-container  av-styling-    avia-builder-el-1  avia-builder-el-no-sibling  avia-align-center '  itemprop=\"image\" itemscope=\"itemscope\" itemtype=\"https:\/\/schema.org\/ImageObject\"  ><div class='avia-image-container-inner'><div class='avia-image-overlay-wrap'><img decoding=\"async\" class='wp-image-0 avia-img-lazy-loading-not-0 avia_image' src=\"https:\/\/radiorevelacionfm.cl\/wp-content\/uploads\/2021\/04\/Seremi-de-Vivienda-y-vecinos-inicio-obras-Barrio-La-Balsa-Puerto-Aysen-1-1-1.jpg\" alt='' title=''   itemprop=\"thumbnailUrl\"  \/><\/div><\/div><\/div><\/div>\n<div class=\"flex_column av_one_full  flex_column_div av-zero-column-padding first  avia-builder-el-2  el_after_av_one_full  el_before_av_one_full  column-top-margin\" style='border-radius:0px; '><section class=\"av_textblock_section \"  itemscope=\"itemscope\" itemtype=\"https:\/\/schema.org\/BlogPosting\" itemprop=\"blogPost\" ><div class='avia_textblock  '   itemprop=\"text\" ><p style=\"text-align: center;\"><strong><span style=\"font-size: 18pt;\">Vecinos y autoridades dan el vamos para ejecutar obra de confianza en barrio La Balsa de Puerto Ays\u00e9n<\/span><\/strong><\/p>\n<div id=\"gtx-trans\" style=\"position: absolute; left: -50px; top: 4.31534px;\">\n<div class=\"gtx-trans-icon\"><\/div>\n<\/div>\n<\/div><\/section><\/div><div class=\"flex_column av_one_full  flex_column_div av-zero-column-padding first  avia-builder-el-4  el_after_av_one_full  el_before_av_hr  column-top-margin\" style='border-radius:0px; '><section class=\"av_textblock_section \"  itemscope=\"itemscope\" itemtype=\"https:\/\/schema.org\/BlogPosting\" itemprop=\"blogPost\" ><div class='avia_textblock  '   itemprop=\"text\" ><p style=\"text-align: justify;\">Con participaci\u00f3n de autoridades, dirigentes y vecinos se concret\u00f3 esta semana la entrega de terreno para iniciar la ejecuci\u00f3n de la denominada \u201cobra de confianza\u201d en el Barrio La Balsa de Puerto Ays\u00e9n, la cual consiste en la instalaci\u00f3n de una llamativa se\u00f1al\u00e9tica identitaria que sin duda le cambar\u00e1 la cara a este antiguos sector de la ciudad. La iniciativa se concreta en base al trabajo conjunto entre el Ministerio de Vivienda y el Municipio local a trav\u00e9s del Programa Quiero Mi Barrio, uno de los m\u00e1s valorados y demandados por la comunidad.<\/p>\n<p style=\"text-align: justify;\">En la ocasi\u00f3n se firm\u00f3 el acta que permite a la empresa Ingenier\u00eda Juan Cerda Jara comenzar con las faenas que beneficiar\u00e1n a los vecinos de los barrios Villa Espa\u00f1a y Ribera Sur Oriente, dando adem\u00e1s la partida a otros relevantes proyectos que cambiar\u00e1n y mejorar\u00e1 la vida de los habitantes del barrio, los que fueron definidos por los mismos vecinos en base a la coordinaci\u00f3n y asesor\u00eda de los equipos municipales y ministeriales.<\/p>\n<p style=\"text-align: justify;\">El Seremi de Vivienda, Diego Silva, destac\u00f3 el gran trabajo conjunto que se ha venido desarrollando en Puerto Ays\u00e9n, lo que sin duda se empieza a evidenciar tambi\u00e9n en este antiguo sector de la ciudad, con interesantes proyecciones para este a\u00f1o y el pr\u00f3ximo. \u201cJunto con la pavimentaci\u00f3n participativa el Quiero Mi Barrio es uno de los programas emblem\u00e1ticos de nuestro Ministerio y es adem\u00e1s muy querido y valorado por la gente porque ellos mismos eligen sus obras, son fiscalizadores y est\u00e1n presentes desde que parten hasta que est\u00e1n terminadas. Por eso, como tambi\u00e9n lo ha dicho nuestro Ministro Felipe Ward, estamos muy contentos porque aqu\u00ed hay mucha participaci\u00f3n ciudadana, muchas\u00a0 buenas ideas y mucho compromiso. Por eso quiero agradecer a los dirigentes y vecinos, por dar vida y ser protagonistas de la formaci\u00f3n de su barrio y tambi\u00e9n al equipo de la Municipalidad de Ays\u00e9n que nos han ayudado much\u00edsimo a sacar adelante este hermoso trabajo\u201d, se\u00f1al\u00f3.<\/p>\n<p style=\"text-align: justify;\">De igual forma el presidente del Consejo Vecinal de Desarrollo del Barrio La Balsa, Camilo Schulz, se mostr\u00f3 feliz de ver que ya se empiezan a concretar las obras que estaban esperando los vecinos y vecinas. \u201cLa primera sensaci\u00f3n que tengo es de felicidad, de que ya todos los proyectos van a empezar a tomar forma de aqu\u00ed en adelante, con el beneficio que ello trae para todos nosotros y por eso estoy muy contento con lo que est\u00e1 ocurriendo ahora en nuestro barrio y tambi\u00e9n con lo que viene\u201d, manifest\u00f3.<\/p>\n<p style=\"text-align: justify;\">La encargada regional del programa, Jessica Ojeda, tambi\u00e9n destac\u00f3 este nuevo avance para el sector, lo que ser\u00e1 complementado con otros interesantes proyectos que se ir\u00e1n haciendo realidad \u00a0en el futuro pr\u00f3ximo. \u201cEste es uno de los barrios m\u00e1s antiguos de la comuna, as\u00ed que estamos muy contentos de empezar con esta peque\u00f1a obra que da la partida a las obras del Plan de Gesti\u00f3n de Obras, donde adem\u00e1s est\u00e1n el mejoramiento de la plaza Simpson, que va a ser la primera plaza cien por ciento inclusiva que vamos a tener en la regi\u00f3n y despu\u00e9s dos proyectos emblem\u00e1ticos para el barrio y para la comuna de Ays\u00e9n, como son la construcci\u00f3n de un Centro Cultural y adem\u00e1s una Sala Multiuso para las organizaciones funcionales y territoriales que trabajan aqu\u00ed en el barrio La Balsa\u201d, precis\u00f3.<\/p>\n<p style=\"text-align: justify;\">Tras la firma del acta de entrega de terreno, las autoridades y vecinos dialogaron sobre las acciones que vienen en los pr\u00f3ximos meses y pudieron conocer la se\u00f1al\u00e9tica que ser\u00e1 instalada en el sector, trabajos que implican una inversi\u00f3n que bordea los 40 millones de pesos y que deben estar terminados en un plazo de 90 d\u00edas.<\/p>\n<\/div><\/section><\/div><\/p>\n<div  style='height:50px' class='hr hr-invisible   avia-builder-el-6  el_after_av_one_full  el_before_av_social_share '><span class='hr-inner ' ><span class='hr-inner-style'><\/span><\/span><\/div>\n<div  class='av-social-sharing-box  avia-builder-el-7  el_after_av_hr  el_before_av_hr  '><div class='av-share-box'><h5 class='av-share-link-description av-no-toc '>Compartir esta noticia<\/h5><ul class='av-share-box-list noLightbox'><li class='av-share-link av-social-link-facebook' ><a target=\"_blank\" aria-label=\"Compartir en Facebook\" href='https:\/\/www.facebook.com\/sharer.php?u=https:\/\/radiorevelacionfm.cl\/?p=3671&#038;t=Vecinos%20y%20autoridades%20dan%20el%20vamos%20para%20ejecutar%20obra%20de%20confianza%20en%20barrio%20La%20Balsa%20de%20Puerto%20Ays%C3%A9n' aria-hidden='false' data-av_icon='\ue8f3' data-av_iconfont='entypo-fontello' title='' data-avia-related-tooltip='Compartir en Facebook' rel=\"noopener\"><span class='avia_hidden_link_text'>Compartir en Facebook<\/span><\/a><\/li><li class='av-share-link av-social-link-twitter' ><a target=\"_blank\" aria-label=\"Compartir en Twitter\" href='https:\/\/twitter.com\/share?text=Vecinos%20y%20autoridades%20dan%20el%20vamos%20para%20ejecutar%20obra%20de%20confianza%20en%20barrio%20La%20Balsa%20de%20Puerto%20Ays%C3%A9n&#038;url=https:\/\/radiorevelacionfm.cl\/?p=3671' aria-hidden='false' data-av_icon='\ue8f1' data-av_iconfont='entypo-fontello' title='' data-avia-related-tooltip='Compartir en Twitter' rel=\"noopener\"><span class='avia_hidden_link_text'>Compartir en Twitter<\/span><\/a><\/li><li class='av-share-link av-social-link-whatsapp' ><a target=\"_blank\" aria-label=\"Compartir en Whatsapp\" href='https:\/\/api.whatsapp.com\/send?text=https:\/\/radiorevelacionfm.cl\/?p=3671' aria-hidden='false' data-av_icon='\uf232' data-av_iconfont='entypo-fontello' title='' data-avia-related-tooltip='Compartir en Whatsapp' rel=\"noopener\"><span class='avia_hidden_link_text'>Compartir en Whatsapp<\/span><\/a><\/li><li class='av-share-link av-social-link-linkedin' ><a target=\"_blank\" aria-label=\"Compartir en LinkedIn\" href='https:\/\/linkedin.com\/shareArticle?mini=true&#038;title=Vecinos%20y%20autoridades%20dan%20el%20vamos%20para%20ejecutar%20obra%20de%20confianza%20en%20barrio%20La%20Balsa%20de%20Puerto%20Ays%C3%A9n&#038;url=https:\/\/radiorevelacionfm.cl\/?p=3671' aria-hidden='false' data-av_icon='\ue8fc' data-av_iconfont='entypo-fontello' title='' data-avia-related-tooltip='Compartir en LinkedIn' rel=\"noopener\"><span class='avia_hidden_link_text'>Compartir en LinkedIn<\/span><\/a><\/li><li class='av-share-link av-social-link-mail' ><a  aria-label=\"Compartir por correo\" href='mailto:?subject=Vecinos%20y%20autoridades%20dan%20el%20vamos%20para%20ejecutar%20obra%20de%20confianza%20en%20barrio%20La%20Balsa%20de%20Puerto%20Ays%C3%A9n&#038;body=https:\/\/radiorevelacionfm.cl\/?p=3671' aria-hidden='false' data-av_icon='\ue805' data-av_iconfont='entypo-fontello' title='' data-avia-related-tooltip='Compartir por correo'><span class='avia_hidden_link_text'>Compartir por correo<\/span><\/a><\/li><\/ul><\/div><\/div>\n<div  style='height:50px' class='hr hr-invisible   avia-builder-el-8  el_after_av_social_share  el_before_av_comments_list '><span class='hr-inner ' ><span class='hr-inner-style'><\/span><\/span><\/div>\n<div  class='av-buildercomment  av-blog-meta-html-info-disabled av-blog-meta-tag-disabled  '><\/div>\n","protected":false},"excerpt":{"rendered":"","protected":false},"author":1,"featured_media":0,"comment_status":"open","ping_status":"open","sticky":false,"template":"","format":"standard","meta":{"footnotes":""},"categories":[57],"tags":[],"class_list":["post-3671","post","type-post","status-publish","format-standard","hentry","category-vivienda"],"jetpack_featured_media_url":"","_links":{"self":[{"href":"https:\/\/radiorevelacionfm.cl\/index.php?rest_route=\/wp\/v2\/posts\/3671","targetHints":{"allow":["GET"]}}],"collection":[{"href":"https:\/\/radiorevelacionfm.cl\/index.php?rest_route=\/wp\/v2\/posts"}],"about":[{"href":"https:\/\/radiorevelacionfm.cl\/index.php?rest_route=\/wp\/v2\/types\/post"}],"author":[{"embeddable":true,"href":"https:\/\/radiorevelacionfm.cl\/index.php?rest_route=\/wp\/v2\/users\/1"}],"replies":[{"embeddable":true,"href":"https:\/\/radiorevelacionfm.cl\/index.php?rest_route=%2Fwp%2Fv2%2Fcomments&post=3671"}],"version-history":[{"count":2,"href":"https:\/\/radiorevelacionfm.cl\/index.php?rest_route=\/wp\/v2\/posts\/3671\/revisions"}],"predecessor-version":[{"id":3674,"href":"https:\/\/radiorevelacionfm.cl\/index.php?rest_route=\/wp\/v2\/posts\/3671\/revisions\/3674"}],"wp:attachment":[{"href":"https:\/\/radiorevelacionfm.cl\/index.php?rest_route=%2Fwp%2Fv2%2Fmedia&parent=3671"}],"wp:term":[{"taxonomy":"category","embeddable":true,"href":"https:\/\/radiorevelacionfm.cl\/index.php?rest_route=%2Fwp%2Fv2%2Fcategories&post=3671"},{"taxonomy":"post_tag","embeddable":true,"href":"https:\/\/radiorevelacionfm.cl\/index.php?rest_route=%2Fwp%2Fv2%2Ftags&post=3671"}],"curies":[{"name":"wp","href":"https:\/\/api.w.org\/{rel}","templated":true}]}}