{"id":36709,"date":"2023-11-11T11:25:50","date_gmt":"2023-11-11T14:25:50","guid":{"rendered":"https:\/\/radiorevelacionfm.cl\/?p=36709"},"modified":"2023-11-11T11:25:50","modified_gmt":"2023-11-11T14:25:50","slug":"confirman-nombramiento-de-administradora-de-cierre-para-instituto-profesional-los-lagos","status":"publish","type":"post","link":"https:\/\/radiorevelacionfm.cl\/?p=36709","title":{"rendered":"Confirman nombramiento de administradora de cierre para Instituto Profesional Los Lagos"},"content":{"rendered":"<div class=\"flex_column av_one_full  flex_column_div av-zero-column-padding first  avia-builder-el-0  el_before_av_one_full  avia-builder-el-first  \" style='border-radius:0px; '><div  class='avia-image-container  av-styling-    avia-builder-el-1  avia-builder-el-no-sibling  avia-align-center '  itemprop=\"image\" itemscope=\"itemscope\" itemtype=\"https:\/\/schema.org\/ImageObject\"  ><div class='avia-image-container-inner'><div class='avia-image-overlay-wrap'><img decoding=\"async\" class='wp-image-35131 avia-img-lazy-loading-not-35131 avia_image' src=\"https:\/\/radiorevelacionfm.cl\/wp-content\/uploads\/2023\/09\/instituto-los-lagos_coyhaique-photoroom-1_optimized.jpg\" alt='' title='instituto-los-lagos_coyhaique-photoroom-(1)_optimized' height=\"600\" width=\"1002\"  itemprop=\"thumbnailUrl\" srcset=\"https:\/\/radiorevelacionfm.cl\/wp-content\/uploads\/2023\/09\/instituto-los-lagos_coyhaique-photoroom-1_optimized.jpg 1002w, https:\/\/radiorevelacionfm.cl\/wp-content\/uploads\/2023\/09\/instituto-los-lagos_coyhaique-photoroom-1_optimized-300x180.jpg 300w, https:\/\/radiorevelacionfm.cl\/wp-content\/uploads\/2023\/09\/instituto-los-lagos_coyhaique-photoroom-1_optimized-768x460.jpg 768w, https:\/\/radiorevelacionfm.cl\/wp-content\/uploads\/2023\/09\/instituto-los-lagos_coyhaique-photoroom-1_optimized-705x422.jpg 705w, https:\/\/radiorevelacionfm.cl\/wp-content\/uploads\/2023\/09\/instituto-los-lagos_coyhaique-photoroom-1_optimized-450x269.jpg 450w, https:\/\/radiorevelacionfm.cl\/wp-content\/uploads\/2023\/09\/instituto-los-lagos_coyhaique-photoroom-1_optimized-600x359.jpg 600w\" sizes=\"(max-width: 1002px) 100vw, 1002px\" \/><\/div><\/div><\/div><\/div><div class=\"flex_column av_one_full  flex_column_div av-zero-column-padding first  avia-builder-el-2  el_after_av_one_full  el_before_av_one_full  column-top-margin\" style='border-radius:0px; '><section class=\"av_textblock_section \"  itemscope=\"itemscope\" itemtype=\"https:\/\/schema.org\/BlogPosting\" itemprop=\"blogPost\" ><div class='avia_textblock  '   itemprop=\"text\" ><p style=\"text-align: center;\"><strong><span style=\"font-size: 18pt;\">Confirman nombramiento de administradora de cierre para Instituto Profesional Los Lagos<\/span><\/strong><\/p>\n<div id=\"gtx-trans\" style=\"position: absolute; left: -50px; top: 4.31534px;\">\n<div class=\"gtx-trans-icon\"><\/div>\n<\/div>\n<\/div><\/section><\/div><div class=\"flex_column av_one_full  flex_column_div av-zero-column-padding first  avia-builder-el-4  el_after_av_one_full  el_before_av_hr  column-top-margin\" style='border-radius:0px; '><section class=\"av_textblock_section \"  itemscope=\"itemscope\" itemtype=\"https:\/\/schema.org\/BlogPosting\" itemprop=\"blogPost\" ><div class='avia_textblock  '   itemprop=\"text\" ><p class=\"v1MsoNormal\" style=\"text-align: justify;\"><span lang=\"ES\">Con fecha 07 de noviembre de 2023, el Consejo Nacional de Educaci\u00f3n (CNED) comunic\u00f3 al Ministerio de Educaci\u00f3n (MINEDUC) su acuerdo sobre la propuesta de administrador de cierre para el Instituto Profesional Los Lagos. A partir de esto, el MINEDUC iniciar\u00e1 la tramitaci\u00f3n del decreto de nombramiento.<\/span><\/p>\n<p class=\"v1MsoNormal\" style=\"text-align: justify;\"><span lang=\"ES\">La administradora de cierre ser\u00e1 Marta Meza Lav\u00edn, profesora, Mag\u00edster en Educaci\u00f3n Superior, con especializaciones en planificaci\u00f3n y ejecuci\u00f3n de iniciativas de inversi\u00f3n, en supervisi\u00f3n educacional y en gerencia p\u00fablica. La profesional posee una amplia trayectoria en el sector p\u00fablico, con m\u00e1s de 25 a\u00f1os de experiencia en cargos directivos. En particular, desde 2015 a 2020 fue rectora del CFT de Tarapac\u00e1, dependiente de la Universidad de Tarapac\u00e1, y desde el a\u00f1o 2020 hasta el 2023 se desempe\u00f1\u00f3 como rectora del CFT Estatal de la Regi\u00f3n de Arica y Parinacota, liderando la implementaci\u00f3n y consolidaci\u00f3n de la instituci\u00f3n. Adem\u00e1s, durante el a\u00f1o 2023 fue jefa de la Divisi\u00f3n de Educaci\u00f3n T\u00e9cnico Profesional de Nivel Superior de la Subsecretar\u00eda de Educaci\u00f3n Superior.<\/span><\/p>\n<p class=\"v1MsoNormal\" style=\"text-align: justify;\"><span lang=\"ES\">Respecto al proceso de cierre, una vez tramitado el decreto de nombramiento, la administradora tendr\u00e1 un plazo de 30 d\u00edas para presentar un plan de administraci\u00f3n que deber\u00e1 contener las medidas para asegurar la continuidad del servicio educativo de las y los estudiantes, adem\u00e1s de los plazos y procedimientos para concretar el cierre de la instituci\u00f3n.<\/span><\/p>\n<p class=\"v1MsoNormal\" style=\"text-align: justify;\"><span lang=\"ES\">La Subsecretar\u00eda de Educaci\u00f3n Superior continuar\u00e1 apoyando el proceso, dentro de sus atribuciones legales, contribuyendo a que la administraci\u00f3n de cierre pueda ejecutar las tareas que le encomienda la Ley N\u00b020.800 de forma \u00f3ptima, asegurando que las y los estudiantes puedan continuar con sus procesos formativos.<\/span><\/p>\n<p class=\"v1MsoNormal\" style=\"text-align: justify;\"><span lang=\"ES\">En este sentido, entendiendo las complejidades que el cierre del IP Los Lagos ha significado para su comunidad, y las graves repercusiones que ha tenido en el desarrollo personal y profesional de sus estudiantes, la Subsecretar\u00eda de Educaci\u00f3n Superior propuso como administradora de cierre a una profesional que posee las competencias t\u00e9cnicas para hacerse cargo del proceso y que tambi\u00e9n tiene una amplia trayectoria dirigiendo instituciones de superior t\u00e9cnico profesional, lo que le permitir\u00e1 abordar las particularidades de la instituci\u00f3n y comprender las necesidades de sus estudiantes.<\/span><\/p>\n<p class=\"v1MsoNormal\" style=\"text-align: justify;\"><span lang=\"ES\">Ratificamos el compromiso de la Subsecretar\u00eda de Educaci\u00f3n Superior de impulsar una agenda de modernizaci\u00f3n para la educaci\u00f3n superior del pa\u00eds, que permita avanzar a un sistema m\u00e1s coordinado y robusto, en el que la acci\u00f3n de terceros no permita volver a especular con los sue\u00f1os y esperanzas que las personas depositan al momento de estudiar una carrera en la educaci\u00f3n superior.<\/span><\/p>\n<\/div><\/section><\/div><div  style='height:50px' class='hr hr-invisible   avia-builder-el-6  el_after_av_one_full  el_before_av_social_share '><span class='hr-inner ' ><span class='hr-inner-style'><\/span><\/span><\/div><\/p>\n<div  class='av-social-sharing-box  avia-builder-el-7  el_after_av_hr  el_before_av_hr  '><div class='av-share-box'><h5 class='av-share-link-description av-no-toc '>Compartir esta noticia<\/h5><ul class='av-share-box-list noLightbox'><li class='av-share-link av-social-link-facebook' ><a target=\"_blank\" aria-label=\"Compartir en Facebook\" href='https:\/\/www.facebook.com\/sharer.php?u=https:\/\/radiorevelacionfm.cl\/?p=36709&#038;t=Confirman%20nombramiento%20de%20administradora%20de%20cierre%20para%20Instituto%20Profesional%20Los%20Lagos' aria-hidden='false' data-av_icon='\ue8f3' data-av_iconfont='entypo-fontello' title='' data-avia-related-tooltip='Compartir en Facebook' rel=\"noopener\"><span class='avia_hidden_link_text'>Compartir en Facebook<\/span><\/a><\/li><li class='av-share-link av-social-link-twitter' ><a target=\"_blank\" aria-label=\"Compartir en Twitter\" href='https:\/\/twitter.com\/share?text=Confirman%20nombramiento%20de%20administradora%20de%20cierre%20para%20Instituto%20Profesional%20Los%20Lagos&#038;url=https:\/\/radiorevelacionfm.cl\/?p=36709' aria-hidden='false' data-av_icon='\ue8f1' data-av_iconfont='entypo-fontello' title='' data-avia-related-tooltip='Compartir en Twitter' rel=\"noopener\"><span class='avia_hidden_link_text'>Compartir en Twitter<\/span><\/a><\/li><li class='av-share-link av-social-link-whatsapp' ><a target=\"_blank\" aria-label=\"Compartir en Whatsapp\" href='https:\/\/api.whatsapp.com\/send?text=https:\/\/radiorevelacionfm.cl\/?p=36709' aria-hidden='false' data-av_icon='\uf232' data-av_iconfont='entypo-fontello' title='' data-avia-related-tooltip='Compartir en Whatsapp' rel=\"noopener\"><span class='avia_hidden_link_text'>Compartir en Whatsapp<\/span><\/a><\/li><li class='av-share-link av-social-link-linkedin' ><a target=\"_blank\" aria-label=\"Compartir en LinkedIn\" href='https:\/\/linkedin.com\/shareArticle?mini=true&#038;title=Confirman%20nombramiento%20de%20administradora%20de%20cierre%20para%20Instituto%20Profesional%20Los%20Lagos&#038;url=https:\/\/radiorevelacionfm.cl\/?p=36709' aria-hidden='false' data-av_icon='\ue8fc' data-av_iconfont='entypo-fontello' title='' data-avia-related-tooltip='Compartir en LinkedIn' rel=\"noopener\"><span class='avia_hidden_link_text'>Compartir en LinkedIn<\/span><\/a><\/li><li class='av-share-link av-social-link-mail' ><a  aria-label=\"Compartir por correo\" href='mailto:?subject=Confirman%20nombramiento%20de%20administradora%20de%20cierre%20para%20Instituto%20Profesional%20Los%20Lagos&#038;body=https:\/\/radiorevelacionfm.cl\/?p=36709' aria-hidden='false' data-av_icon='\ue805' data-av_iconfont='entypo-fontello' title='' data-avia-related-tooltip='Compartir por correo'><span class='avia_hidden_link_text'>Compartir por correo<\/span><\/a><\/li><\/ul><\/div><\/div>\n<div  style='height:50px' class='hr hr-invisible   avia-builder-el-8  el_after_av_social_share  el_before_av_comments_list '><span class='hr-inner ' ><span class='hr-inner-style'><\/span><\/span><\/div>\n<div  class='av-buildercomment  av-blog-meta-html-info-disabled av-blog-meta-tag-disabled  '><\/div>\n","protected":false},"excerpt":{"rendered":"","protected":false},"author":1,"featured_media":35131,"comment_status":"open","ping_status":"open","sticky":false,"template":"","format":"standard","meta":{"footnotes":""},"categories":[49],"tags":[],"class_list":["post-36709","post","type-post","status-publish","format-standard","has-post-thumbnail","hentry","category-educacion"],"jetpack_featured_media_url":"https:\/\/radiorevelacionfm.cl\/wp-content\/uploads\/2023\/09\/instituto-los-lagos_coyhaique-photoroom-1_optimized.jpg","_links":{"self":[{"href":"https:\/\/radiorevelacionfm.cl\/index.php?rest_route=\/wp\/v2\/posts\/36709","targetHints":{"allow":["GET"]}}],"collection":[{"href":"https:\/\/radiorevelacionfm.cl\/index.php?rest_route=\/wp\/v2\/posts"}],"about":[{"href":"https:\/\/radiorevelacionfm.cl\/index.php?rest_route=\/wp\/v2\/types\/post"}],"author":[{"embeddable":true,"href":"https:\/\/radiorevelacionfm.cl\/index.php?rest_route=\/wp\/v2\/users\/1"}],"replies":[{"embeddable":true,"href":"https:\/\/radiorevelacionfm.cl\/index.php?rest_route=%2Fwp%2Fv2%2Fcomments&post=36709"}],"version-history":[{"count":1,"href":"https:\/\/radiorevelacionfm.cl\/index.php?rest_route=\/wp\/v2\/posts\/36709\/revisions"}],"predecessor-version":[{"id":36710,"href":"https:\/\/radiorevelacionfm.cl\/index.php?rest_route=\/wp\/v2\/posts\/36709\/revisions\/36710"}],"wp:featuredmedia":[{"embeddable":true,"href":"https:\/\/radiorevelacionfm.cl\/index.php?rest_route=\/wp\/v2\/media\/35131"}],"wp:attachment":[{"href":"https:\/\/radiorevelacionfm.cl\/index.php?rest_route=%2Fwp%2Fv2%2Fmedia&parent=36709"}],"wp:term":[{"taxonomy":"category","embeddable":true,"href":"https:\/\/radiorevelacionfm.cl\/index.php?rest_route=%2Fwp%2Fv2%2Fcategories&post=36709"},{"taxonomy":"post_tag","embeddable":true,"href":"https:\/\/radiorevelacionfm.cl\/index.php?rest_route=%2Fwp%2Fv2%2Ftags&post=36709"}],"curies":[{"name":"wp","href":"https:\/\/api.w.org\/{rel}","templated":true}]}}