{"id":36706,"date":"2023-11-10T20:10:00","date_gmt":"2023-11-10T23:10:00","guid":{"rendered":"https:\/\/radiorevelacionfm.cl\/?p=36706"},"modified":"2023-11-10T20:10:00","modified_gmt":"2023-11-10T23:10:00","slug":"alta-convocatoria-en-seminario-de-educacion-en-derechos-humanos","status":"publish","type":"post","link":"https:\/\/radiorevelacionfm.cl\/?p=36706","title":{"rendered":"Alta convocatoria en Seminario de Educaci\u00f3n en Derechos Humanos"},"content":{"rendered":"<div class=\"flex_column av_one_full  flex_column_div av-zero-column-padding first  avia-builder-el-0  el_before_av_one_full  avia-builder-el-first  \" style='border-radius:0px; '><div  class='avia-image-container  av-styling-    avia-builder-el-1  avia-builder-el-no-sibling  avia-align-center '  itemprop=\"image\" itemscope=\"itemscope\" itemtype=\"https:\/\/schema.org\/ImageObject\"  ><div class='avia-image-container-inner'><div class='avia-image-overlay-wrap'><img decoding=\"async\" class='wp-image-36707 avia-img-lazy-loading-not-36707 avia_image' src=\"https:\/\/radiorevelacionfm.cl\/wp-content\/uploads\/2023\/11\/seminario-ddhh2-1_optimized-1.jpg\" alt='' title='seminario-ddhh2-(1)_optimized (1)' height=\"600\" width=\"899\"  itemprop=\"thumbnailUrl\" srcset=\"https:\/\/radiorevelacionfm.cl\/wp-content\/uploads\/2023\/11\/seminario-ddhh2-1_optimized-1.jpg 899w, https:\/\/radiorevelacionfm.cl\/wp-content\/uploads\/2023\/11\/seminario-ddhh2-1_optimized-1-300x200.jpg 300w, https:\/\/radiorevelacionfm.cl\/wp-content\/uploads\/2023\/11\/seminario-ddhh2-1_optimized-1-768x513.jpg 768w, https:\/\/radiorevelacionfm.cl\/wp-content\/uploads\/2023\/11\/seminario-ddhh2-1_optimized-1-705x471.jpg 705w, https:\/\/radiorevelacionfm.cl\/wp-content\/uploads\/2023\/11\/seminario-ddhh2-1_optimized-1-450x300.jpg 450w, https:\/\/radiorevelacionfm.cl\/wp-content\/uploads\/2023\/11\/seminario-ddhh2-1_optimized-1-600x400.jpg 600w\" sizes=\"(max-width: 899px) 100vw, 899px\" \/><\/div><\/div><\/div><\/div><div class=\"flex_column av_one_full  flex_column_div av-zero-column-padding first  avia-builder-el-2  el_after_av_one_full  el_before_av_one_full  column-top-margin\" style='border-radius:0px; '><section class=\"av_textblock_section \"  itemscope=\"itemscope\" itemtype=\"https:\/\/schema.org\/BlogPosting\" itemprop=\"blogPost\" ><div class='avia_textblock  '   itemprop=\"text\" ><p style=\"text-align: center;\"><span style=\"font-size: 18pt;\"><b>Alta convocatoria en Seminario de Educaci\u00f3n en Derechos Humanos<\/b><\/span><\/p>\n<div id=\"gtx-trans\" style=\"position: absolute; left: -50px; top: 4.31534px;\">\n<div class=\"gtx-trans-icon\"><\/div>\n<\/div>\n<\/div><\/section><\/div><div class=\"flex_column av_one_full  flex_column_div av-zero-column-padding first  avia-builder-el-4  el_after_av_one_full  el_before_av_hr  column-top-margin\" style='border-radius:0px; '><section class=\"av_textblock_section \"  itemscope=\"itemscope\" itemtype=\"https:\/\/schema.org\/BlogPosting\" itemprop=\"blogPost\" ><div class='avia_textblock  '   itemprop=\"text\" ><p style=\"text-align: justify;\">Un gran inter\u00e9s despert\u00f3 el Seminario de Educaci\u00f3n en Derechos Humanos que organiz\u00f3 el Servicio Nacional del Patrimonio Cultural en la Regi\u00f3n de Ays\u00e9n. Fue as\u00ed como llegaron cerca de 100 personas a escuchar las diferentes ponencias en el auditorio de la Biblioteca Regional.<\/p>\n<p style=\"text-align: justify;\">Abri\u00f3 la jornada Francia Jamett, encargada nacional de la Unidad de Cultura, Memoria y Derechos Humanos del Ministerio de las Culturas, las Artes y el Patrimonio, quien expuso sobre Cultura y Derechos Humanos: \u201cEsto es muy relevante. Es un \u00e1mbito de mucho conflicto, de mucha tensi\u00f3n y controversia. Es necesario que se d\u00e9 este di\u00e1logo entre generaciones, esta interpelaci\u00f3n permanente al Estado, aunque uno representa una parte de \u00e9l. Que se est\u00e9 hablando sobre pol\u00edticas de memoria o ausencia o insuficiencia de ellas parece muy relevante\u201d.<\/p>\n<p style=\"text-align: justify;\">El Seremi de Justicia y Derechos Humanos de la Regi\u00f3n de Ays\u00e9n, Samuel Navarro, detall\u00f3 a continuaci\u00f3n el estado de avance del Plan de B\u00fasqueda que est\u00e1 implementando el Gobierno del presidente Gabriel Boric, que pretende trazar la ruta de la desaparici\u00f3n de las v\u00edctimas, colaborar con las investigaciones judiciales y ayudar a configurar la memoria y la garant\u00eda de no repetici\u00f3n, sin perjuicio del establecimiento de responsabilidades penales.<\/p>\n<p style=\"text-align: justify;\">Para Navarro, \u201cfue una exposici\u00f3n acotada pero interesante, en relaci\u00f3n a los principales objetivos y metas que tiene el plan. Esto refleja la necesidad de seguir avanzando en memoria, en verdad, en justicia, y en garant\u00edas de no repetici\u00f3n\u201d.<\/p>\n<p style=\"text-align: justify;\">La Biblioteca Popular Trinchera Utop\u00eda tambi\u00e9n estuvo presente. Joaqu\u00edn Mansilla explic\u00f3 el trabajo de resistencia que lleva adelante el colectivo en torno a la memoria y los derechos humanos: \u201cFue un espacio confortable y creo que tambi\u00e9n es un espacio muy emotivo, pues tambi\u00e9n trae generaciones muy distintas: chicos de liceos y compa\u00f1eros y compa\u00f1eras que llevan mucho tiempo trabajando en este tema. Para nosotros tiene una carga muy emotiva y muy hermosa. Poder permitirse la fragilidad y volver a conversar temas que a ratos creo que no conversamos y que convivimos habitualmente con ellos\u201d.<\/p>\n<p style=\"text-align: justify;\">A continuaci\u00f3n expusieron la psic\u00f3loga Carla Romo del Instituto Nacional de Derechos Humanos en Ays\u00e9n; el ingeniero agr\u00f3nomo Mario Moreno Opazo, sobre el Programa de Reforma Agraria en Magallanes; y cerr\u00f3 la jornada la periodista M\u00f3nica Gonz\u00e1lez, Premio Nacional de Periodismo 2019, quien lleva m\u00e1s de 4 d\u00e9cadas dedicada la investigaci\u00f3n de cr\u00edmenes de la dictadura. M\u00f3nica cree que \u201ces importante que pasen estos seminarios en Ays\u00e9n porque yo creo que es soberan\u00eda. Hay identidad. Cuando hoy se pregunta qu\u00e9 es ser buen chileno: esto es ser buen chileno. Conocer cu\u00e1l es la riqueza de tu regi\u00f3n, conocer c\u00f3mo resisti\u00f3 tu regi\u00f3n los embates. Qui\u00e9nes se han apropiado de tu territorio de mala manera, qui\u00e9nes han asesinado, no ahora, sino antes a los primeros habitantes. Esa es la identidad de nuestro territorio y ese es ser chileno de verdad, no para venganza. Es para que no se vuelva a repetir\u201d.<\/p>\n<p style=\"text-align: justify;\">Acerca de las arremetidas negacionistas, a prop\u00f3sito de los 50 a\u00f1os del golpe de Estado c\u00edvico-militar, la experimentada reportera y escritora dice que se debe a que \u201cquienes asesinaron, quienes fueron c\u00f3mplices, quienes torturaron y quienes se enriquecieron, en esta regi\u00f3n, por ejemplo, no van a querer jam\u00e1s asumir frente a sus hijos y a sus nietos lo que hicieron. \u00bfC\u00f3mo le cuentas a tus hijos y a tus nietos que asesinaste, que torturaste o que fuiste c\u00f3mplice?\u201d.<\/p>\n<\/div><\/section><\/div><div  style='height:50px' class='hr hr-invisible   avia-builder-el-6  el_after_av_one_full  el_before_av_social_share '><span class='hr-inner ' ><span class='hr-inner-style'><\/span><\/span><\/div><\/p>\n<div  class='av-social-sharing-box  avia-builder-el-7  el_after_av_hr  el_before_av_hr  '><div class='av-share-box'><h5 class='av-share-link-description av-no-toc '>Compartir esta noticia<\/h5><ul class='av-share-box-list noLightbox'><li class='av-share-link av-social-link-facebook' ><a target=\"_blank\" aria-label=\"Compartir en Facebook\" href='https:\/\/www.facebook.com\/sharer.php?u=https:\/\/radiorevelacionfm.cl\/?p=36706&#038;t=Alta%20convocatoria%20en%20Seminario%20de%20Educaci%C3%B3n%20en%20Derechos%20Humanos' aria-hidden='false' data-av_icon='\ue8f3' data-av_iconfont='entypo-fontello' title='' data-avia-related-tooltip='Compartir en Facebook' rel=\"noopener\"><span class='avia_hidden_link_text'>Compartir en Facebook<\/span><\/a><\/li><li class='av-share-link av-social-link-twitter' ><a target=\"_blank\" aria-label=\"Compartir en Twitter\" href='https:\/\/twitter.com\/share?text=Alta%20convocatoria%20en%20Seminario%20de%20Educaci%C3%B3n%20en%20Derechos%20Humanos&#038;url=https:\/\/radiorevelacionfm.cl\/?p=36706' aria-hidden='false' data-av_icon='\ue8f1' data-av_iconfont='entypo-fontello' title='' data-avia-related-tooltip='Compartir en Twitter' rel=\"noopener\"><span class='avia_hidden_link_text'>Compartir en Twitter<\/span><\/a><\/li><li class='av-share-link av-social-link-whatsapp' ><a target=\"_blank\" aria-label=\"Compartir en Whatsapp\" href='https:\/\/api.whatsapp.com\/send?text=https:\/\/radiorevelacionfm.cl\/?p=36706' aria-hidden='false' data-av_icon='\uf232' data-av_iconfont='entypo-fontello' title='' data-avia-related-tooltip='Compartir en Whatsapp' rel=\"noopener\"><span class='avia_hidden_link_text'>Compartir en Whatsapp<\/span><\/a><\/li><li class='av-share-link av-social-link-linkedin' ><a target=\"_blank\" aria-label=\"Compartir en LinkedIn\" href='https:\/\/linkedin.com\/shareArticle?mini=true&#038;title=Alta%20convocatoria%20en%20Seminario%20de%20Educaci%C3%B3n%20en%20Derechos%20Humanos&#038;url=https:\/\/radiorevelacionfm.cl\/?p=36706' aria-hidden='false' data-av_icon='\ue8fc' data-av_iconfont='entypo-fontello' title='' data-avia-related-tooltip='Compartir en LinkedIn' rel=\"noopener\"><span class='avia_hidden_link_text'>Compartir en LinkedIn<\/span><\/a><\/li><li class='av-share-link av-social-link-mail' ><a  aria-label=\"Compartir por correo\" href='mailto:?subject=Alta%20convocatoria%20en%20Seminario%20de%20Educaci%C3%B3n%20en%20Derechos%20Humanos&#038;body=https:\/\/radiorevelacionfm.cl\/?p=36706' aria-hidden='false' data-av_icon='\ue805' data-av_iconfont='entypo-fontello' title='' data-avia-related-tooltip='Compartir por correo'><span class='avia_hidden_link_text'>Compartir por correo<\/span><\/a><\/li><\/ul><\/div><\/div>\n<div  style='height:50px' class='hr hr-invisible   avia-builder-el-8  el_after_av_social_share  el_before_av_comments_list '><span class='hr-inner ' ><span class='hr-inner-style'><\/span><\/span><\/div>\n<div  class='av-buildercomment  av-blog-meta-html-info-disabled av-blog-meta-tag-disabled  '><\/div>\n","protected":false},"excerpt":{"rendered":"","protected":false},"author":1,"featured_media":36707,"comment_status":"open","ping_status":"open","sticky":false,"template":"","format":"standard","meta":{"footnotes":""},"categories":[52],"tags":[],"class_list":["post-36706","post","type-post","status-publish","format-standard","has-post-thumbnail","hentry","category-cultura"],"jetpack_featured_media_url":"https:\/\/radiorevelacionfm.cl\/wp-content\/uploads\/2023\/11\/seminario-ddhh2-1_optimized-1.jpg","_links":{"self":[{"href":"https:\/\/radiorevelacionfm.cl\/index.php?rest_route=\/wp\/v2\/posts\/36706","targetHints":{"allow":["GET"]}}],"collection":[{"href":"https:\/\/radiorevelacionfm.cl\/index.php?rest_route=\/wp\/v2\/posts"}],"about":[{"href":"https:\/\/radiorevelacionfm.cl\/index.php?rest_route=\/wp\/v2\/types\/post"}],"author":[{"embeddable":true,"href":"https:\/\/radiorevelacionfm.cl\/index.php?rest_route=\/wp\/v2\/users\/1"}],"replies":[{"embeddable":true,"href":"https:\/\/radiorevelacionfm.cl\/index.php?rest_route=%2Fwp%2Fv2%2Fcomments&post=36706"}],"version-history":[{"count":1,"href":"https:\/\/radiorevelacionfm.cl\/index.php?rest_route=\/wp\/v2\/posts\/36706\/revisions"}],"predecessor-version":[{"id":36708,"href":"https:\/\/radiorevelacionfm.cl\/index.php?rest_route=\/wp\/v2\/posts\/36706\/revisions\/36708"}],"wp:featuredmedia":[{"embeddable":true,"href":"https:\/\/radiorevelacionfm.cl\/index.php?rest_route=\/wp\/v2\/media\/36707"}],"wp:attachment":[{"href":"https:\/\/radiorevelacionfm.cl\/index.php?rest_route=%2Fwp%2Fv2%2Fmedia&parent=36706"}],"wp:term":[{"taxonomy":"category","embeddable":true,"href":"https:\/\/radiorevelacionfm.cl\/index.php?rest_route=%2Fwp%2Fv2%2Fcategories&post=36706"},{"taxonomy":"post_tag","embeddable":true,"href":"https:\/\/radiorevelacionfm.cl\/index.php?rest_route=%2Fwp%2Fv2%2Ftags&post=36706"}],"curies":[{"name":"wp","href":"https:\/\/api.w.org\/{rel}","templated":true}]}}