{"id":36701,"date":"2023-11-08T14:58:42","date_gmt":"2023-11-08T17:58:42","guid":{"rendered":"https:\/\/radiorevelacionfm.cl\/?p=36701"},"modified":"2023-11-08T14:58:42","modified_gmt":"2023-11-08T17:58:42","slug":"en-bahia-acantilada-realizan-primer-conversatorio-de-seguridad-publica-con-adultos-mayores","status":"publish","type":"post","link":"https:\/\/radiorevelacionfm.cl\/?p=36701","title":{"rendered":"En Bah\u00eda Acantilada realizan Primer Conversatorio de Seguridad P\u00fablica con Adultos Mayores"},"content":{"rendered":"<div class=\"flex_column av_one_full  flex_column_div av-zero-column-padding first  avia-builder-el-0  el_before_av_one_full  avia-builder-el-first  \" style='border-radius:0px; '><div  class='avia-image-container  av-styling-    avia-builder-el-1  avia-builder-el-no-sibling  avia-align-center '  itemprop=\"image\" itemscope=\"itemscope\" itemtype=\"https:\/\/schema.org\/ImageObject\"  ><div class='avia-image-container-inner'><div class='avia-image-overlay-wrap'><img decoding=\"async\" class='wp-image-36702 avia-img-lazy-loading-not-36702 avia_image' src=\"https:\/\/radiorevelacionfm.cl\/wp-content\/uploads\/2023\/11\/conversatorio-adultos-mayores-1-1_optimized-1.jpeg\" alt='' title='conversatorio-adultos-mayores-1-(1)_optimized (1)' height=\"600\" width=\"800\"  itemprop=\"thumbnailUrl\" srcset=\"https:\/\/radiorevelacionfm.cl\/wp-content\/uploads\/2023\/11\/conversatorio-adultos-mayores-1-1_optimized-1.jpeg 800w, https:\/\/radiorevelacionfm.cl\/wp-content\/uploads\/2023\/11\/conversatorio-adultos-mayores-1-1_optimized-1-300x225.jpeg 300w, https:\/\/radiorevelacionfm.cl\/wp-content\/uploads\/2023\/11\/conversatorio-adultos-mayores-1-1_optimized-1-768x576.jpeg 768w, https:\/\/radiorevelacionfm.cl\/wp-content\/uploads\/2023\/11\/conversatorio-adultos-mayores-1-1_optimized-1-705x529.jpeg 705w, https:\/\/radiorevelacionfm.cl\/wp-content\/uploads\/2023\/11\/conversatorio-adultos-mayores-1-1_optimized-1-450x338.jpeg 450w, https:\/\/radiorevelacionfm.cl\/wp-content\/uploads\/2023\/11\/conversatorio-adultos-mayores-1-1_optimized-1-600x450.jpeg 600w\" sizes=\"(max-width: 800px) 100vw, 800px\" \/><\/div><\/div><\/div><\/div><div class=\"flex_column av_one_full  flex_column_div av-zero-column-padding first  avia-builder-el-2  el_after_av_one_full  el_before_av_one_full  column-top-margin\" style='border-radius:0px; '><section class=\"av_textblock_section \"  itemscope=\"itemscope\" itemtype=\"https:\/\/schema.org\/BlogPosting\" itemprop=\"blogPost\" ><div class='avia_textblock  '   itemprop=\"text\" ><p style=\"text-align: center;\"><strong><span style=\"font-size: 18pt;\">En Bah\u00eda Acantilada realizan Primer Conversatorio de Seguridad P\u00fablica con Adultos Mayores<\/span><\/strong><\/p>\n<div id=\"gtx-trans\" style=\"position: absolute; left: -50px; top: 4.31534px;\">\n<div class=\"gtx-trans-icon\"><\/div>\n<\/div>\n<\/div><\/section><\/div><div class=\"flex_column av_one_full  flex_column_div av-zero-column-padding first  avia-builder-el-4  el_after_av_one_full  el_before_av_hr  column-top-margin\" style='border-radius:0px; '><section class=\"av_textblock_section \"  itemscope=\"itemscope\" itemtype=\"https:\/\/schema.org\/BlogPosting\" itemprop=\"blogPost\" ><div class='avia_textblock  '   itemprop=\"text\" ><p style=\"text-align: justify;\">En uno de los escenarios naturales m\u00e1s bellos de la regi\u00f3n de Ays\u00e9n, Bah\u00eda Acantilada, se llev\u00f3 a cabo el Primer Conversatorio de Seguridad P\u00fablica, donde sus principales intervinientes fueron adultos mayores de los clubes Litoral Austral y Cerros Nevados.<\/p>\n<p style=\"text-align: justify;\">La instancia fue programada por Seguridad P\u00fablica de la Municipalidad de Ays\u00e9n, por ello, su director Marco Co\u00f1uecar, se mostr\u00f3 feliz por los resultados de la jornada, que es la primera de muchas que esperan realizar con los distintos actores de la comunidad.<\/p>\n<p style=\"text-align: justify;\">\u201cEstamos muy contentos dando inicio a los di\u00e1logos con los adultos mayores en la tem\u00e1tica de seguridad p\u00fablica, era un compromiso que ten\u00edamos de poder acercarnos a los adultos mayores como direcci\u00f3n de seguridad p\u00fablica, como Municipio. Ah\u00ed estuvimos con parte de los clubes Litoral Austral y Cerros Nevados, as\u00ed es que, la gente muy contenta. Estuvimos desarrollando un dialogo muy ameno, donde conocimos la experiencia de cada uno de los participantes, le entregamos tambi\u00e9n nuestra oferta program\u00e1tica en conjunto a la Coordinadora Regional de Seguridad P\u00fablica. Estamos dando inicio a lo que va a ser un trabajo permanente durante el tiempo, con los adultos mayores, en terreno y en los diferentes lugares\u201d.<\/p>\n<p style=\"text-align: justify;\">La coordinadora regional de Seguridad P\u00fablica, Camila Covarrubias, destac\u00f3 el trabajo conjunto con la Municipalidad de Ays\u00e9n, en base a un tema muy importante para la comunidad.<\/p>\n<p style=\"text-align: justify;\">\u201cEs importante esta actividad, porque permite contarles que estamos haciendo en materia de seguridad tanto por la coordinaci\u00f3n regional de la Subsecretaria de Prevenci\u00f3n del Delito, pero sin duda, con el trabajo que realiza la Municipalidad, que son nuestros principales aliados para trabajar con la comunidad y llegar al territorio. Esta es una experiencia en la pudimos recibir la inquietud de los vecinos, por lo tanto, nos vamos con tareas importantes a resolver en materia de seguridad y esperamos que podamos seguir repitiendo este tipo de trabajos, que, adem\u00e1s, se realizan en una instancia mucho m\u00e1s enriquecedora, porque estamos en medio de la naturaleza que nos recibe, que nos acoge y podemos estar mucho m\u00e1s tranquilos y relajados hablando de un tema que a veces es un poco m\u00e1s complejo\u201d.<\/p>\n<p style=\"text-align: justify;\">Don Antonio Paredes, adulto mayor asistente al conversatorio, coment\u00f3 que, \u201cmuy bueno para poder dialogar con las personas y sobre todo primera vez que se est\u00e1 haciendo esto y ojal\u00e1 se siga haciendo, porque nos interesa el tema de seguridad p\u00fablica\u201d.<\/p>\n<p style=\"text-align: justify;\">Esta es una primera jornada de dialogo con adultos mayores respecto al tema de seguridad, desde la direcci\u00f3n comunal de Seguridad P\u00fablica, ya se encuentran preparando otros conversatorios que tengan la destacada participaci\u00f3n de la comunidad.<\/p>\n<\/div><\/section><\/div><div  style='height:50px' class='hr hr-invisible   avia-builder-el-6  el_after_av_one_full  el_before_av_social_share '><span class='hr-inner ' ><span class='hr-inner-style'><\/span><\/span><\/div><\/p>\n<div  class='av-social-sharing-box  avia-builder-el-7  el_after_av_hr  el_before_av_hr  '><div class='av-share-box'><h5 class='av-share-link-description av-no-toc '>Compartir esta noticia<\/h5><ul class='av-share-box-list noLightbox'><li class='av-share-link av-social-link-facebook' ><a target=\"_blank\" aria-label=\"Compartir en Facebook\" href='https:\/\/www.facebook.com\/sharer.php?u=https:\/\/radiorevelacionfm.cl\/?p=36701&#038;t=En%20Bah%C3%ADa%20Acantilada%20realizan%20Primer%20Conversatorio%20de%20Seguridad%20P%C3%BAblica%20con%20Adultos%20Mayores' aria-hidden='false' data-av_icon='\ue8f3' data-av_iconfont='entypo-fontello' title='' data-avia-related-tooltip='Compartir en Facebook' rel=\"noopener\"><span class='avia_hidden_link_text'>Compartir en Facebook<\/span><\/a><\/li><li class='av-share-link av-social-link-twitter' ><a target=\"_blank\" aria-label=\"Compartir en Twitter\" href='https:\/\/twitter.com\/share?text=En%20Bah%C3%ADa%20Acantilada%20realizan%20Primer%20Conversatorio%20de%20Seguridad%20P%C3%BAblica%20con%20Adultos%20Mayores&#038;url=https:\/\/radiorevelacionfm.cl\/?p=36701' aria-hidden='false' data-av_icon='\ue8f1' data-av_iconfont='entypo-fontello' title='' data-avia-related-tooltip='Compartir en Twitter' rel=\"noopener\"><span class='avia_hidden_link_text'>Compartir en Twitter<\/span><\/a><\/li><li class='av-share-link av-social-link-whatsapp' ><a target=\"_blank\" aria-label=\"Compartir en Whatsapp\" href='https:\/\/api.whatsapp.com\/send?text=https:\/\/radiorevelacionfm.cl\/?p=36701' aria-hidden='false' data-av_icon='\uf232' data-av_iconfont='entypo-fontello' title='' data-avia-related-tooltip='Compartir en Whatsapp' rel=\"noopener\"><span class='avia_hidden_link_text'>Compartir en Whatsapp<\/span><\/a><\/li><li class='av-share-link av-social-link-linkedin' ><a target=\"_blank\" aria-label=\"Compartir en LinkedIn\" href='https:\/\/linkedin.com\/shareArticle?mini=true&#038;title=En%20Bah%C3%ADa%20Acantilada%20realizan%20Primer%20Conversatorio%20de%20Seguridad%20P%C3%BAblica%20con%20Adultos%20Mayores&#038;url=https:\/\/radiorevelacionfm.cl\/?p=36701' aria-hidden='false' data-av_icon='\ue8fc' data-av_iconfont='entypo-fontello' title='' data-avia-related-tooltip='Compartir en LinkedIn' rel=\"noopener\"><span class='avia_hidden_link_text'>Compartir en LinkedIn<\/span><\/a><\/li><li class='av-share-link av-social-link-mail' ><a  aria-label=\"Compartir por correo\" href='mailto:?subject=En%20Bah%C3%ADa%20Acantilada%20realizan%20Primer%20Conversatorio%20de%20Seguridad%20P%C3%BAblica%20con%20Adultos%20Mayores&#038;body=https:\/\/radiorevelacionfm.cl\/?p=36701' aria-hidden='false' data-av_icon='\ue805' data-av_iconfont='entypo-fontello' title='' data-avia-related-tooltip='Compartir por correo'><span class='avia_hidden_link_text'>Compartir por correo<\/span><\/a><\/li><\/ul><\/div><\/div>\n<div  style='height:50px' class='hr hr-invisible   avia-builder-el-8  el_after_av_social_share  el_before_av_comments_list '><span class='hr-inner ' ><span class='hr-inner-style'><\/span><\/span><\/div>\n<div  class='av-buildercomment  av-blog-meta-html-info-disabled av-blog-meta-tag-disabled  '><\/div>\n","protected":false},"excerpt":{"rendered":"","protected":false},"author":1,"featured_media":36702,"comment_status":"open","ping_status":"open","sticky":false,"template":"","format":"standard","meta":{"footnotes":""},"categories":[38],"tags":[],"class_list":["post-36701","post","type-post","status-publish","format-standard","has-post-thumbnail","hentry","category-regional"],"jetpack_featured_media_url":"https:\/\/radiorevelacionfm.cl\/wp-content\/uploads\/2023\/11\/conversatorio-adultos-mayores-1-1_optimized-1.jpeg","_links":{"self":[{"href":"https:\/\/radiorevelacionfm.cl\/index.php?rest_route=\/wp\/v2\/posts\/36701","targetHints":{"allow":["GET"]}}],"collection":[{"href":"https:\/\/radiorevelacionfm.cl\/index.php?rest_route=\/wp\/v2\/posts"}],"about":[{"href":"https:\/\/radiorevelacionfm.cl\/index.php?rest_route=\/wp\/v2\/types\/post"}],"author":[{"embeddable":true,"href":"https:\/\/radiorevelacionfm.cl\/index.php?rest_route=\/wp\/v2\/users\/1"}],"replies":[{"embeddable":true,"href":"https:\/\/radiorevelacionfm.cl\/index.php?rest_route=%2Fwp%2Fv2%2Fcomments&post=36701"}],"version-history":[{"count":1,"href":"https:\/\/radiorevelacionfm.cl\/index.php?rest_route=\/wp\/v2\/posts\/36701\/revisions"}],"predecessor-version":[{"id":36703,"href":"https:\/\/radiorevelacionfm.cl\/index.php?rest_route=\/wp\/v2\/posts\/36701\/revisions\/36703"}],"wp:featuredmedia":[{"embeddable":true,"href":"https:\/\/radiorevelacionfm.cl\/index.php?rest_route=\/wp\/v2\/media\/36702"}],"wp:attachment":[{"href":"https:\/\/radiorevelacionfm.cl\/index.php?rest_route=%2Fwp%2Fv2%2Fmedia&parent=36701"}],"wp:term":[{"taxonomy":"category","embeddable":true,"href":"https:\/\/radiorevelacionfm.cl\/index.php?rest_route=%2Fwp%2Fv2%2Fcategories&post=36701"},{"taxonomy":"post_tag","embeddable":true,"href":"https:\/\/radiorevelacionfm.cl\/index.php?rest_route=%2Fwp%2Fv2%2Ftags&post=36701"}],"curies":[{"name":"wp","href":"https:\/\/api.w.org\/{rel}","templated":true}]}}