{"id":36698,"date":"2023-11-11T20:28:06","date_gmt":"2023-11-11T23:28:06","guid":{"rendered":"https:\/\/radiorevelacionfm.cl\/?p=36698"},"modified":"2023-11-11T20:28:06","modified_gmt":"2023-11-11T23:28:06","slug":"locutores-radiales-podran-certificar-sus-competencias-gracias-a-acuerdo-entre-segegob-y-chilevalora","status":"publish","type":"post","link":"https:\/\/radiorevelacionfm.cl\/?p=36698","title":{"rendered":"Locutores radiales podr\u00e1n certificar sus competencias gracias a acuerdo entre Segegob y ChileValora"},"content":{"rendered":"<div class=\"flex_column av_one_full  flex_column_div av-zero-column-padding first  avia-builder-el-0  el_before_av_one_full  avia-builder-el-first  \" style='border-radius:0px; '><div  class='avia-image-container  av-styling-    avia-builder-el-1  avia-builder-el-no-sibling  avia-align-center '  itemprop=\"image\" itemscope=\"itemscope\" itemtype=\"https:\/\/schema.org\/ImageObject\"  ><div class='avia-image-container-inner'><div class='avia-image-overlay-wrap'><img decoding=\"async\" class='wp-image-36699 avia-img-lazy-loading-not-36699 avia_image' src=\"https:\/\/radiorevelacionfm.cl\/wp-content\/uploads\/2023\/11\/convenio-chilevalora-2-660x440-1_optimized.jpg\" alt='' title='convenio-chilevalora-2-660x440-(1)_optimized' height=\"600\" width=\"900\"  itemprop=\"thumbnailUrl\" srcset=\"https:\/\/radiorevelacionfm.cl\/wp-content\/uploads\/2023\/11\/convenio-chilevalora-2-660x440-1_optimized.jpg 900w, https:\/\/radiorevelacionfm.cl\/wp-content\/uploads\/2023\/11\/convenio-chilevalora-2-660x440-1_optimized-300x200.jpg 300w, https:\/\/radiorevelacionfm.cl\/wp-content\/uploads\/2023\/11\/convenio-chilevalora-2-660x440-1_optimized-768x512.jpg 768w, https:\/\/radiorevelacionfm.cl\/wp-content\/uploads\/2023\/11\/convenio-chilevalora-2-660x440-1_optimized-705x470.jpg 705w, https:\/\/radiorevelacionfm.cl\/wp-content\/uploads\/2023\/11\/convenio-chilevalora-2-660x440-1_optimized-450x300.jpg 450w, https:\/\/radiorevelacionfm.cl\/wp-content\/uploads\/2023\/11\/convenio-chilevalora-2-660x440-1_optimized-600x400.jpg 600w\" sizes=\"(max-width: 900px) 100vw, 900px\" \/><\/div><\/div><\/div><\/div><div class=\"flex_column av_one_full  flex_column_div av-zero-column-padding first  avia-builder-el-2  el_after_av_one_full  el_before_av_one_full  column-top-margin\" style='border-radius:0px; '><section class=\"av_textblock_section \"  itemscope=\"itemscope\" itemtype=\"https:\/\/schema.org\/BlogPosting\" itemprop=\"blogPost\" ><div class='avia_textblock  '   itemprop=\"text\" ><p style=\"text-align: center;\"><strong><span style=\"font-size: 18pt;\">Locutores radiales podr\u00e1n certificar sus competencias gracias a acuerdo entre Segegob y ChileValora<\/span><\/strong><\/p>\n<div id=\"gtx-trans\" style=\"position: absolute; left: -50px; top: 4.31534px;\">\n<div class=\"gtx-trans-icon\"><\/div>\n<\/div>\n<\/div><\/section><\/div><div class=\"flex_column av_one_full  flex_column_div av-zero-column-padding first  avia-builder-el-4  el_after_av_one_full  el_before_av_hr  column-top-margin\" style='border-radius:0px; '><section class=\"av_textblock_section \"  itemscope=\"itemscope\" itemtype=\"https:\/\/schema.org\/BlogPosting\" itemprop=\"blogPost\" ><div class='avia_textblock  '   itemprop=\"text\" ><p style=\"text-align: justify;\">Con la presencia de la Subsecretaria General de Gobierno, Nicole Cardoch; el subsecretario de Telecomunicaciones, Claudio Araya; el subsecretario del Trabajo, Giorgio Boccardo y la secretaria ejecutiva de ChileValora, Ximena Rivillo, se sell\u00f3 un acuerdo para iniciar el levantamiento de perfiles de competencia laboral ChileValora, para reconocer formalmente los conocimientos, habilidades y destrezas de quienes se desempe\u00f1an como: <em>locutores de radio, productores de TV y radio comunitarias y digitales; adem\u00e1s de instaladores y reparadores de redes de fibra \u00f3ptica domiciliaria. <\/em><\/p>\n<p style=\"text-align: justify;\">Se trata de dos convenios de trabajo t\u00e9cnico: uno entre Segegob y ChileValora y el otro entre Subtel \u2013 ChileValora, que permitir\u00e1, en unos meses m\u00e1s, levantar y poner a disposici\u00f3n estos perfiles de competencia laboral.<\/p>\n<p style=\"text-align: justify;\">Con la formalizaci\u00f3n de uno de estos convenios, se concreta una de las diez principales medidas de la <strong>Agenda de Fortalecimiento de Medios de Comunicaci\u00f3n<\/strong>, presentada en julio pasado, como fruto de un trabajo interministerial entre el Ministerio Secretar\u00eda General de Gobierno (Segegob) y la Subsecretar\u00eda de Telecomunicaciones (Subtel) con los diferentes gremios del mundo de las comunicaciones. Esta agenda, entre otras medidas, contempla el levantamiento del perfil ocupacional de Locutor(a) Radial con el mecanismo de ChileValora -servicio p\u00fablico dependiente del Ministerio del Trabajo y Previsi\u00f3n Social- a trav\u00e9s de mesas t\u00e9cnicas tripartitas integradas por representantes del Estado, los empleadores y los trabajadores, con el fin de fortalecer los medios de comunicaci\u00f3n regionales, comunitarios e independientes, que forman parte de un diverso grupo que existe en Chile, adem\u00e1s de poder ampliar la participaci\u00f3n y la presencia de otras voces en este espacio.<\/p>\n<p style=\"text-align: justify;\">\u201cComo Gobierno del presidente Gabriel Boric, desde nuestro Ministerio Secretar\u00eda General de Gobierno, hemos trabajado en conjunto con la Subsecretar\u00eda de Telecomunicaciones en una agenda de fortalecimiento de medios de comunicaci\u00f3n social. Es una demanda solicitada hace ya varios a\u00f1os por los propios trabajadores del rubro, adem\u00e1s de ser un reconocimiento a las y los locutores de radio. Con esta certificaci\u00f3n de competencias buscamos avanzar en mejores condiciones laborales y sociales para quienes trabajan en los medios de comunicaci\u00f3n, con quienes tenemos una estrecha colaboraci\u00f3n y una muy buena relaci\u00f3n en nuestra regi\u00f3n\u201d, indic\u00f3 Tatiana Pl\u00e1 \u00c1lvarez, seremi de Gobierno de Ays\u00e9n.<\/p>\n<p style=\"text-align: justify;\">En relaci\u00f3n a la especificaci\u00f3n de un perfil ocupacional de Chilevalora y qu\u00e9 finalidad tiene, la seremi Tatiana Pl\u00e1 explic\u00f3 que es la descripci\u00f3n de los de los conocimientos, habilidades y actitudes relevantes para una determinada ocupaci\u00f3n u oficio. \u201cA partir de esta descripci\u00f3n se evaluar\u00e1 a una persona que aspire a contar con la certificaci\u00f3n en un determinado oficio. Es decir, el perfil ocupacional de Chilevalora permite establecer est\u00e1ndares de desempe\u00f1o asociados a una funci\u00f3n espec\u00edfica, los que orientan tanto a los trabajadores acerca de lo que se espera de ellos, como tambi\u00e9n a los empleadores para la contrataci\u00f3n de personal. Permite, adem\u00e1s, orientar una oferta formativa pertinente con las necesidades de los diferentes sectores y subsectores productivos\u201d, asever\u00f3.<\/p>\n<p style=\"text-align: justify;\">Cabe se\u00f1alar que una de las organizaciones que participar\u00e1 en la creaci\u00f3n del perfil ocupacional Locutor(a) de Radio, a nivel nacional, es la Asociaci\u00f3n Nacional de Locutores Profesionales de Chile, cuyo presidente Ar\u00edstides Aliaga, destac\u00f3 que \u201cesto permitir\u00e1 revalidar el trabajo profesional que se hace en las comunicaciones. Con esto se norman muchas cosas, hablamos de beneficios, pero tambi\u00e9n de deberes por parte de los locutores\u201d.<\/p>\n<p style=\"text-align: justify;\">Asimismo, el subsecretario de Telecomunicaciones, Claudio Araya San Mart\u00edn, firmar\u00e1 dos convenios con Chilevalora, para el levantamiento de los perfiles ocupacionales de productor t\u00e9cnico de radiodifusi\u00f3n, productor t\u00e9cnico de televisi\u00f3n digital terrestre, experto en instalaci\u00f3n de redes de servicio de internet y experto en reparaci\u00f3n de redes de servicio de internet.<\/p>\n<\/div><\/section><\/div><div  style='height:50px' class='hr hr-invisible   avia-builder-el-6  el_after_av_one_full  el_before_av_social_share '><span class='hr-inner ' ><span class='hr-inner-style'><\/span><\/span><\/div><\/p>\n<div  class='av-social-sharing-box  avia-builder-el-7  el_after_av_hr  el_before_av_hr  '><div class='av-share-box'><h5 class='av-share-link-description av-no-toc '>Compartir esta noticia<\/h5><ul class='av-share-box-list noLightbox'><li class='av-share-link av-social-link-facebook' ><a target=\"_blank\" aria-label=\"Compartir en Facebook\" href='https:\/\/www.facebook.com\/sharer.php?u=https:\/\/radiorevelacionfm.cl\/?p=36698&#038;t=Locutores%20radiales%20podr%C3%A1n%20certificar%20sus%20competencias%20gracias%20a%20acuerdo%20entre%20Segegob%20y%20ChileValora' aria-hidden='false' data-av_icon='\ue8f3' data-av_iconfont='entypo-fontello' title='' data-avia-related-tooltip='Compartir en Facebook' rel=\"noopener\"><span class='avia_hidden_link_text'>Compartir en Facebook<\/span><\/a><\/li><li class='av-share-link av-social-link-twitter' ><a target=\"_blank\" aria-label=\"Compartir en Twitter\" href='https:\/\/twitter.com\/share?text=Locutores%20radiales%20podr%C3%A1n%20certificar%20sus%20competencias%20gracias%20a%20acuerdo%20entre%20Segegob%20y%20ChileValora&#038;url=https:\/\/radiorevelacionfm.cl\/?p=36698' aria-hidden='false' data-av_icon='\ue8f1' data-av_iconfont='entypo-fontello' title='' data-avia-related-tooltip='Compartir en Twitter' rel=\"noopener\"><span class='avia_hidden_link_text'>Compartir en Twitter<\/span><\/a><\/li><li class='av-share-link av-social-link-whatsapp' ><a target=\"_blank\" aria-label=\"Compartir en Whatsapp\" href='https:\/\/api.whatsapp.com\/send?text=https:\/\/radiorevelacionfm.cl\/?p=36698' aria-hidden='false' data-av_icon='\uf232' data-av_iconfont='entypo-fontello' title='' data-avia-related-tooltip='Compartir en Whatsapp' rel=\"noopener\"><span class='avia_hidden_link_text'>Compartir en Whatsapp<\/span><\/a><\/li><li class='av-share-link av-social-link-linkedin' ><a target=\"_blank\" aria-label=\"Compartir en LinkedIn\" href='https:\/\/linkedin.com\/shareArticle?mini=true&#038;title=Locutores%20radiales%20podr%C3%A1n%20certificar%20sus%20competencias%20gracias%20a%20acuerdo%20entre%20Segegob%20y%20ChileValora&#038;url=https:\/\/radiorevelacionfm.cl\/?p=36698' aria-hidden='false' data-av_icon='\ue8fc' data-av_iconfont='entypo-fontello' title='' data-avia-related-tooltip='Compartir en LinkedIn' rel=\"noopener\"><span class='avia_hidden_link_text'>Compartir en LinkedIn<\/span><\/a><\/li><li class='av-share-link av-social-link-mail' ><a  aria-label=\"Compartir por correo\" href='mailto:?subject=Locutores%20radiales%20podr%C3%A1n%20certificar%20sus%20competencias%20gracias%20a%20acuerdo%20entre%20Segegob%20y%20ChileValora&#038;body=https:\/\/radiorevelacionfm.cl\/?p=36698' aria-hidden='false' data-av_icon='\ue805' data-av_iconfont='entypo-fontello' title='' data-avia-related-tooltip='Compartir por correo'><span class='avia_hidden_link_text'>Compartir por correo<\/span><\/a><\/li><\/ul><\/div><\/div>\n<div  style='height:50px' class='hr hr-invisible   avia-builder-el-8  el_after_av_social_share  el_before_av_comments_list '><span class='hr-inner ' ><span class='hr-inner-style'><\/span><\/span><\/div>\n<div  class='av-buildercomment  av-blog-meta-html-info-disabled av-blog-meta-tag-disabled  '><\/div>\n","protected":false},"excerpt":{"rendered":"","protected":false},"author":1,"featured_media":36699,"comment_status":"open","ping_status":"open","sticky":false,"template":"","format":"standard","meta":{"footnotes":""},"categories":[61],"tags":[],"class_list":["post-36698","post","type-post","status-publish","format-standard","has-post-thumbnail","hentry","category-nacional"],"jetpack_featured_media_url":"https:\/\/radiorevelacionfm.cl\/wp-content\/uploads\/2023\/11\/convenio-chilevalora-2-660x440-1_optimized.jpg","_links":{"self":[{"href":"https:\/\/radiorevelacionfm.cl\/index.php?rest_route=\/wp\/v2\/posts\/36698","targetHints":{"allow":["GET"]}}],"collection":[{"href":"https:\/\/radiorevelacionfm.cl\/index.php?rest_route=\/wp\/v2\/posts"}],"about":[{"href":"https:\/\/radiorevelacionfm.cl\/index.php?rest_route=\/wp\/v2\/types\/post"}],"author":[{"embeddable":true,"href":"https:\/\/radiorevelacionfm.cl\/index.php?rest_route=\/wp\/v2\/users\/1"}],"replies":[{"embeddable":true,"href":"https:\/\/radiorevelacionfm.cl\/index.php?rest_route=%2Fwp%2Fv2%2Fcomments&post=36698"}],"version-history":[{"count":1,"href":"https:\/\/radiorevelacionfm.cl\/index.php?rest_route=\/wp\/v2\/posts\/36698\/revisions"}],"predecessor-version":[{"id":36700,"href":"https:\/\/radiorevelacionfm.cl\/index.php?rest_route=\/wp\/v2\/posts\/36698\/revisions\/36700"}],"wp:featuredmedia":[{"embeddable":true,"href":"https:\/\/radiorevelacionfm.cl\/index.php?rest_route=\/wp\/v2\/media\/36699"}],"wp:attachment":[{"href":"https:\/\/radiorevelacionfm.cl\/index.php?rest_route=%2Fwp%2Fv2%2Fmedia&parent=36698"}],"wp:term":[{"taxonomy":"category","embeddable":true,"href":"https:\/\/radiorevelacionfm.cl\/index.php?rest_route=%2Fwp%2Fv2%2Fcategories&post=36698"},{"taxonomy":"post_tag","embeddable":true,"href":"https:\/\/radiorevelacionfm.cl\/index.php?rest_route=%2Fwp%2Fv2%2Ftags&post=36698"}],"curies":[{"name":"wp","href":"https:\/\/api.w.org\/{rel}","templated":true}]}}