{"id":36695,"date":"2023-11-08T12:26:11","date_gmt":"2023-11-08T15:26:11","guid":{"rendered":"https:\/\/radiorevelacionfm.cl\/?p=36695"},"modified":"2023-11-08T12:26:11","modified_gmt":"2023-11-08T15:26:11","slug":"coordinan-actividades-para-celebrar-los-40-anos-de-la-camara-de-comercio-de-aysen","status":"publish","type":"post","link":"https:\/\/radiorevelacionfm.cl\/?p=36695","title":{"rendered":"Coordinan actividades para celebrar los 40 a\u00f1os de la C\u00e1mara de Comercio de Ays\u00e9n"},"content":{"rendered":"<div class=\"flex_column av_one_full  flex_column_div av-zero-column-padding first  avia-builder-el-0  el_before_av_one_full  avia-builder-el-first  \" style='border-radius:0px; '><div  class='avia-image-container  av-styling-    avia-builder-el-1  avia-builder-el-no-sibling  avia-align-center '  itemprop=\"image\" itemscope=\"itemscope\" itemtype=\"https:\/\/schema.org\/ImageObject\"  ><div class='avia-image-container-inner'><div class='avia-image-overlay-wrap'><img decoding=\"async\" class='wp-image-36696 avia-img-lazy-loading-not-36696 avia_image' src=\"https:\/\/radiorevelacionfm.cl\/wp-content\/uploads\/2023\/11\/reunion-comercio-2-1_optimized-1.jpg\" alt='' title='reunion-comercio-2-(1)_optimized (1)' height=\"600\" width=\"1238\"  itemprop=\"thumbnailUrl\" srcset=\"https:\/\/radiorevelacionfm.cl\/wp-content\/uploads\/2023\/11\/reunion-comercio-2-1_optimized-1.jpg 1238w, https:\/\/radiorevelacionfm.cl\/wp-content\/uploads\/2023\/11\/reunion-comercio-2-1_optimized-1-300x145.jpg 300w, https:\/\/radiorevelacionfm.cl\/wp-content\/uploads\/2023\/11\/reunion-comercio-2-1_optimized-1-1030x499.jpg 1030w, https:\/\/radiorevelacionfm.cl\/wp-content\/uploads\/2023\/11\/reunion-comercio-2-1_optimized-1-768x372.jpg 768w, https:\/\/radiorevelacionfm.cl\/wp-content\/uploads\/2023\/11\/reunion-comercio-2-1_optimized-1-705x342.jpg 705w, https:\/\/radiorevelacionfm.cl\/wp-content\/uploads\/2023\/11\/reunion-comercio-2-1_optimized-1-450x218.jpg 450w, https:\/\/radiorevelacionfm.cl\/wp-content\/uploads\/2023\/11\/reunion-comercio-2-1_optimized-1-600x291.jpg 600w\" sizes=\"(max-width: 1238px) 100vw, 1238px\" \/><\/div><\/div><\/div><\/div><div class=\"flex_column av_one_full  flex_column_div av-zero-column-padding first  avia-builder-el-2  el_after_av_one_full  el_before_av_one_full  column-top-margin\" style='border-radius:0px; '><section class=\"av_textblock_section \"  itemscope=\"itemscope\" itemtype=\"https:\/\/schema.org\/BlogPosting\" itemprop=\"blogPost\" ><div class='avia_textblock  '   itemprop=\"text\" ><p style=\"text-align: center;\"><strong><span style=\"font-size: 18pt;\">Coordinan actividades para celebrar los 40 a\u00f1os de la C\u00e1mara de Comercio de Ays\u00e9n<\/span><\/strong><\/p>\n<div id=\"gtx-trans\" style=\"position: absolute; left: -50px; top: 4.31534px;\">\n<div class=\"gtx-trans-icon\"><\/div>\n<\/div>\n<\/div><\/section><\/div><div class=\"flex_column av_one_full  flex_column_div av-zero-column-padding first  avia-builder-el-4  el_after_av_one_full  el_before_av_hr  column-top-margin\" style='border-radius:0px; '><section class=\"av_textblock_section \"  itemscope=\"itemscope\" itemtype=\"https:\/\/schema.org\/BlogPosting\" itemprop=\"blogPost\" ><div class='avia_textblock  '   itemprop=\"text\" ><p style=\"text-align: justify;\">El Alcalde Julio Uribe sostuvo esta semana una reuni\u00f3n con la directiva de la C\u00e1mara de Comercio de Ays\u00e9n, con el fin de preparar algunas actividades que permitan relevar los 40 a\u00f1os de este gremio, que naci\u00f3 en Puerto Ays\u00e9n durante el a\u00f1o 1983.<\/p>\n<p style=\"text-align: justify;\">\u201cNosotros estamos trabajando en los temas tur\u00edsticos como en las diferentes tem\u00e1ticas con ellos y este a\u00f1o es muy representativo porque cumplen 40 a\u00f1os. Creo que el comercio ha estado presente en el desarrollo de nuestra comuna durante toda su historia, as\u00ed es que, vamos a realizar actividades en conjunto. Tenemos el encendido de luces de calle Sargento Aldea, el d\u00eda 15 vamos realizar un peque\u00f1o acto, donde vamos a tener tambi\u00e9n la participaci\u00f3n de diferentes entidades, se van a cantar villancicos, van a estar las orquestas municipales infantiles. Estamos en este periodo de organizaci\u00f3n para los 40 a\u00f1os del comercio en Ays\u00e9n\u201d, manifest\u00f3 el Alcalde, Julio Uribe.<\/p>\n<p style=\"text-align: justify;\">Para las representantes del Comercio porte\u00f1o, es muy importante poder preparar actividades con apoyo de la Municipalidad y de la autoridad comunal, tal como lo se\u00f1al\u00f3, Claudia Andrade, presidenta del gremio.<\/p>\n<p style=\"text-align: justify;\">\u201cAcabamos de salir de una reuni\u00f3n con el se\u00f1or Alcalde, estamos muy contentas, porque durante este mes de noviembre estamos cumpliendo cuarenta a\u00f1os desde que se cre\u00f3 la C\u00e1mara de Comercio ac\u00e1 en Ays\u00e9n, esto se hizo en el mes de noviembre del a\u00f1o 1983. A prop\u00f3sito de eso, estuvimos en conversaciones con el Alcalde para organizar alguna actividad bonita, estamos creando diferentes actividades para que la comunidad igual se sienta participe de esto. La verdad es que, venimos saliendo bastante contentos porque esta toda la voluntad y disposici\u00f3n del Municipio para apoyarnos en las actividades que queremos hacer\u201d.<\/p>\n<p style=\"text-align: justify;\">Claudia Andrade, cree que es importante tambi\u00e9n que todos los comerciantes se sumen a las actividades por el aniversario n\u00famero 40 de la C\u00e1mara de Comercio aysenina.<\/p>\n<p style=\"text-align: justify;\">\u201cHacemos tambi\u00e9n el llamado a todos esos socios que alguna vez participaron en la c\u00e1mara y quiz\u00e1s han estado un poco alejados de las actividades que se realizan en el gremio, as\u00ed es que, invitarlos porque como siempre digo, la uni\u00f3n hace la fuerza, si trabajamos todos en forma unida podemos hacer cosas grandes, podemos potenciar el comercio y el desarrollo de la comuna. Pero para eso, necesitamos que todos vayamos remando para el mismo lado\u201d.<\/p>\n<p style=\"text-align: justify;\">Encendido de luces navide\u00f1as en la calle principal de Puerto Ays\u00e9n y una ceremonia abierta a la comunidad, son parte de las actividades por los 40 a\u00f1os del comercio en la porte\u00f1a ciudad.<\/p>\n<\/div><\/section><\/div><div  style='height:50px' class='hr hr-invisible   avia-builder-el-6  el_after_av_one_full  el_before_av_social_share '><span class='hr-inner ' ><span class='hr-inner-style'><\/span><\/span><\/div><\/p>\n<div  class='av-social-sharing-box  avia-builder-el-7  el_after_av_hr  el_before_av_hr  '><div class='av-share-box'><h5 class='av-share-link-description av-no-toc '>Compartir esta noticia<\/h5><ul class='av-share-box-list noLightbox'><li class='av-share-link av-social-link-facebook' ><a target=\"_blank\" aria-label=\"Compartir en Facebook\" href='https:\/\/www.facebook.com\/sharer.php?u=https:\/\/radiorevelacionfm.cl\/?p=36695&#038;t=Coordinan%20actividades%20para%20celebrar%20los%2040%20a%C3%B1os%20de%20la%20C%C3%A1mara%20de%20Comercio%20de%20Ays%C3%A9n' aria-hidden='false' data-av_icon='\ue8f3' data-av_iconfont='entypo-fontello' title='' data-avia-related-tooltip='Compartir en Facebook' rel=\"noopener\"><span class='avia_hidden_link_text'>Compartir en Facebook<\/span><\/a><\/li><li class='av-share-link av-social-link-twitter' ><a target=\"_blank\" aria-label=\"Compartir en Twitter\" href='https:\/\/twitter.com\/share?text=Coordinan%20actividades%20para%20celebrar%20los%2040%20a%C3%B1os%20de%20la%20C%C3%A1mara%20de%20Comercio%20de%20Ays%C3%A9n&#038;url=https:\/\/radiorevelacionfm.cl\/?p=36695' aria-hidden='false' data-av_icon='\ue8f1' data-av_iconfont='entypo-fontello' title='' data-avia-related-tooltip='Compartir en Twitter' rel=\"noopener\"><span class='avia_hidden_link_text'>Compartir en Twitter<\/span><\/a><\/li><li class='av-share-link av-social-link-whatsapp' ><a target=\"_blank\" aria-label=\"Compartir en Whatsapp\" href='https:\/\/api.whatsapp.com\/send?text=https:\/\/radiorevelacionfm.cl\/?p=36695' aria-hidden='false' data-av_icon='\uf232' data-av_iconfont='entypo-fontello' title='' data-avia-related-tooltip='Compartir en Whatsapp' rel=\"noopener\"><span class='avia_hidden_link_text'>Compartir en Whatsapp<\/span><\/a><\/li><li class='av-share-link av-social-link-linkedin' ><a target=\"_blank\" aria-label=\"Compartir en LinkedIn\" href='https:\/\/linkedin.com\/shareArticle?mini=true&#038;title=Coordinan%20actividades%20para%20celebrar%20los%2040%20a%C3%B1os%20de%20la%20C%C3%A1mara%20de%20Comercio%20de%20Ays%C3%A9n&#038;url=https:\/\/radiorevelacionfm.cl\/?p=36695' aria-hidden='false' data-av_icon='\ue8fc' data-av_iconfont='entypo-fontello' title='' data-avia-related-tooltip='Compartir en LinkedIn' rel=\"noopener\"><span class='avia_hidden_link_text'>Compartir en LinkedIn<\/span><\/a><\/li><li class='av-share-link av-social-link-mail' ><a  aria-label=\"Compartir por correo\" href='mailto:?subject=Coordinan%20actividades%20para%20celebrar%20los%2040%20a%C3%B1os%20de%20la%20C%C3%A1mara%20de%20Comercio%20de%20Ays%C3%A9n&#038;body=https:\/\/radiorevelacionfm.cl\/?p=36695' aria-hidden='false' data-av_icon='\ue805' data-av_iconfont='entypo-fontello' title='' data-avia-related-tooltip='Compartir por correo'><span class='avia_hidden_link_text'>Compartir por correo<\/span><\/a><\/li><\/ul><\/div><\/div>\n<div  style='height:50px' class='hr hr-invisible   avia-builder-el-8  el_after_av_social_share  el_before_av_comments_list '><span class='hr-inner ' ><span class='hr-inner-style'><\/span><\/span><\/div>\n<div  class='av-buildercomment  av-blog-meta-html-info-disabled av-blog-meta-tag-disabled  '><\/div>\n","protected":false},"excerpt":{"rendered":"","protected":false},"author":1,"featured_media":36696,"comment_status":"open","ping_status":"open","sticky":false,"template":"","format":"standard","meta":{"footnotes":""},"categories":[45],"tags":[],"class_list":["post-36695","post","type-post","status-publish","format-standard","has-post-thumbnail","hentry","category-comercio"],"jetpack_featured_media_url":"https:\/\/radiorevelacionfm.cl\/wp-content\/uploads\/2023\/11\/reunion-comercio-2-1_optimized-1.jpg","_links":{"self":[{"href":"https:\/\/radiorevelacionfm.cl\/index.php?rest_route=\/wp\/v2\/posts\/36695","targetHints":{"allow":["GET"]}}],"collection":[{"href":"https:\/\/radiorevelacionfm.cl\/index.php?rest_route=\/wp\/v2\/posts"}],"about":[{"href":"https:\/\/radiorevelacionfm.cl\/index.php?rest_route=\/wp\/v2\/types\/post"}],"author":[{"embeddable":true,"href":"https:\/\/radiorevelacionfm.cl\/index.php?rest_route=\/wp\/v2\/users\/1"}],"replies":[{"embeddable":true,"href":"https:\/\/radiorevelacionfm.cl\/index.php?rest_route=%2Fwp%2Fv2%2Fcomments&post=36695"}],"version-history":[{"count":1,"href":"https:\/\/radiorevelacionfm.cl\/index.php?rest_route=\/wp\/v2\/posts\/36695\/revisions"}],"predecessor-version":[{"id":36697,"href":"https:\/\/radiorevelacionfm.cl\/index.php?rest_route=\/wp\/v2\/posts\/36695\/revisions\/36697"}],"wp:featuredmedia":[{"embeddable":true,"href":"https:\/\/radiorevelacionfm.cl\/index.php?rest_route=\/wp\/v2\/media\/36696"}],"wp:attachment":[{"href":"https:\/\/radiorevelacionfm.cl\/index.php?rest_route=%2Fwp%2Fv2%2Fmedia&parent=36695"}],"wp:term":[{"taxonomy":"category","embeddable":true,"href":"https:\/\/radiorevelacionfm.cl\/index.php?rest_route=%2Fwp%2Fv2%2Fcategories&post=36695"},{"taxonomy":"post_tag","embeddable":true,"href":"https:\/\/radiorevelacionfm.cl\/index.php?rest_route=%2Fwp%2Fv2%2Ftags&post=36695"}],"curies":[{"name":"wp","href":"https:\/\/api.w.org\/{rel}","templated":true}]}}