{"id":3668,"date":"2021-04-30T10:24:43","date_gmt":"2021-04-30T13:24:43","guid":{"rendered":"https:\/\/radiorevelacionfm.cl\/?p=3668"},"modified":"2021-04-30T10:24:43","modified_gmt":"2021-04-30T13:24:43","slug":"realizan-talleres-deportivos-y-de-actividad-fisica-con-ninos-y-ninas-de-mallin-grande-y-guadal","status":"publish","type":"post","link":"https:\/\/radiorevelacionfm.cl\/?p=3668","title":{"rendered":"Realizan talleres deportivos y de actividad f\u00edsica con ni\u00f1os y ni\u00f1as de Mall\u00edn Grande y Guadal"},"content":{"rendered":"<div class=\"flex_column av_one_full  flex_column_div av-zero-column-padding first  avia-builder-el-0  el_before_av_one_full  avia-builder-el-first  \" style='border-radius:0px; '><div  class='avia-image-container  av-styling-    avia-builder-el-1  avia-builder-el-no-sibling  avia-align-center '  itemprop=\"image\" itemscope=\"itemscope\" itemtype=\"https:\/\/schema.org\/ImageObject\"  ><div class='avia-image-container-inner'><div class='avia-image-overlay-wrap'><img decoding=\"async\" class='wp-image-0 avia-img-lazy-loading-not-0 avia_image' src=\"https:\/\/radiorevelacionfm.cl\/wp-content\/uploads\/2021\/04\/actividad-fisica-5_optimized.jpeg\" alt='' title=''   itemprop=\"thumbnailUrl\"  \/><\/div><\/div><\/div><\/div>\n<div class=\"flex_column av_one_full  flex_column_div av-zero-column-padding first  avia-builder-el-2  el_after_av_one_full  el_before_av_one_full  column-top-margin\" style='border-radius:0px; '><section class=\"av_textblock_section \"  itemscope=\"itemscope\" itemtype=\"https:\/\/schema.org\/BlogPosting\" itemprop=\"blogPost\" ><div class='avia_textblock  '   itemprop=\"text\" ><p style=\"text-align: center;\"><strong><span style=\"font-size: 18pt;\"> Realizan talleres deportivos y de actividad f\u00edsica con ni\u00f1os y ni\u00f1as de Mall\u00edn Grande y Guadal<\/span><\/strong><\/p>\n<div id=\"gtx-trans\" style=\"position: absolute; left: -50px; top: 4.31534px;\">\n<div class=\"gtx-trans-icon\"><\/div>\n<\/div>\n<\/div><\/section><\/div><div class=\"flex_column av_one_full  flex_column_div av-zero-column-padding first  avia-builder-el-4  el_after_av_one_full  el_before_av_hr  column-top-margin\" style='border-radius:0px; '><section class=\"av_textblock_section \"  itemscope=\"itemscope\" itemtype=\"https:\/\/schema.org\/BlogPosting\" itemprop=\"blogPost\" ><div class='avia_textblock  '   itemprop=\"text\" ><p style=\"text-align: justify;\">En mayo se llevar\u00e1 a cabo una linda actividad de trekking inclusivo para los estudiantes de Puerto Bertrand y donde podr\u00e1 participar una adolescente en condici\u00f3n de discapacidad.<\/p>\n<p style=\"text-align: justify;\">Solo entusiasmo, participaci\u00f3n y alegr\u00eda se pudo ver en cada uno de los ni\u00f1os y ni\u00f1as que estuvieron presentes en los talleres dictados por el \u00e1rea extraescolar del DAEM de la Municipalidad de Chile Chico, en las localidades de Mall\u00edn Grande y Puerto Guadal.<\/p>\n<p style=\"text-align: justify;\">Basquetbol a cargo de Nicol\u00e1s Arzarello, escalada con el monitor Andr\u00e9s Acu\u00f1a y futbol con Claudia \u201cChile Chico\u201d Soto, quienes contaron con la atenci\u00f3n y el inter\u00e9s de los participantes en ambas localidades. As\u00ed lo resalt\u00f3 el encargado del \u00e1rea extraescolar, profesor Jorge Pillancari.<\/p>\n<p style=\"text-align: justify;\">\u201cMuy contentos porque vinimos a desarrollar deporte y actividad f\u00edsica, donde lo fundamental de esta actividad es que los ni\u00f1os puedan tener un momento agradable, sacarlos del \u00e1rea curricular y puedan tener una jornada de actividad f\u00edsica y entrenamiento con los monitores, con los que trabajamos a trav\u00e9s del proyecto Puelche del \u00e1rea extraescolar. Uno de los objetivos de todo esto y cuando comenzamos esta iniciativa con el se\u00f1or Alcalde, siempre fue proyectar los deportes en el \u00e1rea educacional\u201d.<\/p>\n<p style=\"text-align: justify;\">La encargada del \u00e1rea pre escolar de la escuela Bernardo O&#8217;higgins de Puerto Guadal, Pamela Arriagada, puso en valor la actividad, ya que, los ni\u00f1os y ni\u00f1as compartieron con los monitores y realizaron sus preguntas, en particular con Claudia Soto.<\/p>\n<p style=\"text-align: justify;\">\u201cUna actividad muy hermosa, donde todos los estudiantes de nuestra escuela pudieron participar de una u otra forma en los talleres que se impartieron en esta jornada. En el caso de los m\u00e1s peque\u00f1os, Claudia Soto, se dio el tiempo de ir a conversar con los ni\u00f1os, ellos le hicieron sus preguntas y tambi\u00e9n pudieron jugar con ella\u201d.<\/p>\n<p style=\"text-align: justify;\">Cinthia Wellmann es madre de dos estudiantes de la escuela de Guadal y destac\u00f3 el desarrollo de la jornada deportiva, agradeciendo que llegue a los ni\u00f1os del interior de la comuna de Chile Chico.<\/p>\n<p style=\"text-align: justify;\">\u201cSoy la mam\u00e1 de Juan Pablo y Roberto, bueno a Roberto le encanta la escala y Juanito esta reci\u00e9n empezando. Encuentro que estas actividades son s\u00faper buenas para los ni\u00f1os, son s\u00faper recreativas, sobre todo ahora en pandemia que se hagan este tipo de cosas, se agradece mucho\u201d.<\/p>\n<p style=\"text-align: justify;\">En Mall\u00edn Grande, la estudiante de la escuela Tulio Burgos Rivera, Fernanda Tapia, se mostr\u00f3 feliz de haber participado en los talleres deportivos tanto de futbol como de basquetbol. \u201cFuimos al gimnasio y nos hicieron clases de futbol, basquetbol y escalada, donde la profesora Claudia nos ense\u00f1\u00f3 sobre el futbol, por ejemplo, como tirar bien la pelota. El t\u00edo Nicol\u00e1s, profesor de basquetbol nos ense\u00f1\u00f3 c\u00f3mo hacer pique, el pase de pique, el pase de pecho\u201d.<\/p>\n<p style=\"text-align: justify;\">La deportista nacional, Claudia \u201cChile Chico\u201d Soto, dijo que acept\u00f3 este desaf\u00edo porque la idea es transmitir sus conocimientos a los ni\u00f1os y ni\u00f1as de la comuna. \u201cCompartiendo con los ni\u00f1os y tambi\u00e9n estoy aprendiendo un poco, estuve conociendo la escuela (de Mall\u00edn Grande) con el profe y encantada de conocerlos a todos, poder aportar con un granito de arena con lo que hago yo que es el futbol\u201d.<\/p>\n<p style=\"text-align: justify;\">Para los primeros d\u00edas se mayo el \u00e1rea extraescolar de la Municipalidad de Chile Chico, espera realizar una linda actividad de trekking inclusivo para los estudiantes de Puerto Bertrand y donde podr\u00e1 participar una adolescente en condici\u00f3n de discapacidad.<\/p>\n<\/div><\/section><\/div><div  style='height:50px' class='hr hr-invisible   avia-builder-el-6  el_after_av_one_full  el_before_av_social_share '><span class='hr-inner ' ><span class='hr-inner-style'><\/span><\/span><\/div><\/p>\n<div  class='av-social-sharing-box  avia-builder-el-7  el_after_av_hr  el_before_av_hr  '><div class='av-share-box'><h5 class='av-share-link-description av-no-toc '>Compartir esta noticia<\/h5><ul class='av-share-box-list noLightbox'><li class='av-share-link av-social-link-facebook' ><a target=\"_blank\" aria-label=\"Compartir en Facebook\" href='https:\/\/www.facebook.com\/sharer.php?u=https:\/\/radiorevelacionfm.cl\/?p=3668&#038;t=Realizan%20talleres%20deportivos%20y%20de%20actividad%20f%C3%ADsica%20con%20ni%C3%B1os%20y%20ni%C3%B1as%20de%20Mall%C3%ADn%20Grande%20y%20Guadal' aria-hidden='false' data-av_icon='\ue8f3' data-av_iconfont='entypo-fontello' title='' data-avia-related-tooltip='Compartir en Facebook' rel=\"noopener\"><span class='avia_hidden_link_text'>Compartir en Facebook<\/span><\/a><\/li><li class='av-share-link av-social-link-twitter' ><a target=\"_blank\" aria-label=\"Compartir en Twitter\" href='https:\/\/twitter.com\/share?text=Realizan%20talleres%20deportivos%20y%20de%20actividad%20f%C3%ADsica%20con%20ni%C3%B1os%20y%20ni%C3%B1as%20de%20Mall%C3%ADn%20Grande%20y%20Guadal&#038;url=https:\/\/radiorevelacionfm.cl\/?p=3668' aria-hidden='false' data-av_icon='\ue8f1' data-av_iconfont='entypo-fontello' title='' data-avia-related-tooltip='Compartir en Twitter' rel=\"noopener\"><span class='avia_hidden_link_text'>Compartir en Twitter<\/span><\/a><\/li><li class='av-share-link av-social-link-whatsapp' ><a target=\"_blank\" aria-label=\"Compartir en Whatsapp\" href='https:\/\/api.whatsapp.com\/send?text=https:\/\/radiorevelacionfm.cl\/?p=3668' aria-hidden='false' data-av_icon='\uf232' data-av_iconfont='entypo-fontello' title='' data-avia-related-tooltip='Compartir en Whatsapp' rel=\"noopener\"><span class='avia_hidden_link_text'>Compartir en Whatsapp<\/span><\/a><\/li><li class='av-share-link av-social-link-linkedin' ><a target=\"_blank\" aria-label=\"Compartir en LinkedIn\" href='https:\/\/linkedin.com\/shareArticle?mini=true&#038;title=Realizan%20talleres%20deportivos%20y%20de%20actividad%20f%C3%ADsica%20con%20ni%C3%B1os%20y%20ni%C3%B1as%20de%20Mall%C3%ADn%20Grande%20y%20Guadal&#038;url=https:\/\/radiorevelacionfm.cl\/?p=3668' aria-hidden='false' data-av_icon='\ue8fc' data-av_iconfont='entypo-fontello' title='' data-avia-related-tooltip='Compartir en LinkedIn' rel=\"noopener\"><span class='avia_hidden_link_text'>Compartir en LinkedIn<\/span><\/a><\/li><li class='av-share-link av-social-link-mail' ><a  aria-label=\"Compartir por correo\" href='mailto:?subject=Realizan%20talleres%20deportivos%20y%20de%20actividad%20f%C3%ADsica%20con%20ni%C3%B1os%20y%20ni%C3%B1as%20de%20Mall%C3%ADn%20Grande%20y%20Guadal&#038;body=https:\/\/radiorevelacionfm.cl\/?p=3668' aria-hidden='false' data-av_icon='\ue805' data-av_iconfont='entypo-fontello' title='' data-avia-related-tooltip='Compartir por correo'><span class='avia_hidden_link_text'>Compartir por correo<\/span><\/a><\/li><\/ul><\/div><\/div>\n<div  style='height:50px' class='hr hr-invisible   avia-builder-el-8  el_after_av_social_share  el_before_av_comments_list '><span class='hr-inner ' ><span class='hr-inner-style'><\/span><\/span><\/div>\n<div  class='av-buildercomment  av-blog-meta-html-info-disabled av-blog-meta-tag-disabled  '><\/div>\n","protected":false},"excerpt":{"rendered":"","protected":false},"author":1,"featured_media":0,"comment_status":"open","ping_status":"open","sticky":false,"template":"","format":"standard","meta":{"footnotes":""},"categories":[40],"tags":[],"class_list":["post-3668","post","type-post","status-publish","format-standard","hentry","category-deportes"],"jetpack_featured_media_url":"","_links":{"self":[{"href":"https:\/\/radiorevelacionfm.cl\/index.php?rest_route=\/wp\/v2\/posts\/3668","targetHints":{"allow":["GET"]}}],"collection":[{"href":"https:\/\/radiorevelacionfm.cl\/index.php?rest_route=\/wp\/v2\/posts"}],"about":[{"href":"https:\/\/radiorevelacionfm.cl\/index.php?rest_route=\/wp\/v2\/types\/post"}],"author":[{"embeddable":true,"href":"https:\/\/radiorevelacionfm.cl\/index.php?rest_route=\/wp\/v2\/users\/1"}],"replies":[{"embeddable":true,"href":"https:\/\/radiorevelacionfm.cl\/index.php?rest_route=%2Fwp%2Fv2%2Fcomments&post=3668"}],"version-history":[{"count":2,"href":"https:\/\/radiorevelacionfm.cl\/index.php?rest_route=\/wp\/v2\/posts\/3668\/revisions"}],"predecessor-version":[{"id":3682,"href":"https:\/\/radiorevelacionfm.cl\/index.php?rest_route=\/wp\/v2\/posts\/3668\/revisions\/3682"}],"wp:attachment":[{"href":"https:\/\/radiorevelacionfm.cl\/index.php?rest_route=%2Fwp%2Fv2%2Fmedia&parent=3668"}],"wp:term":[{"taxonomy":"category","embeddable":true,"href":"https:\/\/radiorevelacionfm.cl\/index.php?rest_route=%2Fwp%2Fv2%2Fcategories&post=3668"},{"taxonomy":"post_tag","embeddable":true,"href":"https:\/\/radiorevelacionfm.cl\/index.php?rest_route=%2Fwp%2Fv2%2Ftags&post=3668"}],"curies":[{"name":"wp","href":"https:\/\/api.w.org\/{rel}","templated":true}]}}