{"id":36676,"date":"2023-11-10T13:30:32","date_gmt":"2023-11-10T16:30:32","guid":{"rendered":"https:\/\/radiorevelacionfm.cl\/?p=36676"},"modified":"2023-11-10T13:30:32","modified_gmt":"2023-11-10T16:30:32","slug":"carabineros-de-os-7-50-anos-de-investigacion-y-prevencion-del-consumo-de-drogas-en-chile","status":"publish","type":"post","link":"https:\/\/radiorevelacionfm.cl\/?p=36676","title":{"rendered":"Carabineros de OS-7: 50 a\u00f1os de investigaci\u00f3n y prevenci\u00f3n del consumo de drogas en Chile"},"content":{"rendered":"<div class=\"flex_column av_one_full  flex_column_div av-zero-column-padding first  avia-builder-el-0  el_before_av_one_full  avia-builder-el-first  \" style='border-radius:0px; '><div  class='avia-image-container  av-styling-    avia-builder-el-1  avia-builder-el-no-sibling  avia-align-center '  itemprop=\"image\" itemscope=\"itemscope\" itemtype=\"https:\/\/schema.org\/ImageObject\"  ><div class='avia-image-container-inner'><div class='avia-image-overlay-wrap'><img decoding=\"async\" class='wp-image-36677 avia-img-lazy-loading-not-36677 avia_image' src=\"https:\/\/radiorevelacionfm.cl\/wp-content\/uploads\/2023\/11\/92d2eac7-6cf7-4423-9d50-f384283df678-1-1_optimized-1.jpg\" alt='' title='92d2eac7-6cf7-4423-9d50-f384283df678-(1)-(1)_optimized (1)' height=\"600\" width=\"1284\"  itemprop=\"thumbnailUrl\" srcset=\"https:\/\/radiorevelacionfm.cl\/wp-content\/uploads\/2023\/11\/92d2eac7-6cf7-4423-9d50-f384283df678-1-1_optimized-1.jpg 1284w, https:\/\/radiorevelacionfm.cl\/wp-content\/uploads\/2023\/11\/92d2eac7-6cf7-4423-9d50-f384283df678-1-1_optimized-1-300x140.jpg 300w, https:\/\/radiorevelacionfm.cl\/wp-content\/uploads\/2023\/11\/92d2eac7-6cf7-4423-9d50-f384283df678-1-1_optimized-1-1030x481.jpg 1030w, https:\/\/radiorevelacionfm.cl\/wp-content\/uploads\/2023\/11\/92d2eac7-6cf7-4423-9d50-f384283df678-1-1_optimized-1-768x359.jpg 768w, https:\/\/radiorevelacionfm.cl\/wp-content\/uploads\/2023\/11\/92d2eac7-6cf7-4423-9d50-f384283df678-1-1_optimized-1-705x329.jpg 705w, https:\/\/radiorevelacionfm.cl\/wp-content\/uploads\/2023\/11\/92d2eac7-6cf7-4423-9d50-f384283df678-1-1_optimized-1-450x210.jpg 450w, https:\/\/radiorevelacionfm.cl\/wp-content\/uploads\/2023\/11\/92d2eac7-6cf7-4423-9d50-f384283df678-1-1_optimized-1-600x280.jpg 600w\" sizes=\"(max-width: 1284px) 100vw, 1284px\" \/><\/div><\/div><\/div><\/div><div class=\"flex_column av_one_full  flex_column_div av-zero-column-padding first  avia-builder-el-2  el_after_av_one_full  el_before_av_one_full  column-top-margin\" style='border-radius:0px; '><section class=\"av_textblock_section \"  itemscope=\"itemscope\" itemtype=\"https:\/\/schema.org\/BlogPosting\" itemprop=\"blogPost\" ><div class='avia_textblock  '   itemprop=\"text\" ><p style=\"text-align: center;\"><strong><span style=\"font-size: 18pt;\">Carabineros de OS-7: 50 a\u00f1os de investigaci\u00f3n y prevenci\u00f3n del consumo de drogas en Chile<\/span><\/strong><\/p>\n<div id=\"gtx-trans\" style=\"position: absolute; left: -50px; top: 4.31534px;\">\n<div class=\"gtx-trans-icon\"><\/div>\n<\/div>\n<\/div><\/section><\/div><div class=\"flex_column av_one_full  flex_column_div av-zero-column-padding first  avia-builder-el-4  el_after_av_one_full  el_before_av_hr  column-top-margin\" style='border-radius:0px; '><section class=\"av_textblock_section \"  itemscope=\"itemscope\" itemtype=\"https:\/\/schema.org\/BlogPosting\" itemprop=\"blogPost\" ><div class='avia_textblock  '   itemprop=\"text\" ><div>\n<p style=\"text-align: justify;\">El trabajo de esta unidad especializada ha sido reconocido por la DEA y la ONU, convirtiendo a nuestro pa\u00eds en un referente para otras naciones latinoamericanas en el combate de este delito.<\/p>\n<p style=\"text-align: justify;\">En Ays\u00e9n, desde enero a la fecha, 191 personas han sido detenidas por infracci\u00f3n a la Ley 20.000, siendo decomisados 14 kilos de drogas.<\/p>\n<p style=\"text-align: justify;\">Una de las problem\u00e1ticas m\u00e1s gravosas que debe enfrentar una familia, es ser azotados por el flagelo de las drogas y los efectos que esto conlleva tanto la persona, su entorno y la sociedad en su conjunto. Conscientes de ello, Carabineros de Chile el 8 de noviembre de 1973 cre\u00f3 el OS-7 como un \u00e1rea especializada en el combate al tr\u00e1fico de sustancias il\u00edcitas.<\/p>\n<p style=\"text-align: justify;\">Integrada por personal altamente especializado,\u00a0esta Secci\u00f3n constituye\u00a0un organismo de car\u00e1cter t\u00e9cnico,\u00a0operativo y de inteligencia antidrogas\u00a0\u2013con presencia a nivel nacional- dependiente de\u00a0la Direcci\u00f3n\u00a0de\u00a0Control de Drogas e Investigaci\u00f3n Criminal y tiene por\u00a0misi\u00f3n identificar personas, grupos u organizaciones criminales asociadas al tr\u00e1fico de drogas en todas sus formas, delitos conexos y lavado de activos con la finalidad de prevenir, controlar y\/o disminuir esta actividad criminal en todo el territorio nacional\u00a0a trav\u00e9s de investigaciones e inteligencias antidrogas, operaciones policiales y servicios espec\u00edficos, de acuerdo al ordenamiento jur\u00eddico.<\/p>\n<p style=\"text-align: justify;\"><strong>Drogas como nueva \u00e1rea de trabajo<\/strong><\/p>\n<p style=\"text-align: justify;\">Hacia fines de la d\u00e9cada del 60 y principios de los 70, Chile aparec\u00eda en el contexto internacional como un lugar de procesamiento de coca\u00edna, sumado a la existencia de laboratorios en diversos puntos del pa\u00eds y asentamiento de organizaciones dedicadas a esta actividad il\u00edcita, transformando el territorio en un corredor de droga hacia Estados Unidos.<\/p>\n<p style=\"text-align: justify;\">A fines de 1973, Washington solicit\u00f3 a Chile la extradici\u00f3n de ciertos traficantes que se encontraban radicados en nuestro pa\u00eds, petici\u00f3n a la que accedi\u00f3 la Corte Suprema, siendo encomendada a Carabineros la ubicaci\u00f3n y detenci\u00f3n de aproximadamente veinte personas dedicadas a esta actividad il\u00edcita.<\/p>\n<p style=\"text-align: justify;\">Hasta aquel entonces, el tema drogas no formaba parte de las \u00e1reas de trabajo de Carabineros, motivo por el cual el Mando de la \u00e9poca resolvi\u00f3 crear el 8 de noviembre de 1973 la S\u00e9ptima Secci\u00f3n Investigaciones Especiales (OS-7) del Departamento de Orden y Seguridad con jurisdicci\u00f3n nacional.<\/p>\n<p style=\"text-align: justify;\">En sus primeros a\u00f1os, el OS-7 se dedic\u00f3 a\u00a0desarticular\u00a0organizaciones il\u00edcitas, sumado a la b\u00fasqueda y detenci\u00f3n de traficantes que se hab\u00edan\u00a0asentado\u00a0en nuestro pa\u00eds.<\/p>\n<p style=\"text-align: justify;\"><strong>Reconocimiento\u00a0internacional<\/strong><\/p>\n<p style=\"text-align: justify;\">Hacia 1975, el trabajo silencioso realizado por esta Secci\u00f3n, permiti\u00f3 reducir de manera significativa el delito de tr\u00e1fico, logro que fue reconocido por el Drug Enforcement Administration (DEA) de Estados Unidos que brind\u00f3 el apoyo a Carabineros \u2013a trav\u00e9s del OS-7- en su lucha contra el narcotr\u00e1fico y la corrupci\u00f3n, en tanto que el personal inici\u00f3 su capacitaci\u00f3n internacional en la materia.<\/p>\n<p style=\"text-align: justify;\">En este sentido, la Organizaci\u00f3n de las Naciones Unidas (ONU) reconoci\u00f3\u00a0a Chile\u00a0en 1976\u00a0por su eficiencia en la lucha contra las drogas, involucrando directamente a Carabineros de Chile.<\/p>\n<p style=\"text-align: justify;\"><strong>Trabajo en la regi\u00f3n<\/strong><\/p>\n<p style=\"text-align: justify;\">Consciente de los desaf\u00edos planteados y de la funci\u00f3n que debe asumir frente a la comunidad de la XI Zona, Carabineros cre\u00f3 el 20 de diciembre de 2002, la Secci\u00f3n OS-7 Ays\u00e9n, con asiento en la ciudad de Coyhaique, cuyo sector de operaciones es la jurisdicci\u00f3n de la XI Regi\u00f3n del General Carlos Ib\u00e1\u00f1ez del Campo.<\/p>\n<p style=\"text-align: justify;\">Apoyados por los canes detectores de droga Gazu y Dala, los agentes especializados, realizan controles en puntos de acceso a la regi\u00f3n como rutas, puertos, aeropuerto y pasos fronterizos, sumado al desarrollo de investigaciones propias de la especialidad.<\/p>\n<p style=\"text-align: justify;\">Desde el mes de enero al 29 de octubre carabineros ha detenido a 4.096\u00a0personas por diversos delitos en la regi\u00f3n de Ays\u00e9n, de los cuales 195\u00a0son por infracci\u00f3n a la ley de drogas donde el 36% registra detenciones previas por parte de Carabineros, siendo decomisado y sacados de circulaci\u00f3n\u00a0m\u00e1s de\u00a014 kilos de drogas, de los cuales 29,9 grs corresponden a pasta base de coca\u00edna,\u00a027 hongos alucin\u00f3genos, 44 unidades de \u00e9xtasis y 80 plantas de marihuana, entre otras.<\/p>\n<p style=\"text-align: justify;\">En estos 50 a\u00f1os, renovamos como equipo especializado nuestro compromiso con la comunidad de nuestra regi\u00f3n, desarrollando investigaciones que permitan entregar tranquilidad a nuestra sociedad.<\/p>\n<p style=\"text-align: justify;\">\n<\/div>\n<div style=\"text-align: justify;\"><\/div>\n<\/div><\/section><\/div><div  style='height:50px' class='hr hr-invisible   avia-builder-el-6  el_after_av_one_full  el_before_av_social_share '><span class='hr-inner ' ><span class='hr-inner-style'><\/span><\/span><\/div><\/p>\n<div  class='av-social-sharing-box  avia-builder-el-7  el_after_av_hr  el_before_av_hr  '><div class='av-share-box'><h5 class='av-share-link-description av-no-toc '>Compartir esta noticia<\/h5><ul class='av-share-box-list noLightbox'><li class='av-share-link av-social-link-facebook' ><a target=\"_blank\" aria-label=\"Compartir en Facebook\" href='https:\/\/www.facebook.com\/sharer.php?u=https:\/\/radiorevelacionfm.cl\/?p=36676&#038;t=Carabineros%20de%20OS-7%3A%2050%20a%C3%B1os%20de%20investigaci%C3%B3n%20y%20prevenci%C3%B3n%20del%20consumo%20de%20drogas%20en%20Chile' aria-hidden='false' data-av_icon='\ue8f3' data-av_iconfont='entypo-fontello' title='' data-avia-related-tooltip='Compartir en Facebook' rel=\"noopener\"><span class='avia_hidden_link_text'>Compartir en Facebook<\/span><\/a><\/li><li class='av-share-link av-social-link-twitter' ><a target=\"_blank\" aria-label=\"Compartir en Twitter\" href='https:\/\/twitter.com\/share?text=Carabineros%20de%20OS-7%3A%2050%20a%C3%B1os%20de%20investigaci%C3%B3n%20y%20prevenci%C3%B3n%20del%20consumo%20de%20drogas%20en%20Chile&#038;url=https:\/\/radiorevelacionfm.cl\/?p=36676' aria-hidden='false' data-av_icon='\ue8f1' data-av_iconfont='entypo-fontello' title='' data-avia-related-tooltip='Compartir en Twitter' rel=\"noopener\"><span class='avia_hidden_link_text'>Compartir en Twitter<\/span><\/a><\/li><li class='av-share-link av-social-link-whatsapp' ><a target=\"_blank\" aria-label=\"Compartir en Whatsapp\" href='https:\/\/api.whatsapp.com\/send?text=https:\/\/radiorevelacionfm.cl\/?p=36676' aria-hidden='false' data-av_icon='\uf232' data-av_iconfont='entypo-fontello' title='' data-avia-related-tooltip='Compartir en Whatsapp' rel=\"noopener\"><span class='avia_hidden_link_text'>Compartir en Whatsapp<\/span><\/a><\/li><li class='av-share-link av-social-link-linkedin' ><a target=\"_blank\" aria-label=\"Compartir en LinkedIn\" href='https:\/\/linkedin.com\/shareArticle?mini=true&#038;title=Carabineros%20de%20OS-7%3A%2050%20a%C3%B1os%20de%20investigaci%C3%B3n%20y%20prevenci%C3%B3n%20del%20consumo%20de%20drogas%20en%20Chile&#038;url=https:\/\/radiorevelacionfm.cl\/?p=36676' aria-hidden='false' data-av_icon='\ue8fc' data-av_iconfont='entypo-fontello' title='' data-avia-related-tooltip='Compartir en LinkedIn' rel=\"noopener\"><span class='avia_hidden_link_text'>Compartir en LinkedIn<\/span><\/a><\/li><li class='av-share-link av-social-link-mail' ><a  aria-label=\"Compartir por correo\" href='mailto:?subject=Carabineros%20de%20OS-7%3A%2050%20a%C3%B1os%20de%20investigaci%C3%B3n%20y%20prevenci%C3%B3n%20del%20consumo%20de%20drogas%20en%20Chile&#038;body=https:\/\/radiorevelacionfm.cl\/?p=36676' aria-hidden='false' data-av_icon='\ue805' data-av_iconfont='entypo-fontello' title='' data-avia-related-tooltip='Compartir por correo'><span class='avia_hidden_link_text'>Compartir por correo<\/span><\/a><\/li><\/ul><\/div><\/div>\n<div  style='height:50px' class='hr hr-invisible   avia-builder-el-8  el_after_av_social_share  el_before_av_comments_list '><span class='hr-inner ' ><span class='hr-inner-style'><\/span><\/span><\/div>\n<div  class='av-buildercomment  av-blog-meta-html-info-disabled av-blog-meta-tag-disabled  '><\/div>\n","protected":false},"excerpt":{"rendered":"","protected":false},"author":1,"featured_media":36677,"comment_status":"open","ping_status":"open","sticky":false,"template":"","format":"standard","meta":{"footnotes":""},"categories":[36],"tags":[],"class_list":["post-36676","post","type-post","status-publish","format-standard","has-post-thumbnail","hentry","category-policial"],"jetpack_featured_media_url":"https:\/\/radiorevelacionfm.cl\/wp-content\/uploads\/2023\/11\/92d2eac7-6cf7-4423-9d50-f384283df678-1-1_optimized-1.jpg","_links":{"self":[{"href":"https:\/\/radiorevelacionfm.cl\/index.php?rest_route=\/wp\/v2\/posts\/36676","targetHints":{"allow":["GET"]}}],"collection":[{"href":"https:\/\/radiorevelacionfm.cl\/index.php?rest_route=\/wp\/v2\/posts"}],"about":[{"href":"https:\/\/radiorevelacionfm.cl\/index.php?rest_route=\/wp\/v2\/types\/post"}],"author":[{"embeddable":true,"href":"https:\/\/radiorevelacionfm.cl\/index.php?rest_route=\/wp\/v2\/users\/1"}],"replies":[{"embeddable":true,"href":"https:\/\/radiorevelacionfm.cl\/index.php?rest_route=%2Fwp%2Fv2%2Fcomments&post=36676"}],"version-history":[{"count":1,"href":"https:\/\/radiorevelacionfm.cl\/index.php?rest_route=\/wp\/v2\/posts\/36676\/revisions"}],"predecessor-version":[{"id":36678,"href":"https:\/\/radiorevelacionfm.cl\/index.php?rest_route=\/wp\/v2\/posts\/36676\/revisions\/36678"}],"wp:featuredmedia":[{"embeddable":true,"href":"https:\/\/radiorevelacionfm.cl\/index.php?rest_route=\/wp\/v2\/media\/36677"}],"wp:attachment":[{"href":"https:\/\/radiorevelacionfm.cl\/index.php?rest_route=%2Fwp%2Fv2%2Fmedia&parent=36676"}],"wp:term":[{"taxonomy":"category","embeddable":true,"href":"https:\/\/radiorevelacionfm.cl\/index.php?rest_route=%2Fwp%2Fv2%2Fcategories&post=36676"},{"taxonomy":"post_tag","embeddable":true,"href":"https:\/\/radiorevelacionfm.cl\/index.php?rest_route=%2Fwp%2Fv2%2Ftags&post=36676"}],"curies":[{"name":"wp","href":"https:\/\/api.w.org\/{rel}","templated":true}]}}