{"id":36673,"date":"2023-11-08T11:33:08","date_gmt":"2023-11-08T14:33:08","guid":{"rendered":"https:\/\/radiorevelacionfm.cl\/?p=36673"},"modified":"2023-11-08T11:33:08","modified_gmt":"2023-11-08T14:33:08","slug":"operativo-de-otorrinolaringologia-reduce-lista-de-espera-en-coyhaique-y-aysen","status":"publish","type":"post","link":"https:\/\/radiorevelacionfm.cl\/?p=36673","title":{"rendered":"Operativo de otorrinolaringolog\u00eda reduce lista de espera en Coyhaique y Ays\u00e9n"},"content":{"rendered":"<div class=\"flex_column av_one_full  flex_column_div av-zero-column-padding first  avia-builder-el-0  el_before_av_one_full  avia-builder-el-first  \" style='border-radius:0px; '><div  class='avia-image-container  av-styling-    avia-builder-el-1  avia-builder-el-no-sibling  avia-align-center '  itemprop=\"image\" itemscope=\"itemscope\" itemtype=\"https:\/\/schema.org\/ImageObject\"  ><div class='avia-image-container-inner'><div class='avia-image-overlay-wrap'><img decoding=\"async\" class='wp-image-36674 avia-img-lazy-loading-not-36674 avia_image' src=\"https:\/\/radiorevelacionfm.cl\/wp-content\/uploads\/2023\/11\/OPERATIVO-OTORRINO-3-1-1.jpeg\" alt='' title='OPERATIVO OTORRINO (3) (1) (1)' height=\"600\" width=\"800\"  itemprop=\"thumbnailUrl\" srcset=\"https:\/\/radiorevelacionfm.cl\/wp-content\/uploads\/2023\/11\/OPERATIVO-OTORRINO-3-1-1.jpeg 800w, https:\/\/radiorevelacionfm.cl\/wp-content\/uploads\/2023\/11\/OPERATIVO-OTORRINO-3-1-1-300x225.jpeg 300w, https:\/\/radiorevelacionfm.cl\/wp-content\/uploads\/2023\/11\/OPERATIVO-OTORRINO-3-1-1-768x576.jpeg 768w, https:\/\/radiorevelacionfm.cl\/wp-content\/uploads\/2023\/11\/OPERATIVO-OTORRINO-3-1-1-705x529.jpeg 705w, https:\/\/radiorevelacionfm.cl\/wp-content\/uploads\/2023\/11\/OPERATIVO-OTORRINO-3-1-1-450x338.jpeg 450w, https:\/\/radiorevelacionfm.cl\/wp-content\/uploads\/2023\/11\/OPERATIVO-OTORRINO-3-1-1-600x450.jpeg 600w\" sizes=\"(max-width: 800px) 100vw, 800px\" \/><\/div><\/div><\/div><\/div><div class=\"flex_column av_one_full  flex_column_div av-zero-column-padding first  avia-builder-el-2  el_after_av_one_full  el_before_av_one_full  column-top-margin\" style='border-radius:0px; '><section class=\"av_textblock_section \"  itemscope=\"itemscope\" itemtype=\"https:\/\/schema.org\/BlogPosting\" itemprop=\"blogPost\" ><div class='avia_textblock  '   itemprop=\"text\" ><p style=\"text-align: center;\"><span style=\"font-size: 18pt;\"><b>Operativo de otorrinolaringolog\u00eda reduce lista de espera en Coyhaique y Ays\u00e9n<\/b><\/span><\/p>\n<div id=\"gtx-trans\" style=\"position: absolute; left: -50px; top: 4.31534px;\">\n<div class=\"gtx-trans-icon\"><\/div>\n<\/div>\n<\/div><\/section><\/div><div class=\"flex_column av_one_full  flex_column_div av-zero-column-padding first  avia-builder-el-4  el_after_av_one_full  el_before_av_hr  column-top-margin\" style='border-radius:0px; '><section class=\"av_textblock_section \"  itemscope=\"itemscope\" itemtype=\"https:\/\/schema.org\/BlogPosting\" itemprop=\"blogPost\" ><div class='avia_textblock  '   itemprop=\"text\" ><p style=\"text-align: justify;\">Alrededor de 300 pacientes fueron atendidos en los consultorios de Puerto Ays\u00e9n y Alejandro Guti\u00e9rrez de Coyhaique, a trav\u00e9s del operativo de otorrinolaringolog\u00eda, coordinado por el Programa de Resolutividad del Servicio de Salud Ays\u00e9n, con especialistas de la Caja de Previsi\u00f3n de la Defensa Nacional (Capredena).<\/p>\n<p style=\"text-align: justify;\">\u201cLa experiencia fue muy buena, el doctor tuvo una excelente atenci\u00f3n, tengo que resaltar que no es solamente para la c\u00e1mara, realmente fue as\u00ed, la atenci\u00f3n muy buena, la disposici\u00f3n de la audiometr\u00eda espectacular, porque permiti\u00f3 una evaluaci\u00f3n m\u00e1s amplia y una resolutividad en mi caso particular\u201d, dijo Santiago S\u00e1nchez, usuario atendido en el CESFAM Alejandro Guti\u00e9rrez.<\/p>\n<p style=\"text-align: justify;\">Esta iniciativa busca cumplir los compromisos pactados por el Gobierno del presidente Gabriel Boric, en t\u00e9rminos de disminuir los tiempos de espera y fortalecer la Atenci\u00f3n Primaria en la regi\u00f3n de Ays\u00e9n.<\/p>\n<p style=\"text-align: justify;\">\u201cEstuvimos en terreno viendo c\u00f3mo funcion\u00f3 el operativo, agradecer a Capredena por el operativo que g\u00e9nero m\u00e1s 300 cupos para la localidad de Coyhaique y Ays\u00e9n, felices por la buena acogida de las usuarias y usuarios, la inasistencia fue casi nula y eso nos pone muy contentos. La idea es seguir con estos operativos recurrentes, dale m\u00e1s resolutividad a nuestros pacientes y acercar la salud a la comunidad\u201d, manifest\u00f3 Juan Pablo Bravo Quintana, director del Servicio de Salud Ays\u00e9n.<\/p>\n<p style=\"text-align: justify;\">Los usuarios y usuarias que recibieron la atenci\u00f3n del especialista se encontraban en lista de espera por consulta nueva de especialidad y procedimientos.<\/p>\n<p style=\"text-align: justify;\">\u201cQu\u00e9 bueno que se est\u00e9n realizando este tipo de operativos para uno que a veces no tiene los recursos para ir a un otorrino particular\u201d, coment\u00f3, Sandra Gallardo, usuaria atendida en el CESFAM Alejandro Guti\u00e9rrez.<\/p>\n<p style=\"text-align: justify;\">Para el desarrollo del operativo en ambas comunas, se cont\u00f3 con un otorrinolaring\u00f3logo y dos tecn\u00f3logas m\u00e9dicas de la especialidad, funcionarias y funcionarios que estuvieron atendiendo desde el 2 hasta el 5 de noviembre en ambos centros de salud de la Red Asistencial.<\/p>\n<p style=\"text-align: justify;\">\u201cDe esta manera estamos dando cumplimientos a una de las principales estrategias y lineamientos del Gobierno y de nuestro presidente Gabriel Boric, de avanzar de manera importante en los tiempos de esperas, pero tambi\u00e9n con pertinencia territorial\u201d, concluy\u00f3 Carmen Gloria Monsalve G\u00f3mez, Seremi de Salud Ays\u00e9n.<\/p>\n<\/div><\/section><\/div><div  style='height:50px' class='hr hr-invisible   avia-builder-el-6  el_after_av_one_full  el_before_av_social_share '><span class='hr-inner ' ><span class='hr-inner-style'><\/span><\/span><\/div><\/p>\n<div  class='av-social-sharing-box  avia-builder-el-7  el_after_av_hr  el_before_av_hr  '><div class='av-share-box'><h5 class='av-share-link-description av-no-toc '>Compartir esta noticia<\/h5><ul class='av-share-box-list noLightbox'><li class='av-share-link av-social-link-facebook' ><a target=\"_blank\" aria-label=\"Compartir en Facebook\" href='https:\/\/www.facebook.com\/sharer.php?u=https:\/\/radiorevelacionfm.cl\/?p=36673&#038;t=Operativo%20de%20otorrinolaringolog%C3%ADa%20reduce%20lista%20de%20espera%20en%20Coyhaique%20y%20Ays%C3%A9n' aria-hidden='false' data-av_icon='\ue8f3' data-av_iconfont='entypo-fontello' title='' data-avia-related-tooltip='Compartir en Facebook' rel=\"noopener\"><span class='avia_hidden_link_text'>Compartir en Facebook<\/span><\/a><\/li><li class='av-share-link av-social-link-twitter' ><a target=\"_blank\" aria-label=\"Compartir en Twitter\" href='https:\/\/twitter.com\/share?text=Operativo%20de%20otorrinolaringolog%C3%ADa%20reduce%20lista%20de%20espera%20en%20Coyhaique%20y%20Ays%C3%A9n&#038;url=https:\/\/radiorevelacionfm.cl\/?p=36673' aria-hidden='false' data-av_icon='\ue8f1' data-av_iconfont='entypo-fontello' title='' data-avia-related-tooltip='Compartir en Twitter' rel=\"noopener\"><span class='avia_hidden_link_text'>Compartir en Twitter<\/span><\/a><\/li><li class='av-share-link av-social-link-whatsapp' ><a target=\"_blank\" aria-label=\"Compartir en Whatsapp\" href='https:\/\/api.whatsapp.com\/send?text=https:\/\/radiorevelacionfm.cl\/?p=36673' aria-hidden='false' data-av_icon='\uf232' data-av_iconfont='entypo-fontello' title='' data-avia-related-tooltip='Compartir en Whatsapp' rel=\"noopener\"><span class='avia_hidden_link_text'>Compartir en Whatsapp<\/span><\/a><\/li><li class='av-share-link av-social-link-linkedin' ><a target=\"_blank\" aria-label=\"Compartir en LinkedIn\" href='https:\/\/linkedin.com\/shareArticle?mini=true&#038;title=Operativo%20de%20otorrinolaringolog%C3%ADa%20reduce%20lista%20de%20espera%20en%20Coyhaique%20y%20Ays%C3%A9n&#038;url=https:\/\/radiorevelacionfm.cl\/?p=36673' aria-hidden='false' data-av_icon='\ue8fc' data-av_iconfont='entypo-fontello' title='' data-avia-related-tooltip='Compartir en LinkedIn' rel=\"noopener\"><span class='avia_hidden_link_text'>Compartir en LinkedIn<\/span><\/a><\/li><li class='av-share-link av-social-link-mail' ><a  aria-label=\"Compartir por correo\" href='mailto:?subject=Operativo%20de%20otorrinolaringolog%C3%ADa%20reduce%20lista%20de%20espera%20en%20Coyhaique%20y%20Ays%C3%A9n&#038;body=https:\/\/radiorevelacionfm.cl\/?p=36673' aria-hidden='false' data-av_icon='\ue805' data-av_iconfont='entypo-fontello' title='' data-avia-related-tooltip='Compartir por correo'><span class='avia_hidden_link_text'>Compartir por correo<\/span><\/a><\/li><\/ul><\/div><\/div>\n<div  style='height:50px' class='hr hr-invisible   avia-builder-el-8  el_after_av_social_share  el_before_av_comments_list '><span class='hr-inner ' ><span class='hr-inner-style'><\/span><\/span><\/div>\n<div  class='av-buildercomment  av-blog-meta-html-info-disabled av-blog-meta-tag-disabled  '><\/div>\n","protected":false},"excerpt":{"rendered":"","protected":false},"author":1,"featured_media":36674,"comment_status":"open","ping_status":"open","sticky":false,"template":"","format":"standard","meta":{"footnotes":""},"categories":[46],"tags":[],"class_list":["post-36673","post","type-post","status-publish","format-standard","has-post-thumbnail","hentry","category-salud"],"jetpack_featured_media_url":"https:\/\/radiorevelacionfm.cl\/wp-content\/uploads\/2023\/11\/OPERATIVO-OTORRINO-3-1-1.jpeg","_links":{"self":[{"href":"https:\/\/radiorevelacionfm.cl\/index.php?rest_route=\/wp\/v2\/posts\/36673","targetHints":{"allow":["GET"]}}],"collection":[{"href":"https:\/\/radiorevelacionfm.cl\/index.php?rest_route=\/wp\/v2\/posts"}],"about":[{"href":"https:\/\/radiorevelacionfm.cl\/index.php?rest_route=\/wp\/v2\/types\/post"}],"author":[{"embeddable":true,"href":"https:\/\/radiorevelacionfm.cl\/index.php?rest_route=\/wp\/v2\/users\/1"}],"replies":[{"embeddable":true,"href":"https:\/\/radiorevelacionfm.cl\/index.php?rest_route=%2Fwp%2Fv2%2Fcomments&post=36673"}],"version-history":[{"count":1,"href":"https:\/\/radiorevelacionfm.cl\/index.php?rest_route=\/wp\/v2\/posts\/36673\/revisions"}],"predecessor-version":[{"id":36675,"href":"https:\/\/radiorevelacionfm.cl\/index.php?rest_route=\/wp\/v2\/posts\/36673\/revisions\/36675"}],"wp:featuredmedia":[{"embeddable":true,"href":"https:\/\/radiorevelacionfm.cl\/index.php?rest_route=\/wp\/v2\/media\/36674"}],"wp:attachment":[{"href":"https:\/\/radiorevelacionfm.cl\/index.php?rest_route=%2Fwp%2Fv2%2Fmedia&parent=36673"}],"wp:term":[{"taxonomy":"category","embeddable":true,"href":"https:\/\/radiorevelacionfm.cl\/index.php?rest_route=%2Fwp%2Fv2%2Fcategories&post=36673"},{"taxonomy":"post_tag","embeddable":true,"href":"https:\/\/radiorevelacionfm.cl\/index.php?rest_route=%2Fwp%2Fv2%2Ftags&post=36673"}],"curies":[{"name":"wp","href":"https:\/\/api.w.org\/{rel}","templated":true}]}}