{"id":36670,"date":"2023-11-07T20:00:06","date_gmt":"2023-11-07T23:00:06","guid":{"rendered":"https:\/\/radiorevelacionfm.cl\/?p=36670"},"modified":"2023-11-07T20:00:06","modified_gmt":"2023-11-07T23:00:06","slug":"carabineros-cede-terreno-en-villa-ohiggins-para-construccion-de-30-viviendas-de-comite-villa-austral","status":"publish","type":"post","link":"https:\/\/radiorevelacionfm.cl\/?p=36670","title":{"rendered":"Carabineros cede terreno en Villa O\u00b4Higgins para construcci\u00f3n de 30 viviendas de comit\u00e9 Villa Austral"},"content":{"rendered":"<div class=\"flex_column av_one_full  flex_column_div av-zero-column-padding first  avia-builder-el-0  el_before_av_one_full  avia-builder-el-first  \" style='border-radius:0px; '><div  class='avia-image-container  av-styling-    avia-builder-el-1  avia-builder-el-no-sibling  avia-align-center '  itemprop=\"image\" itemscope=\"itemscope\" itemtype=\"https:\/\/schema.org\/ImageObject\"  ><div class='avia-image-container-inner'><div class='avia-image-overlay-wrap'><img decoding=\"async\" class='wp-image-36671 avia-img-lazy-loading-not-36671 avia_image' src=\"https:\/\/radiorevelacionfm.cl\/wp-content\/uploads\/2023\/11\/img_5353-1_optimized-1.jpg\" alt='' title='img_5353-(1)_optimized (1)' height=\"600\" width=\"933\"  itemprop=\"thumbnailUrl\" srcset=\"https:\/\/radiorevelacionfm.cl\/wp-content\/uploads\/2023\/11\/img_5353-1_optimized-1.jpg 933w, https:\/\/radiorevelacionfm.cl\/wp-content\/uploads\/2023\/11\/img_5353-1_optimized-1-300x193.jpg 300w, https:\/\/radiorevelacionfm.cl\/wp-content\/uploads\/2023\/11\/img_5353-1_optimized-1-768x494.jpg 768w, https:\/\/radiorevelacionfm.cl\/wp-content\/uploads\/2023\/11\/img_5353-1_optimized-1-705x453.jpg 705w, https:\/\/radiorevelacionfm.cl\/wp-content\/uploads\/2023\/11\/img_5353-1_optimized-1-450x289.jpg 450w, https:\/\/radiorevelacionfm.cl\/wp-content\/uploads\/2023\/11\/img_5353-1_optimized-1-600x386.jpg 600w\" sizes=\"(max-width: 933px) 100vw, 933px\" \/><\/div><\/div><\/div><\/div>\n<div class=\"flex_column av_one_full  flex_column_div av-zero-column-padding first  avia-builder-el-2  el_after_av_one_full  el_before_av_one_full  column-top-margin\" style='border-radius:0px; '><section class=\"av_textblock_section \"  itemscope=\"itemscope\" itemtype=\"https:\/\/schema.org\/BlogPosting\" itemprop=\"blogPost\" ><div class='avia_textblock  '   itemprop=\"text\" ><p style=\"text-align: center;\"><strong><span style=\"font-size: 18pt;\">Carabineros cede terreno en Villa O\u00b4Higgins para construcci\u00f3n de 30 viviendas de comit\u00e9 Villa Austral<\/span><\/strong><\/p>\n<div id=\"gtx-trans\" style=\"position: absolute; left: -50px; top: 4.31534px;\">\n<div class=\"gtx-trans-icon\"><\/div>\n<\/div>\n<\/div><\/section><\/div><div class=\"flex_column av_one_full  flex_column_div av-zero-column-padding first  avia-builder-el-4  el_after_av_one_full  el_before_av_hr  column-top-margin\" style='border-radius:0px; '><section class=\"av_textblock_section \"  itemscope=\"itemscope\" itemtype=\"https:\/\/schema.org\/BlogPosting\" itemprop=\"blogPost\" ><div class='avia_textblock  '   itemprop=\"text\" ><p style=\"font-weight: 400; text-align: justify;\">Carabineros de Chile confirm\u00f3 la cesi\u00f3n de alrededor de dos hect\u00e1reas de terreno para la construcci\u00f3n de 30 viviendas del Comit\u00e9 Villa Austral, mediante el Plan de Emergencia Habitacional que impulsa el Gobierno, en la fronteriza comuna de Villa O\u00b4Higgins, donde finaliza la Ruta 7, en el sur austral de la Regi\u00f3n de Ays\u00e9n.<\/p>\n<p style=\"font-weight: 400; text-align: justify;\">Tras la autorizaci\u00f3n del General Director de Carabineros, Ricardo Y\u00e1\u00f1ez, el Jefe de la XI Zona de Carabineros Ays\u00e9n, general Patricio Santos, al Delegado Presidencial Regional, Rodrigo Araya, al alcalde Jos\u00e9 Fica, presidenta del Comit\u00e9, Daniela Espinoza, y seremis de Vivienda y Urbanismo, Paulina Ruz, y de Bienes Nacionales, Irina Morend, y concejales, entre otros asistentes.<\/p>\n<p style=\"font-weight: 400; text-align: justify;\">\u201cLa actividad que hoy desarrollamos tiene que ver con el sentido que nosotros damos al servicio p\u00fablico, es decir, para qu\u00e9 existimos, y es para proteger a las personas, para brindarles seguridad, como mandato constitucional. En ese contexto, se nos solicita si podemos ceder una fracci\u00f3n de terreno y cuando evaluamos que esa sesi\u00f3n no afecta la continuidad del servicio, muy por el contrario, genera cohesi\u00f3n social y hace carne el concepto de Carabineros de Todos, construye sociedad, es la instancia oportuna de hacerlo y ubicarnos dentro de la posici\u00f3n de cautela de derecho de las personas\u201d, inform\u00f3 el general Santos.<\/p>\n<p style=\"font-weight: 400; text-align: justify;\">El Delegado Rodrigo Araya destac\u00f3 la importancia de esta iniciativa de Carabineros de Chile, al aportar en materia de seguridad social y equidad territorial, a trav\u00e9s del Plan de Emergencia Habitacional.<\/p>\n<p style=\"font-weight: 400; text-align: justify;\">\u201cPor lo tanto, es algo que agradecer en la coordinaci\u00f3n y gestaci\u00f3n. Reconocer a las dirigentes que han podido llevar esta inquietud al municipio, Serviu, Bienes Nacionales, Delegaci\u00f3n Provincial, Delegaci\u00f3n Regional, Carabineros y Ej\u00e9rcito que han conversado este tema y los servicios p\u00fablicos han trabajado en conjunto, buscando el beneficio de las personas\u201d, recalc\u00f3.<\/p>\n<p style=\"font-weight: 400; text-align: justify;\">Daniela Espinoza a\u00f1adi\u00f3 que \u201cel Plan de Emergencia Habitacional nos viene a beneficiar directamente. En este caso, Carabineros nos va a ceder un espacio para que podamos construir nuestras casas. Primero que nada quiero agradecer a Carabineros, porque para nosotros es un hito s\u00faper importante, ya que no s\u00e9 si en otros lados se han entregado terrenos de Carabineros, s\u00ed sabemos que se han entregado terrenos de Ej\u00e9rcito, pero no de Carabineros para vivienda\u201d.<\/p>\n<p style=\"font-weight: 400; text-align: justify;\">Para el alcalde Jos\u00e9 Fica este \u201ces un gran d\u00eda para la comunidad de Villa O\u00b4Higgins y especialmente para el Comit\u00e9 de Vivienda, que est\u00e1 compuesto por 30 vecinos, que viven allegados dentro de nuestra propia comunidad, as\u00ed es que es una gran noticia para Villa O\u00b4Higgins y una alegr\u00eda para nuestra gente\u201d.<\/p>\n<p style=\"font-weight: 400; text-align: justify;\">La seremi Paulina Ruz destac\u00f3 la importancia del Plan de Emergencia Habitacional a nivel nacional y regional.<\/p>\n<p style=\"font-weight: 400; text-align: justify;\">\u201cValoramos mucho esta noticia, porque el hecho de que Carabineros decida ceder hect\u00e1reas de su terreno para el fin habitacional, nos ayuda con el Plan de Emergencia Habitacional y podemos ayudar a familias que est\u00e1n en lo m\u00e1s austral de la Regi\u00f3n de Ays\u00e9n\u201d, dijo.<\/p>\n<p style=\"font-weight: 400; text-align: justify;\">La seremi Irina Morend a\u00f1adi\u00f3 que esta restituci\u00f3n ampl\u00eda las comunas en las que se est\u00e1 destinando terreno fiscal para el Plan de Emergencia Habitacional.<\/p>\n<p style=\"font-weight: 400; text-align: justify;\">\u201cNosotros ya hemos entregado transferencias gratuitas de terreno en siete de las diez comunas y esta pasa a ser la octava comuna de la regi\u00f3n en la cual ya se va a disponer de un terreno para que puedan proyectarse soluciones habitacionales\u201d, indic\u00f3.<\/p>\n<p style=\"font-weight: 400; text-align: justify;\">Cabe se\u00f1alar que este anuncio se realiz\u00f3 en el marco de las actividades conmemorativa del 58\u00b0 aniversario del fallecimiento del Teniente Hern\u00e1n Merino Correa, en la localidad de Villa O\u00b4Higgins.<\/p>\n<\/div><\/section><\/div><\/p>\n<div  style='height:50px' class='hr hr-invisible   avia-builder-el-6  el_after_av_one_full  el_before_av_social_share '><span class='hr-inner ' ><span class='hr-inner-style'><\/span><\/span><\/div>\n<div  class='av-social-sharing-box  avia-builder-el-7  el_after_av_hr  el_before_av_hr  '><div class='av-share-box'><h5 class='av-share-link-description av-no-toc '>Compartir esta noticia<\/h5><ul class='av-share-box-list noLightbox'><li class='av-share-link av-social-link-facebook' ><a target=\"_blank\" aria-label=\"Compartir en Facebook\" href='https:\/\/www.facebook.com\/sharer.php?u=https:\/\/radiorevelacionfm.cl\/?p=36670&#038;t=Carabineros%20cede%20terreno%20en%20Villa%20O%C2%B4Higgins%20para%20construcci%C3%B3n%20de%2030%20viviendas%20de%20comit%C3%A9%20Villa%20Austral' aria-hidden='false' data-av_icon='\ue8f3' data-av_iconfont='entypo-fontello' title='' data-avia-related-tooltip='Compartir en Facebook' rel=\"noopener\"><span class='avia_hidden_link_text'>Compartir en Facebook<\/span><\/a><\/li><li class='av-share-link av-social-link-twitter' ><a target=\"_blank\" aria-label=\"Compartir en Twitter\" href='https:\/\/twitter.com\/share?text=Carabineros%20cede%20terreno%20en%20Villa%20O%C2%B4Higgins%20para%20construcci%C3%B3n%20de%2030%20viviendas%20de%20comit%C3%A9%20Villa%20Austral&#038;url=https:\/\/radiorevelacionfm.cl\/?p=36670' aria-hidden='false' data-av_icon='\ue8f1' data-av_iconfont='entypo-fontello' title='' data-avia-related-tooltip='Compartir en Twitter' rel=\"noopener\"><span class='avia_hidden_link_text'>Compartir en Twitter<\/span><\/a><\/li><li class='av-share-link av-social-link-whatsapp' ><a target=\"_blank\" aria-label=\"Compartir en Whatsapp\" href='https:\/\/api.whatsapp.com\/send?text=https:\/\/radiorevelacionfm.cl\/?p=36670' aria-hidden='false' data-av_icon='\uf232' data-av_iconfont='entypo-fontello' title='' data-avia-related-tooltip='Compartir en Whatsapp' rel=\"noopener\"><span class='avia_hidden_link_text'>Compartir en Whatsapp<\/span><\/a><\/li><li class='av-share-link av-social-link-linkedin' ><a target=\"_blank\" aria-label=\"Compartir en LinkedIn\" href='https:\/\/linkedin.com\/shareArticle?mini=true&#038;title=Carabineros%20cede%20terreno%20en%20Villa%20O%C2%B4Higgins%20para%20construcci%C3%B3n%20de%2030%20viviendas%20de%20comit%C3%A9%20Villa%20Austral&#038;url=https:\/\/radiorevelacionfm.cl\/?p=36670' aria-hidden='false' data-av_icon='\ue8fc' data-av_iconfont='entypo-fontello' title='' data-avia-related-tooltip='Compartir en LinkedIn' rel=\"noopener\"><span class='avia_hidden_link_text'>Compartir en LinkedIn<\/span><\/a><\/li><li class='av-share-link av-social-link-mail' ><a  aria-label=\"Compartir por correo\" href='mailto:?subject=Carabineros%20cede%20terreno%20en%20Villa%20O%C2%B4Higgins%20para%20construcci%C3%B3n%20de%2030%20viviendas%20de%20comit%C3%A9%20Villa%20Austral&#038;body=https:\/\/radiorevelacionfm.cl\/?p=36670' aria-hidden='false' data-av_icon='\ue805' data-av_iconfont='entypo-fontello' title='' data-avia-related-tooltip='Compartir por correo'><span class='avia_hidden_link_text'>Compartir por correo<\/span><\/a><\/li><\/ul><\/div><\/div>\n<div  style='height:50px' class='hr hr-invisible   avia-builder-el-8  el_after_av_social_share  el_before_av_comments_list '><span class='hr-inner ' ><span class='hr-inner-style'><\/span><\/span><\/div>\n<div  class='av-buildercomment  av-blog-meta-html-info-disabled av-blog-meta-tag-disabled  '><\/div>\n","protected":false},"excerpt":{"rendered":"","protected":false},"author":1,"featured_media":36671,"comment_status":"open","ping_status":"open","sticky":false,"template":"","format":"standard","meta":{"footnotes":""},"categories":[38],"tags":[],"class_list":["post-36670","post","type-post","status-publish","format-standard","has-post-thumbnail","hentry","category-regional"],"jetpack_featured_media_url":"https:\/\/radiorevelacionfm.cl\/wp-content\/uploads\/2023\/11\/img_5353-1_optimized-1.jpg","_links":{"self":[{"href":"https:\/\/radiorevelacionfm.cl\/index.php?rest_route=\/wp\/v2\/posts\/36670","targetHints":{"allow":["GET"]}}],"collection":[{"href":"https:\/\/radiorevelacionfm.cl\/index.php?rest_route=\/wp\/v2\/posts"}],"about":[{"href":"https:\/\/radiorevelacionfm.cl\/index.php?rest_route=\/wp\/v2\/types\/post"}],"author":[{"embeddable":true,"href":"https:\/\/radiorevelacionfm.cl\/index.php?rest_route=\/wp\/v2\/users\/1"}],"replies":[{"embeddable":true,"href":"https:\/\/radiorevelacionfm.cl\/index.php?rest_route=%2Fwp%2Fv2%2Fcomments&post=36670"}],"version-history":[{"count":2,"href":"https:\/\/radiorevelacionfm.cl\/index.php?rest_route=\/wp\/v2\/posts\/36670\/revisions"}],"predecessor-version":[{"id":36691,"href":"https:\/\/radiorevelacionfm.cl\/index.php?rest_route=\/wp\/v2\/posts\/36670\/revisions\/36691"}],"wp:featuredmedia":[{"embeddable":true,"href":"https:\/\/radiorevelacionfm.cl\/index.php?rest_route=\/wp\/v2\/media\/36671"}],"wp:attachment":[{"href":"https:\/\/radiorevelacionfm.cl\/index.php?rest_route=%2Fwp%2Fv2%2Fmedia&parent=36670"}],"wp:term":[{"taxonomy":"category","embeddable":true,"href":"https:\/\/radiorevelacionfm.cl\/index.php?rest_route=%2Fwp%2Fv2%2Fcategories&post=36670"},{"taxonomy":"post_tag","embeddable":true,"href":"https:\/\/radiorevelacionfm.cl\/index.php?rest_route=%2Fwp%2Fv2%2Ftags&post=36670"}],"curies":[{"name":"wp","href":"https:\/\/api.w.org\/{rel}","templated":true}]}}