{"id":36667,"date":"2023-11-07T18:42:47","date_gmt":"2023-11-07T21:42:47","guid":{"rendered":"https:\/\/radiorevelacionfm.cl\/?p=36667"},"modified":"2023-11-07T21:15:20","modified_gmt":"2023-11-08T00:15:20","slug":"patagonia-aysen-es-parte-de-la-delegacion-de-chile-en-la-world-travel-market-en-londres","status":"publish","type":"post","link":"https:\/\/radiorevelacionfm.cl\/?p=36667","title":{"rendered":"Patagonia Ays\u00e9n es parte de la delegaci\u00f3n de Chile en la World Travel Market en Londres"},"content":{"rendered":"<div class=\"flex_column av_one_full  flex_column_div av-zero-column-padding first  avia-builder-el-0  el_before_av_one_full  avia-builder-el-first  \" style='border-radius:0px; '><div  class='avia-image-container  av-styling-    avia-builder-el-1  avia-builder-el-no-sibling  avia-align-center '  itemprop=\"image\" itemscope=\"itemscope\" itemtype=\"https:\/\/schema.org\/ImageObject\"  ><div class='avia-image-container-inner'><div class='avia-image-overlay-wrap'><img decoding=\"async\" class='wp-image-36668 avia-img-lazy-loading-not-36668 avia_image' src=\"https:\/\/radiorevelacionfm.cl\/wp-content\/uploads\/2023\/11\/aysen-patagonia-wtm-1_optimized.jpg\" alt='' title='aysen-patagonia-wtm-(1)_optimized' height=\"600\" width=\"900\"  itemprop=\"thumbnailUrl\" srcset=\"https:\/\/radiorevelacionfm.cl\/wp-content\/uploads\/2023\/11\/aysen-patagonia-wtm-1_optimized.jpg 900w, https:\/\/radiorevelacionfm.cl\/wp-content\/uploads\/2023\/11\/aysen-patagonia-wtm-1_optimized-300x200.jpg 300w, https:\/\/radiorevelacionfm.cl\/wp-content\/uploads\/2023\/11\/aysen-patagonia-wtm-1_optimized-768x512.jpg 768w, https:\/\/radiorevelacionfm.cl\/wp-content\/uploads\/2023\/11\/aysen-patagonia-wtm-1_optimized-705x470.jpg 705w, https:\/\/radiorevelacionfm.cl\/wp-content\/uploads\/2023\/11\/aysen-patagonia-wtm-1_optimized-450x300.jpg 450w, https:\/\/radiorevelacionfm.cl\/wp-content\/uploads\/2023\/11\/aysen-patagonia-wtm-1_optimized-600x400.jpg 600w\" sizes=\"(max-width: 900px) 100vw, 900px\" \/><\/div><\/div><\/div><\/div><div class=\"flex_column av_one_full  flex_column_div av-zero-column-padding first  avia-builder-el-2  el_after_av_one_full  el_before_av_one_full  column-top-margin\" style='border-radius:0px; '><section class=\"av_textblock_section \"  itemscope=\"itemscope\" itemtype=\"https:\/\/schema.org\/BlogPosting\" itemprop=\"blogPost\" ><div class='avia_textblock  '   itemprop=\"text\" ><p style=\"text-align: center;\"><span style=\"font-size: 18pt;\"><strong>Patagonia Ays\u00e9n es parte de la delegaci\u00f3n de Chile en la World Travel Market en Londres <\/strong><\/span><\/p>\n<div id=\"gtx-trans\" style=\"position: absolute; left: -50px; top: 4.31534px;\">\n<div class=\"gtx-trans-icon\"><\/div>\n<\/div>\n<\/div><\/section><\/div><div class=\"flex_column av_one_full  flex_column_div av-zero-column-padding first  avia-builder-el-4  el_after_av_one_full  el_before_av_hr  column-top-margin\" style='border-radius:0px; '><section class=\"av_textblock_section \"  itemscope=\"itemscope\" itemtype=\"https:\/\/schema.org\/BlogPosting\" itemprop=\"blogPost\" ><div class='avia_textblock  '   itemprop=\"text\" ><p style=\"text-align: justify;\"><em>Del 6 al 8 de noviembre, la delegaci\u00f3n de Chile, se presentar\u00e1 en la World Travel Market (WTM) en Londres, Reino Unido, para promover las maravillas del pa\u00eds y explorar oportunidades de crecimiento en el turismo internacional.<\/em><\/p>\n<p style=\"text-align: justify;\">El destino Patagonia Ays\u00e9n es parte de la delegaci\u00f3n de Chile en la World Travel Market (WTM), con el objetivo de explorar nuevas oportunidades comerciales para el turismo nacional. El encuentro, que se desarrollar\u00e1 entre el 6 y el 8 de noviembre en Londres, Reino Unido, es un evento global de viajes y turismo que re\u00fane a los actores m\u00e1s importantes de la industria para promocionar destinos y establecer valiosos contactos que fomenten el crecimiento y el desarrollo de los negocios.<\/p>\n<p style=\"text-align: justify;\">\u00abLa presencia de Chile en la WTM es una oportunidad para mostrar al mundo lo mejor de nuestras experiencias tur\u00edsticas\u00bb, afirm\u00f3 Claudio Montecinos, Director Regional de SERNATUR Ays\u00e9n. \u00abParticipamos para posicionar a Chile y, en particular, a Ays\u00e9n Patagonia, en el mercado internacional y, en especial, en el mercado europeo\u00bb, agreg\u00f3.<\/p>\n<p style=\"text-align: justify;\">La delegaci\u00f3n nacional, compuesta por 22 expositores privados y dos destinos nacionales, Antofagasta y Ays\u00e9n, estar\u00e1 encabezada por el director nacional de Sernatur, Crist\u00f3bal Ben\u00edtez, quien se reunir\u00e1 con profesionales de viajes, empresas l\u00edderes y medios de comunicaci\u00f3n especializados en un esfuerzo por promover a Chile como un atractivo destino tur\u00edstico.<\/p>\n<p style=\"text-align: justify;\">La World Travel Market es un evento B2B -modelo que negocios que se realiza entre compa\u00f1\u00edas o proveedores- que brinda a las empresas tur\u00edsticas de todo el mundo la oportunidad de destacar sus marcas y exhibir sus servicios junto a los nombres m\u00e1s destacados en alojamiento, hospitalidad, destinos y atracciones tur\u00edsticas de renombre, as\u00ed como proveedores innovadores de tecnolog\u00eda de viajes y aerol\u00edneas.<\/p>\n<p style=\"text-align: justify;\">Con su asistencia a la WTM en Londres, Ays\u00e9n Patagonia contribuir\u00e1 a mostrar la belleza y el potencial tur\u00edstico de Chile al mundo, fortaleciendo as\u00ed su presencia en el mercado internacional y atrayendo a m\u00e1s visitantes a la regi\u00f3n de Ays\u00e9n.<\/p>\n<\/div><\/section><\/div><div  style='height:50px' class='hr hr-invisible   avia-builder-el-6  el_after_av_one_full  el_before_av_social_share '><span class='hr-inner ' ><span class='hr-inner-style'><\/span><\/span><\/div><\/p>\n<div  class='av-social-sharing-box  avia-builder-el-7  el_after_av_hr  el_before_av_hr  '><div class='av-share-box'><h5 class='av-share-link-description av-no-toc '>Compartir esta noticia<\/h5><ul class='av-share-box-list noLightbox'><li class='av-share-link av-social-link-facebook' ><a target=\"_blank\" aria-label=\"Compartir en Facebook\" href='https:\/\/www.facebook.com\/sharer.php?u=https:\/\/radiorevelacionfm.cl\/?p=36667&#038;t=Patagonia%20Ays%C3%A9n%20es%20parte%20de%20la%20delegaci%C3%B3n%20de%20Chile%20en%20la%20World%20Travel%20Market%20en%20Londres' aria-hidden='false' data-av_icon='\ue8f3' data-av_iconfont='entypo-fontello' title='' data-avia-related-tooltip='Compartir en Facebook' rel=\"noopener\"><span class='avia_hidden_link_text'>Compartir en Facebook<\/span><\/a><\/li><li class='av-share-link av-social-link-twitter' ><a target=\"_blank\" aria-label=\"Compartir en Twitter\" href='https:\/\/twitter.com\/share?text=Patagonia%20Ays%C3%A9n%20es%20parte%20de%20la%20delegaci%C3%B3n%20de%20Chile%20en%20la%20World%20Travel%20Market%20en%20Londres&#038;url=https:\/\/radiorevelacionfm.cl\/?p=36667' aria-hidden='false' data-av_icon='\ue8f1' data-av_iconfont='entypo-fontello' title='' data-avia-related-tooltip='Compartir en Twitter' rel=\"noopener\"><span class='avia_hidden_link_text'>Compartir en Twitter<\/span><\/a><\/li><li class='av-share-link av-social-link-whatsapp' ><a target=\"_blank\" aria-label=\"Compartir en Whatsapp\" href='https:\/\/api.whatsapp.com\/send?text=https:\/\/radiorevelacionfm.cl\/?p=36667' aria-hidden='false' data-av_icon='\uf232' data-av_iconfont='entypo-fontello' title='' data-avia-related-tooltip='Compartir en Whatsapp' rel=\"noopener\"><span class='avia_hidden_link_text'>Compartir en Whatsapp<\/span><\/a><\/li><li class='av-share-link av-social-link-linkedin' ><a target=\"_blank\" aria-label=\"Compartir en LinkedIn\" href='https:\/\/linkedin.com\/shareArticle?mini=true&#038;title=Patagonia%20Ays%C3%A9n%20es%20parte%20de%20la%20delegaci%C3%B3n%20de%20Chile%20en%20la%20World%20Travel%20Market%20en%20Londres&#038;url=https:\/\/radiorevelacionfm.cl\/?p=36667' aria-hidden='false' data-av_icon='\ue8fc' data-av_iconfont='entypo-fontello' title='' data-avia-related-tooltip='Compartir en LinkedIn' rel=\"noopener\"><span class='avia_hidden_link_text'>Compartir en LinkedIn<\/span><\/a><\/li><li class='av-share-link av-social-link-mail' ><a  aria-label=\"Compartir por correo\" href='mailto:?subject=Patagonia%20Ays%C3%A9n%20es%20parte%20de%20la%20delegaci%C3%B3n%20de%20Chile%20en%20la%20World%20Travel%20Market%20en%20Londres&#038;body=https:\/\/radiorevelacionfm.cl\/?p=36667' aria-hidden='false' data-av_icon='\ue805' data-av_iconfont='entypo-fontello' title='' data-avia-related-tooltip='Compartir por correo'><span class='avia_hidden_link_text'>Compartir por correo<\/span><\/a><\/li><\/ul><\/div><\/div>\n<div  style='height:50px' class='hr hr-invisible   avia-builder-el-8  el_after_av_social_share  el_before_av_comments_list '><span class='hr-inner ' ><span class='hr-inner-style'><\/span><\/span><\/div>\n<div  class='av-buildercomment  av-blog-meta-html-info-disabled av-blog-meta-tag-disabled  '><\/div>\n","protected":false},"excerpt":{"rendered":"","protected":false},"author":1,"featured_media":36668,"comment_status":"open","ping_status":"open","sticky":false,"template":"","format":"standard","meta":{"footnotes":""},"categories":[54],"tags":[],"class_list":["post-36667","post","type-post","status-publish","format-standard","has-post-thumbnail","hentry","category-turismo"],"jetpack_featured_media_url":"https:\/\/radiorevelacionfm.cl\/wp-content\/uploads\/2023\/11\/aysen-patagonia-wtm-1_optimized.jpg","_links":{"self":[{"href":"https:\/\/radiorevelacionfm.cl\/index.php?rest_route=\/wp\/v2\/posts\/36667","targetHints":{"allow":["GET"]}}],"collection":[{"href":"https:\/\/radiorevelacionfm.cl\/index.php?rest_route=\/wp\/v2\/posts"}],"about":[{"href":"https:\/\/radiorevelacionfm.cl\/index.php?rest_route=\/wp\/v2\/types\/post"}],"author":[{"embeddable":true,"href":"https:\/\/radiorevelacionfm.cl\/index.php?rest_route=\/wp\/v2\/users\/1"}],"replies":[{"embeddable":true,"href":"https:\/\/radiorevelacionfm.cl\/index.php?rest_route=%2Fwp%2Fv2%2Fcomments&post=36667"}],"version-history":[{"count":1,"href":"https:\/\/radiorevelacionfm.cl\/index.php?rest_route=\/wp\/v2\/posts\/36667\/revisions"}],"predecessor-version":[{"id":36669,"href":"https:\/\/radiorevelacionfm.cl\/index.php?rest_route=\/wp\/v2\/posts\/36667\/revisions\/36669"}],"wp:featuredmedia":[{"embeddable":true,"href":"https:\/\/radiorevelacionfm.cl\/index.php?rest_route=\/wp\/v2\/media\/36668"}],"wp:attachment":[{"href":"https:\/\/radiorevelacionfm.cl\/index.php?rest_route=%2Fwp%2Fv2%2Fmedia&parent=36667"}],"wp:term":[{"taxonomy":"category","embeddable":true,"href":"https:\/\/radiorevelacionfm.cl\/index.php?rest_route=%2Fwp%2Fv2%2Fcategories&post=36667"},{"taxonomy":"post_tag","embeddable":true,"href":"https:\/\/radiorevelacionfm.cl\/index.php?rest_route=%2Fwp%2Fv2%2Ftags&post=36667"}],"curies":[{"name":"wp","href":"https:\/\/api.w.org\/{rel}","templated":true}]}}