{"id":36663,"date":"2023-11-08T10:00:51","date_gmt":"2023-11-08T13:00:51","guid":{"rendered":"https:\/\/radiorevelacionfm.cl\/?p=36663"},"modified":"2023-11-08T10:00:51","modified_gmt":"2023-11-08T13:00:51","slug":"resaltan-importancia-de-la-acuicultura-y-aseguran-dialogo-y-consenso-con-trabajadores-ante-preocupacion-por-implementacion-del-sbap","status":"publish","type":"post","link":"https:\/\/radiorevelacionfm.cl\/?p=36663","title":{"rendered":"Resaltan importancia de la acuicultura y aseguran di\u00e1logo y consenso con trabajadores ante preocupaci\u00f3n por implementaci\u00f3n del SBAP"},"content":{"rendered":"<div class=\"flex_column av_one_full  flex_column_div av-zero-column-padding first  avia-builder-el-0  el_before_av_one_full  avia-builder-el-first  \" style='border-radius:0px; '><div  class='avia-image-container  av-styling-    avia-builder-el-1  avia-builder-el-no-sibling  avia-align-center '  itemprop=\"image\" itemscope=\"itemscope\" itemtype=\"https:\/\/schema.org\/ImageObject\"  ><div class='avia-image-container-inner'><div class='avia-image-overlay-wrap'><img decoding=\"async\" class='wp-image-36665 avia-img-lazy-loading-not-36665 avia_image' src=\"https:\/\/radiorevelacionfm.cl\/wp-content\/uploads\/2023\/11\/reuniOn-ministro-de-economIa-1_optimized.jpeg\" alt='' title='reuni\u00d3n-ministro-de-econom\u00cda-(1)_optimized' height=\"600\" width=\"958\"  itemprop=\"thumbnailUrl\" srcset=\"https:\/\/radiorevelacionfm.cl\/wp-content\/uploads\/2023\/11\/reuniOn-ministro-de-economIa-1_optimized.jpeg 958w, https:\/\/radiorevelacionfm.cl\/wp-content\/uploads\/2023\/11\/reuniOn-ministro-de-economIa-1_optimized-300x188.jpeg 300w, https:\/\/radiorevelacionfm.cl\/wp-content\/uploads\/2023\/11\/reuniOn-ministro-de-economIa-1_optimized-768x481.jpeg 768w, https:\/\/radiorevelacionfm.cl\/wp-content\/uploads\/2023\/11\/reuniOn-ministro-de-economIa-1_optimized-705x442.jpeg 705w, https:\/\/radiorevelacionfm.cl\/wp-content\/uploads\/2023\/11\/reuniOn-ministro-de-economIa-1_optimized-450x282.jpeg 450w, https:\/\/radiorevelacionfm.cl\/wp-content\/uploads\/2023\/11\/reuniOn-ministro-de-economIa-1_optimized-600x376.jpeg 600w\" sizes=\"(max-width: 958px) 100vw, 958px\" \/><\/div><\/div><\/div><\/div><div class=\"flex_column av_one_full  flex_column_div av-zero-column-padding first  avia-builder-el-2  el_after_av_one_full  el_before_av_one_full  column-top-margin\" style='border-radius:0px; '><section class=\"av_textblock_section \"  itemscope=\"itemscope\" itemtype=\"https:\/\/schema.org\/BlogPosting\" itemprop=\"blogPost\" ><div class='avia_textblock  '   itemprop=\"text\" ><p style=\"text-align: center;\"><strong><span style=\"font-size: 18pt;\">Resaltan importancia de la acuicultura y aseguran di\u00e1logo y consenso con trabajadores ante preocupaci\u00f3n por implementaci\u00f3n del SBAP<\/span><\/strong><\/p>\n<div id=\"gtx-trans\" style=\"position: absolute; left: -50px; top: 4.31534px;\">\n<div class=\"gtx-trans-icon\"><\/div>\n<\/div>\n<\/div><\/section><\/div><div class=\"flex_column av_one_full  flex_column_div av-zero-column-padding first  avia-builder-el-4  el_after_av_one_full  el_before_av_hr  column-top-margin\" style='border-radius:0px; '><section class=\"av_textblock_section \"  itemscope=\"itemscope\" itemtype=\"https:\/\/schema.org\/BlogPosting\" itemprop=\"blogPost\" ><div class='avia_textblock  '   itemprop=\"text\" ><p style=\"text-align: justify;\"><em>En reuni\u00f3n gestionada por el diputado Miguel \u00e1ngel Calisto, participaron distintas organizaciones de trabajadores de la industria salmonera.<\/em><\/p>\n<p style=\"text-align: justify;\">Ante la preocupaci\u00f3n que existe entre los trabajadores de la salmonicultura por la implementaci\u00f3n del Servicio de la Biodiversidad y \u00c1reas Protegidas y los constantes cuestionamientos de la Ministra de Medio Ambiente a esta industria, el diputado Miguel \u00c1ngel Calisto gestion\u00f3 una reuni\u00f3n de distintos dirigentes con el Ministro de Econom\u00eda, Nicol\u00e1s Grau, quien le puso pa\u00f1os fr\u00edos a la pol\u00e9mica, resaltando la importancia de este rubro y asegurando que primar\u00e1 el di\u00e1logo para lograr grandes consensos.<\/p>\n<p style=\"text-align: justify;\">Seg\u00fan\u00a0el Ministro Nicol\u00e1s Grau, \u201cfue una muy buena reuni\u00f3n gestionada por el diputado Calisto con distintas organizaciones sindicales, principalmente del mundo de la acuicultura y la pesca. Se nos han planteado una serie de puntos, y lo hemos dicho de forma muy clara; la acuicultura, y la salmonicultura en particular, es un sector muy relevante de nuestra econom\u00eda\u201d.<\/p>\n<p style=\"text-align: justify;\">\u201cDe alguna forma, necesitamos hacer ciertas transformaciones en la industria, que permitan generar m\u00e1s puestos de empleos, que permitan que esta industria se desarrolle, genere certezas, pero que tambi\u00e9n sea posible conciliar con ciertos objetivos ambientales que tambi\u00e9n son relevantes\u201d, se\u00f1al\u00f3.<\/p>\n<p style=\"text-align: justify;\">El Ministro asegur\u00f3 que \u201cla forma en que esto se va a dar va a ser una conversaci\u00f3n que probablemente nos va a tomar tiempo, pero ese es el di\u00e1logo que queremos hacer como Gobierno. Lo que yo puedo garantizar es que ese di\u00e1logo va a ser con los trabajadores. Tal como hicimos en el caso de la nueva ley de pesca que vamos a ingresar prontamente al parlamento, la nueva ley de acuicultura va a ser fruto de participaci\u00f3n, de conversar y de escuchar y de lograr los consensos m\u00e1s amplios posibles en torno a los avances que tenemos que tener a esta industria\u201d.<\/p>\n<p style=\"text-align: justify;\">Por su parte,\u00a0el diputado Miguel \u00c1ngel Calisto\u00a0indic\u00f3 que \u201cen nuestra regi\u00f3n hay muchas empresas que operan en el litoral, y existe preocupaci\u00f3n por la permanente cr\u00edtica o cuestionamiento permanente que hace el Gobierno a la acuicultura\u201d.<\/p>\n<p style=\"text-align: justify;\">\u201cHay que recordar que esta industria representa para nosotros cerca del 40% del PIB regional. Lo que planteamos nosotros no es que no se hagan cambios, pero hay que garantizar que la protecci\u00f3n que establece esta ley no sea contraria al desarrollo productivo de nuestra regi\u00f3n. Para eso, necesitamos una participaci\u00f3n decidida y contundente de Sernapesca y de la Subpesca. Tenemos que proteger ciertas \u00e1reas, los parques nacionales, reservas, entre otras, pero tambi\u00e9n debemos permitir que la regi\u00f3n avance y progrese\u201d, indic\u00f3 Calisto.<\/p>\n<p style=\"text-align: justify;\"><strong>La reacci\u00f3n de los trabajadores de la industria<\/strong><\/p>\n<p style=\"text-align: justify;\">En la reuni\u00f3n participaron dirigentes de los trabajadores de las distintas empresas que operan en la Regi\u00f3n de Los Lagos, Ays\u00e9n y Magallanes. Seg\u00fan\u00a0Rodrigo Valencia, Secretario del sindicato Nova Austral, \u201cprimero exist\u00eda incertidumbre, hoy en d\u00eda nos deja claro que todo lo que venga a futuro, va a ser producto de muchas reuniones para ver los temas en particular y llegar a un acuerdo en consenso entre todas las partes\u201d.<\/p>\n<p style=\"text-align: justify;\">Por su parte,\u00a0Miriam Ch\u00e1vez, Secretaria de la Multisindical de Trabajadores de la Industria del Salm\u00f3n, \u201cnos sorprendi\u00f3, porque yo ven\u00eda con una visi\u00f3n de que nos iban a recibir de forma m\u00e1s negativa. Me voy conforme con la reuni\u00f3n, fue esperanzadora porque nosotros vinimos a plantear la incertidumbre por los empleos, nos vamos tranquilos porque el Ministro nos dice que no se va a acabar la industria, que no va a desaparecer. Eso nos deja tranquilidad, que le transmitiremos a las bases\u201d.<\/p>\n<p style=\"text-align: justify;\">Finalmente,\u00a0Juan jara, Tesorero del Sindicato Obrero de Pesquera Ed\u00e9n, \u201cnos sorprendi\u00f3 la disposici\u00f3n del Ministro, dej\u00f3 la puerta abierta, porque nos dijo que no se iba a avanzar si no hab\u00eda acuerdo con los trabajadores, las empresas o los gremios. Eso para nosotros es importante, porque significa que nuestra opini\u00f3n si va a ser escuchada, eso se agradece. Esperamos que se cumpla su palabra\u201d.<\/p>\n<\/div><\/section><\/div><div  style='height:50px' class='hr hr-invisible   avia-builder-el-6  el_after_av_one_full  el_before_av_social_share '><span class='hr-inner ' ><span class='hr-inner-style'><\/span><\/span><\/div><\/p>\n<div  class='av-social-sharing-box  avia-builder-el-7  el_after_av_hr  el_before_av_hr  '><div class='av-share-box'><h5 class='av-share-link-description av-no-toc '>Compartir esta noticia<\/h5><ul class='av-share-box-list noLightbox'><li class='av-share-link av-social-link-facebook' ><a target=\"_blank\" aria-label=\"Compartir en Facebook\" href='https:\/\/www.facebook.com\/sharer.php?u=https:\/\/radiorevelacionfm.cl\/?p=36663&#038;t=Resaltan%20importancia%20de%20la%20acuicultura%20y%20aseguran%20di%C3%A1logo%20y%20consenso%20con%20trabajadores%20ante%20preocupaci%C3%B3n%20por%20implementaci%C3%B3n%20del%20SBAP' aria-hidden='false' data-av_icon='\ue8f3' data-av_iconfont='entypo-fontello' title='' data-avia-related-tooltip='Compartir en Facebook' rel=\"noopener\"><span class='avia_hidden_link_text'>Compartir en Facebook<\/span><\/a><\/li><li class='av-share-link av-social-link-twitter' ><a target=\"_blank\" aria-label=\"Compartir en Twitter\" href='https:\/\/twitter.com\/share?text=Resaltan%20importancia%20de%20la%20acuicultura%20y%20aseguran%20di%C3%A1logo%20y%20consenso%20con%20trabajadores%20ante%20preocupaci%C3%B3n%20por%20implementaci%C3%B3n%20del%20SBAP&#038;url=https:\/\/radiorevelacionfm.cl\/?p=36663' aria-hidden='false' data-av_icon='\ue8f1' data-av_iconfont='entypo-fontello' title='' data-avia-related-tooltip='Compartir en Twitter' rel=\"noopener\"><span class='avia_hidden_link_text'>Compartir en Twitter<\/span><\/a><\/li><li class='av-share-link av-social-link-whatsapp' ><a target=\"_blank\" aria-label=\"Compartir en Whatsapp\" href='https:\/\/api.whatsapp.com\/send?text=https:\/\/radiorevelacionfm.cl\/?p=36663' aria-hidden='false' data-av_icon='\uf232' data-av_iconfont='entypo-fontello' title='' data-avia-related-tooltip='Compartir en Whatsapp' rel=\"noopener\"><span class='avia_hidden_link_text'>Compartir en Whatsapp<\/span><\/a><\/li><li class='av-share-link av-social-link-linkedin' ><a target=\"_blank\" aria-label=\"Compartir en LinkedIn\" href='https:\/\/linkedin.com\/shareArticle?mini=true&#038;title=Resaltan%20importancia%20de%20la%20acuicultura%20y%20aseguran%20di%C3%A1logo%20y%20consenso%20con%20trabajadores%20ante%20preocupaci%C3%B3n%20por%20implementaci%C3%B3n%20del%20SBAP&#038;url=https:\/\/radiorevelacionfm.cl\/?p=36663' aria-hidden='false' data-av_icon='\ue8fc' data-av_iconfont='entypo-fontello' title='' data-avia-related-tooltip='Compartir en LinkedIn' rel=\"noopener\"><span class='avia_hidden_link_text'>Compartir en LinkedIn<\/span><\/a><\/li><li class='av-share-link av-social-link-mail' ><a  aria-label=\"Compartir por correo\" href='mailto:?subject=Resaltan%20importancia%20de%20la%20acuicultura%20y%20aseguran%20di%C3%A1logo%20y%20consenso%20con%20trabajadores%20ante%20preocupaci%C3%B3n%20por%20implementaci%C3%B3n%20del%20SBAP&#038;body=https:\/\/radiorevelacionfm.cl\/?p=36663' aria-hidden='false' data-av_icon='\ue805' data-av_iconfont='entypo-fontello' title='' data-avia-related-tooltip='Compartir por correo'><span class='avia_hidden_link_text'>Compartir por correo<\/span><\/a><\/li><\/ul><\/div><\/div>\n<div  style='height:50px' class='hr hr-invisible   avia-builder-el-8  el_after_av_social_share  el_before_av_comments_list '><span class='hr-inner ' ><span class='hr-inner-style'><\/span><\/span><\/div>\n<div  class='av-buildercomment  av-blog-meta-html-info-disabled av-blog-meta-tag-disabled  '><\/div>\n","protected":false},"excerpt":{"rendered":"","protected":false},"author":1,"featured_media":36665,"comment_status":"open","ping_status":"open","sticky":false,"template":"","format":"standard","meta":{"footnotes":""},"categories":[60],"tags":[],"class_list":["post-36663","post","type-post","status-publish","format-standard","has-post-thumbnail","hentry","category-pesca"],"jetpack_featured_media_url":"https:\/\/radiorevelacionfm.cl\/wp-content\/uploads\/2023\/11\/reuniOn-ministro-de-economIa-1_optimized.jpeg","_links":{"self":[{"href":"https:\/\/radiorevelacionfm.cl\/index.php?rest_route=\/wp\/v2\/posts\/36663","targetHints":{"allow":["GET"]}}],"collection":[{"href":"https:\/\/radiorevelacionfm.cl\/index.php?rest_route=\/wp\/v2\/posts"}],"about":[{"href":"https:\/\/radiorevelacionfm.cl\/index.php?rest_route=\/wp\/v2\/types\/post"}],"author":[{"embeddable":true,"href":"https:\/\/radiorevelacionfm.cl\/index.php?rest_route=\/wp\/v2\/users\/1"}],"replies":[{"embeddable":true,"href":"https:\/\/radiorevelacionfm.cl\/index.php?rest_route=%2Fwp%2Fv2%2Fcomments&post=36663"}],"version-history":[{"count":1,"href":"https:\/\/radiorevelacionfm.cl\/index.php?rest_route=\/wp\/v2\/posts\/36663\/revisions"}],"predecessor-version":[{"id":36666,"href":"https:\/\/radiorevelacionfm.cl\/index.php?rest_route=\/wp\/v2\/posts\/36663\/revisions\/36666"}],"wp:featuredmedia":[{"embeddable":true,"href":"https:\/\/radiorevelacionfm.cl\/index.php?rest_route=\/wp\/v2\/media\/36665"}],"wp:attachment":[{"href":"https:\/\/radiorevelacionfm.cl\/index.php?rest_route=%2Fwp%2Fv2%2Fmedia&parent=36663"}],"wp:term":[{"taxonomy":"category","embeddable":true,"href":"https:\/\/radiorevelacionfm.cl\/index.php?rest_route=%2Fwp%2Fv2%2Fcategories&post=36663"},{"taxonomy":"post_tag","embeddable":true,"href":"https:\/\/radiorevelacionfm.cl\/index.php?rest_route=%2Fwp%2Fv2%2Ftags&post=36663"}],"curies":[{"name":"wp","href":"https:\/\/api.w.org\/{rel}","templated":true}]}}