{"id":36660,"date":"2023-11-07T17:08:15","date_gmt":"2023-11-07T20:08:15","guid":{"rendered":"https:\/\/radiorevelacionfm.cl\/?p=36660"},"modified":"2023-11-07T17:08:15","modified_gmt":"2023-11-07T20:08:15","slug":"en-puerto-aysen-preparan-ornamentacion-navidena-para-fiestas-de-fin-de-ano","status":"publish","type":"post","link":"https:\/\/radiorevelacionfm.cl\/?p=36660","title":{"rendered":"En Puerto Ays\u00e9n preparan ornamentaci\u00f3n navide\u00f1a para Fiestas de Fin de A\u00f1o"},"content":{"rendered":"<div class=\"flex_column av_one_full  flex_column_div av-zero-column-padding first  avia-builder-el-0  el_before_av_one_full  avia-builder-el-first  \" style='border-radius:0px; '><div  class='avia-image-container  av-styling-    avia-builder-el-1  avia-builder-el-no-sibling  avia-align-center '  itemprop=\"image\" itemscope=\"itemscope\" itemtype=\"https:\/\/schema.org\/ImageObject\"  ><div class='avia-image-container-inner'><div class='avia-image-overlay-wrap'><img decoding=\"async\" class='wp-image-36661 avia-img-lazy-loading-not-36661 avia_image' src=\"https:\/\/radiorevelacionfm.cl\/wp-content\/uploads\/2023\/11\/INICIO-ORNAMENTACION-NAVIDENA-1-1-1.jpeg\" alt='' title='INICIO ORNAMENTACI\u00d3N NAVIDE\u00d1A 1 (1) (1)' height=\"600\" width=\"800\"  itemprop=\"thumbnailUrl\" srcset=\"https:\/\/radiorevelacionfm.cl\/wp-content\/uploads\/2023\/11\/INICIO-ORNAMENTACION-NAVIDENA-1-1-1.jpeg 800w, https:\/\/radiorevelacionfm.cl\/wp-content\/uploads\/2023\/11\/INICIO-ORNAMENTACION-NAVIDENA-1-1-1-300x225.jpeg 300w, https:\/\/radiorevelacionfm.cl\/wp-content\/uploads\/2023\/11\/INICIO-ORNAMENTACION-NAVIDENA-1-1-1-768x576.jpeg 768w, https:\/\/radiorevelacionfm.cl\/wp-content\/uploads\/2023\/11\/INICIO-ORNAMENTACION-NAVIDENA-1-1-1-705x529.jpeg 705w, https:\/\/radiorevelacionfm.cl\/wp-content\/uploads\/2023\/11\/INICIO-ORNAMENTACION-NAVIDENA-1-1-1-450x338.jpeg 450w, https:\/\/radiorevelacionfm.cl\/wp-content\/uploads\/2023\/11\/INICIO-ORNAMENTACION-NAVIDENA-1-1-1-600x450.jpeg 600w\" sizes=\"(max-width: 800px) 100vw, 800px\" \/><\/div><\/div><\/div><\/div><div class=\"flex_column av_one_full  flex_column_div av-zero-column-padding first  avia-builder-el-2  el_after_av_one_full  el_before_av_one_full  column-top-margin\" style='border-radius:0px; '><section class=\"av_textblock_section \"  itemscope=\"itemscope\" itemtype=\"https:\/\/schema.org\/BlogPosting\" itemprop=\"blogPost\" ><div class='avia_textblock  '   itemprop=\"text\" ><p style=\"text-align: center;\"><strong><span style=\"font-size: 18pt;\">En Puerto Ays\u00e9n preparan ornamentaci\u00f3n navide\u00f1a para Fiestas de Fin de A\u00f1o<\/span><\/strong><\/p>\n<div id=\"gtx-trans\" style=\"position: absolute; left: -50px; top: 4.31534px;\">\n<div class=\"gtx-trans-icon\"><\/div>\n<\/div>\n<\/div><\/section><\/div><div class=\"flex_column av_one_full  flex_column_div av-zero-column-padding first  avia-builder-el-4  el_after_av_one_full  el_before_av_hr  column-top-margin\" style='border-radius:0px; '><section class=\"av_textblock_section \"  itemscope=\"itemscope\" itemtype=\"https:\/\/schema.org\/BlogPosting\" itemprop=\"blogPost\" ><div class='avia_textblock  '   itemprop=\"text\" ><p style=\"text-align: justify;\">Funcionarios de la Direcci\u00f3n de Aseo Ornato y Medio Ambiente de la Municipalidad, se encuentran trabajando en el sector de la Plaza de Armas de Puerto Ays\u00e9n, con la finalidad de levantar la estructura que permite sostener el \u00e1rbol navide\u00f1o y las luminarias alusivas a las festividades de fin de a\u00f1o.<\/p>\n<p style=\"text-align: justify;\">El Alcalde, Julio Uribe, destac\u00f3 que en su periodo este es el tercer a\u00f1o que se llena de color la ciudad, buscando ser un atractivo para los vecinos y vecinas de la comuna, pero tambi\u00e9n de quienes visitar la zona a\u00f1o a a\u00f1o, principalmente en la \u00e9poca de verano.<\/p>\n<p style=\"text-align: justify;\">\u201cNuestros funcionarios municipales hacen todas estas instalaciones y en la Plaza de Armas ya comenzaron los trabajos para levantar las estructuras que estar\u00edan adornando para esta navidad y todas festividades, ya que, luego viene el aniversario de Puerto Ays\u00e9n\u201d.<\/p>\n<p style=\"text-align: justify;\">La m\u00e1xima autoridad comunal, agreg\u00f3 que se espera realizar la inauguraci\u00f3n de las luminarias despu\u00e9s de la primera semana del mes de diciembre pr\u00f3ximo.<\/p>\n<p style=\"text-align: justify;\">\u201cSe nos viene ya el verano y esperamos que podamos contar como siempre con la presencia de la comunidad y hacer el lanzamiento de las luces despu\u00e9s de la primera semana de diciembre que ya est\u00e1 siendo tradicional. Esperamos tambi\u00e9n con la presencia de artistas, villancicos y todo lo que conlleva el trabajo que realizamos para nuestra fiesta navide\u00f1a\u201d.<\/p>\n<p style=\"text-align: justify;\">Como a\u00f1o tambi\u00e9n se espera llegar a las localidades de la comuna, con las luminarias y adornos alusivos a las festividades de fin de a\u00f1o.<\/p>\n<\/div><\/section><\/div><div  style='height:50px' class='hr hr-invisible   avia-builder-el-6  el_after_av_one_full  el_before_av_social_share '><span class='hr-inner ' ><span class='hr-inner-style'><\/span><\/span><\/div><\/p>\n<div  class='av-social-sharing-box  avia-builder-el-7  el_after_av_hr  el_before_av_hr  '><div class='av-share-box'><h5 class='av-share-link-description av-no-toc '>Compartir esta noticia<\/h5><ul class='av-share-box-list noLightbox'><li class='av-share-link av-social-link-facebook' ><a target=\"_blank\" aria-label=\"Compartir en Facebook\" href='https:\/\/www.facebook.com\/sharer.php?u=https:\/\/radiorevelacionfm.cl\/?p=36660&#038;t=En%20Puerto%20Ays%C3%A9n%20preparan%20ornamentaci%C3%B3n%20navide%C3%B1a%20para%20Fiestas%20de%20Fin%20de%20A%C3%B1o' aria-hidden='false' data-av_icon='\ue8f3' data-av_iconfont='entypo-fontello' title='' data-avia-related-tooltip='Compartir en Facebook' rel=\"noopener\"><span class='avia_hidden_link_text'>Compartir en Facebook<\/span><\/a><\/li><li class='av-share-link av-social-link-twitter' ><a target=\"_blank\" aria-label=\"Compartir en Twitter\" href='https:\/\/twitter.com\/share?text=En%20Puerto%20Ays%C3%A9n%20preparan%20ornamentaci%C3%B3n%20navide%C3%B1a%20para%20Fiestas%20de%20Fin%20de%20A%C3%B1o&#038;url=https:\/\/radiorevelacionfm.cl\/?p=36660' aria-hidden='false' data-av_icon='\ue8f1' data-av_iconfont='entypo-fontello' title='' data-avia-related-tooltip='Compartir en Twitter' rel=\"noopener\"><span class='avia_hidden_link_text'>Compartir en Twitter<\/span><\/a><\/li><li class='av-share-link av-social-link-whatsapp' ><a target=\"_blank\" aria-label=\"Compartir en Whatsapp\" href='https:\/\/api.whatsapp.com\/send?text=https:\/\/radiorevelacionfm.cl\/?p=36660' aria-hidden='false' data-av_icon='\uf232' data-av_iconfont='entypo-fontello' title='' data-avia-related-tooltip='Compartir en Whatsapp' rel=\"noopener\"><span class='avia_hidden_link_text'>Compartir en Whatsapp<\/span><\/a><\/li><li class='av-share-link av-social-link-linkedin' ><a target=\"_blank\" aria-label=\"Compartir en LinkedIn\" href='https:\/\/linkedin.com\/shareArticle?mini=true&#038;title=En%20Puerto%20Ays%C3%A9n%20preparan%20ornamentaci%C3%B3n%20navide%C3%B1a%20para%20Fiestas%20de%20Fin%20de%20A%C3%B1o&#038;url=https:\/\/radiorevelacionfm.cl\/?p=36660' aria-hidden='false' data-av_icon='\ue8fc' data-av_iconfont='entypo-fontello' title='' data-avia-related-tooltip='Compartir en LinkedIn' rel=\"noopener\"><span class='avia_hidden_link_text'>Compartir en LinkedIn<\/span><\/a><\/li><li class='av-share-link av-social-link-mail' ><a  aria-label=\"Compartir por correo\" href='mailto:?subject=En%20Puerto%20Ays%C3%A9n%20preparan%20ornamentaci%C3%B3n%20navide%C3%B1a%20para%20Fiestas%20de%20Fin%20de%20A%C3%B1o&#038;body=https:\/\/radiorevelacionfm.cl\/?p=36660' aria-hidden='false' data-av_icon='\ue805' data-av_iconfont='entypo-fontello' title='' data-avia-related-tooltip='Compartir por correo'><span class='avia_hidden_link_text'>Compartir por correo<\/span><\/a><\/li><\/ul><\/div><\/div>\n<div  style='height:50px' class='hr hr-invisible   avia-builder-el-8  el_after_av_social_share  el_before_av_comments_list '><span class='hr-inner ' ><span class='hr-inner-style'><\/span><\/span><\/div>\n<div  class='av-buildercomment  av-blog-meta-html-info-disabled av-blog-meta-tag-disabled  '><\/div>\n","protected":false},"excerpt":{"rendered":"","protected":false},"author":1,"featured_media":36661,"comment_status":"open","ping_status":"open","sticky":false,"template":"","format":"standard","meta":{"footnotes":""},"categories":[38],"tags":[],"class_list":["post-36660","post","type-post","status-publish","format-standard","has-post-thumbnail","hentry","category-regional"],"jetpack_featured_media_url":"https:\/\/radiorevelacionfm.cl\/wp-content\/uploads\/2023\/11\/INICIO-ORNAMENTACION-NAVIDENA-1-1-1.jpeg","_links":{"self":[{"href":"https:\/\/radiorevelacionfm.cl\/index.php?rest_route=\/wp\/v2\/posts\/36660","targetHints":{"allow":["GET"]}}],"collection":[{"href":"https:\/\/radiorevelacionfm.cl\/index.php?rest_route=\/wp\/v2\/posts"}],"about":[{"href":"https:\/\/radiorevelacionfm.cl\/index.php?rest_route=\/wp\/v2\/types\/post"}],"author":[{"embeddable":true,"href":"https:\/\/radiorevelacionfm.cl\/index.php?rest_route=\/wp\/v2\/users\/1"}],"replies":[{"embeddable":true,"href":"https:\/\/radiorevelacionfm.cl\/index.php?rest_route=%2Fwp%2Fv2%2Fcomments&post=36660"}],"version-history":[{"count":1,"href":"https:\/\/radiorevelacionfm.cl\/index.php?rest_route=\/wp\/v2\/posts\/36660\/revisions"}],"predecessor-version":[{"id":36662,"href":"https:\/\/radiorevelacionfm.cl\/index.php?rest_route=\/wp\/v2\/posts\/36660\/revisions\/36662"}],"wp:featuredmedia":[{"embeddable":true,"href":"https:\/\/radiorevelacionfm.cl\/index.php?rest_route=\/wp\/v2\/media\/36661"}],"wp:attachment":[{"href":"https:\/\/radiorevelacionfm.cl\/index.php?rest_route=%2Fwp%2Fv2%2Fmedia&parent=36660"}],"wp:term":[{"taxonomy":"category","embeddable":true,"href":"https:\/\/radiorevelacionfm.cl\/index.php?rest_route=%2Fwp%2Fv2%2Fcategories&post=36660"},{"taxonomy":"post_tag","embeddable":true,"href":"https:\/\/radiorevelacionfm.cl\/index.php?rest_route=%2Fwp%2Fv2%2Ftags&post=36660"}],"curies":[{"name":"wp","href":"https:\/\/api.w.org\/{rel}","templated":true}]}}