{"id":36657,"date":"2023-11-08T15:54:23","date_gmt":"2023-11-08T18:54:23","guid":{"rendered":"https:\/\/radiorevelacionfm.cl\/?p=36657"},"modified":"2023-11-08T16:07:10","modified_gmt":"2023-11-08T19:07:10","slug":"feria-de-desarrollo-sostenible-realizada-en-plaza-de-coyhaique-logro-amplia-participacion-ciudadana","status":"publish","type":"post","link":"https:\/\/radiorevelacionfm.cl\/?p=36657","title":{"rendered":"\u201cFeria de Desarrollo Sostenible\u201d realizada en plaza de Coyhaique logr\u00f3 amplia participaci\u00f3n de la ciudadan\u00eda"},"content":{"rendered":"<div class=\"flex_column av_one_full  flex_column_div av-zero-column-padding first  avia-builder-el-0  el_before_av_one_full  avia-builder-el-first  \" style='border-radius:0px; '><div  class='avia-image-container  av-styling-    avia-builder-el-1  avia-builder-el-no-sibling  avia-align-center '  itemprop=\"image\" itemscope=\"itemscope\" itemtype=\"https:\/\/schema.org\/ImageObject\"  ><div class='avia-image-container-inner'><div class='avia-image-overlay-wrap'><img decoding=\"async\" class='wp-image-36658 avia-img-lazy-loading-not-36658 avia_image' src=\"https:\/\/radiorevelacionfm.cl\/wp-content\/uploads\/2023\/11\/20231107_143959704_ios-1_optimized-1.jpg\" alt='' title='20231107_143959704_ios-(1)_optimized (1)' height=\"600\" width=\"1142\"  itemprop=\"thumbnailUrl\" srcset=\"https:\/\/radiorevelacionfm.cl\/wp-content\/uploads\/2023\/11\/20231107_143959704_ios-1_optimized-1.jpg 1142w, https:\/\/radiorevelacionfm.cl\/wp-content\/uploads\/2023\/11\/20231107_143959704_ios-1_optimized-1-300x158.jpg 300w, https:\/\/radiorevelacionfm.cl\/wp-content\/uploads\/2023\/11\/20231107_143959704_ios-1_optimized-1-1030x541.jpg 1030w, https:\/\/radiorevelacionfm.cl\/wp-content\/uploads\/2023\/11\/20231107_143959704_ios-1_optimized-1-768x404.jpg 768w, https:\/\/radiorevelacionfm.cl\/wp-content\/uploads\/2023\/11\/20231107_143959704_ios-1_optimized-1-705x370.jpg 705w, https:\/\/radiorevelacionfm.cl\/wp-content\/uploads\/2023\/11\/20231107_143959704_ios-1_optimized-1-450x236.jpg 450w, https:\/\/radiorevelacionfm.cl\/wp-content\/uploads\/2023\/11\/20231107_143959704_ios-1_optimized-1-600x315.jpg 600w\" sizes=\"(max-width: 1142px) 100vw, 1142px\" \/><\/div><\/div><\/div><\/div>\n<div class=\"flex_column av_one_full  flex_column_div av-zero-column-padding first  avia-builder-el-2  el_after_av_one_full  el_before_av_one_full  column-top-margin\" style='border-radius:0px; '><section class=\"av_textblock_section \"  itemscope=\"itemscope\" itemtype=\"https:\/\/schema.org\/BlogPosting\" itemprop=\"blogPost\" ><div class='avia_textblock  '   itemprop=\"text\" ><p style=\"text-align: center;\"><strong><span style=\"font-size: 18pt;\">\u201cFeria de Desarrollo Sostenible\u201d realizada en plaza de Coyhaique logr\u00f3 amplia participaci\u00f3n de la ciudadan\u00eda<\/span><\/strong><\/p>\n<div id=\"gtx-trans\" style=\"position: absolute; left: -50px; top: 4.31534px;\">\n<div class=\"gtx-trans-icon\"><\/div>\n<\/div>\n<\/div><\/section><\/div><div class=\"flex_column av_one_full  flex_column_div av-zero-column-padding first  avia-builder-el-4  el_after_av_one_full  el_before_av_hr  column-top-margin\" style='border-radius:0px; '><section class=\"av_textblock_section \"  itemscope=\"itemscope\" itemtype=\"https:\/\/schema.org\/BlogPosting\" itemprop=\"blogPost\" ><div class='avia_textblock  '   itemprop=\"text\" ><p style=\"text-align: justify;\">Stands de diversas instituciones p\u00fablicas, privadas y de la sociedad civil se levantaron en la plaza pentagonal de Coyhaique para convocar a la ciudadan\u00eda a la \u201cFeria de Desarrollo Sostenible 2023\u201d. La actividad convocada por la Mesa Ays\u00e9n de la Pol\u00edtica Nacional de Educaci\u00f3n para el Desarrollo Sustentable, logr\u00f3 una amplia participaci\u00f3n de ni\u00f1os, ni\u00f1as, y profesionales que visitaron la muestra, as\u00ed como transe\u00fantes que detuvieron la marcha para conocer las iniciativas medioambientales disponibles en la regi\u00f3n de Ays\u00e9n.<\/p>\n<p style=\"text-align: justify;\">\u201cLa educaci\u00f3n ambiental juega un rol fundamental en el cambio de h\u00e1bitos, toma de conciencia y promoci\u00f3n de valores que permitan avanzar hacia un estilo de vida m\u00e1s sustentable y desde ah\u00ed, nuestro rol como secretar\u00eda ejecutiva de esta mesa y como Ministerio, es potenciar el trabajo intersectorial para sensibilizar y atraer el compromiso y acci\u00f3n ciudadana\u201d, relev\u00f3 el Seremi del Medio Ambiente, Yoal D\u00edaz.<\/p>\n<p style=\"text-align: justify;\">Durante la muestra vecinos y vecinas pudieron conocer sobre el ciclo del agua, energ\u00eda fotovoltaica, comunidades portal, iniciativas de educaci\u00f3n actualmente desarrolladas por PAR Explora, trayectos de turismo sin huella, movilidad activa y reciclaje, entre otras, donde adem\u00e1s se explic\u00f3 a los presentes c\u00f3mo hacerse parte de las actividades o realizar dichas acciones en casa, como en el Stand de JUNJI, donde los jardines infantiles pudieron mostrar a la comunidad algunos de los proyectos que est\u00e1n realizando con las y los p\u00e1rvulos \u201cel reciclaje de papel es una acci\u00f3n que estamos haciendo con los ni\u00f1os y ni\u00f1as este semestre, asi que obviamente el papel reciclado se viene para quedarse porque es muy divertido para trabajar con los ni\u00f1os, ellos disfrutan aprenden y tambi\u00e9n se le da una segunda vida los desechos que generamos en el establecimiento educativo\u201d, destac\u00f3 la\u00a0 encargada de medio ambiente del Jard\u00edn Infantil, Futuro Austral Yannia P\u00e9rez.<\/p>\n<p style=\"text-align: justify;\">La Mesa Ays\u00e9n PNEDS se conform\u00f3 el a\u00f1o 2005 buscado fortalecer el trabajo intersectorial potenciando las alianzas y generaci\u00f3n de redes en torno al objetivo de la promoci\u00f3n de la educaci\u00f3n para el desarrollo sustentable. Actualmente es integrada por el Gobierno Regional de Ays\u00e9n, las SEREMIS de Agricultura, del Medio Ambiente, de Salud, de Energ\u00eda, de Educaci\u00f3n, Direcci\u00f3n Provincial de Educaci\u00f3n, CONAF, PAR EXPLORA Campus Patagonia UACH, SERNATUR, Municipalidad de Coyhaique, Municipalidad de Ays\u00e9n, Patagonia sin Residuos, Corporaci\u00f3n Patagonia Viva, Fundaci\u00f3n Superaci\u00f3n Pobreza, IV Divisi\u00f3n de Ej\u00e9rcito, Fundaci\u00f3n Integra, Salmon Chile, Aqua Chile, Aguas Patagonia y Edelaysen; \u201cel municipio de Coyhaique est\u00e1 presidiendo esta mesa intersectorial, convocada por la Seremi del Medio Ambiente donde realizamos distintas actividades y mostramos el quehacer en torno al cuidado y protecci\u00f3n medioambiental. En esta feria sustentable, cada organizaci\u00f3n integrante, pero adem\u00e1s diferentes actores y colaboradores que hemos invitado est\u00e1n mostrando sus iniciativas en torno al cuidado del medio ambiente\u201d, explic\u00f3 la representante del municipio en la mesa PNEDS, Pamela C\u00e1rdenas.<\/p>\n<p style=\"text-align: justify;\">La Mesa Ays\u00e9n PNEDS busca generar procesos de educaci\u00f3n que promuevan ciudadanos empoderados y comprometidos con la construcci\u00f3n de una sociedad sustentable; potenciando las alianzas y generaci\u00f3n de redes en torno al objetivo de la promoci\u00f3n de la educaci\u00f3n para el desarrollo sustentable, enfocando su quehacer anual en un lema o consigna, este a\u00f1o 2023 y ante la triple crisis, clim\u00e1tica, de biodiversidad y de contaminaci\u00f3n; los esfuerzos de la mesa se han dedicado en poner a disposici\u00f3n de la ciudadan\u00eda elementos clave sobre sustentabilidad y acci\u00f3n clim\u00e1tica.<\/p>\n<p style=\"text-align: justify;\">Finalmente las autoridades convocantes agradecieron la alta participaci\u00f3n de la ciudadan\u00eda en la actividades y especialmente aquellos que hicieron uso del punto verde dispuesto por Patagonia sin residuos que, durante la jornada recepcion\u00f3 botellas de pl\u00e1stico PET, latas de aluminio y aceite vegetal usado.<\/p>\n<\/div><\/section><\/div><\/p>\n<div  style='height:50px' class='hr hr-invisible   avia-builder-el-6  el_after_av_one_full  el_before_av_social_share '><span class='hr-inner ' ><span class='hr-inner-style'><\/span><\/span><\/div>\n<div  class='av-social-sharing-box  avia-builder-el-7  el_after_av_hr  el_before_av_hr  '><div class='av-share-box'><h5 class='av-share-link-description av-no-toc '>Compartir esta noticia<\/h5><ul class='av-share-box-list noLightbox'><li class='av-share-link av-social-link-facebook' ><a target=\"_blank\" aria-label=\"Compartir en Facebook\" href='https:\/\/www.facebook.com\/sharer.php?u=https:\/\/radiorevelacionfm.cl\/?p=36657&#038;t=%E2%80%9CFeria%20de%20Desarrollo%20Sostenible%E2%80%9D%20realizada%20en%20plaza%20de%20Coyhaique%20logr%C3%B3%20amplia%20participaci%C3%B3n%20de%20la%20ciudadan%C3%ADa' aria-hidden='false' data-av_icon='\ue8f3' data-av_iconfont='entypo-fontello' title='' data-avia-related-tooltip='Compartir en Facebook' rel=\"noopener\"><span class='avia_hidden_link_text'>Compartir en Facebook<\/span><\/a><\/li><li class='av-share-link av-social-link-twitter' ><a target=\"_blank\" aria-label=\"Compartir en Twitter\" href='https:\/\/twitter.com\/share?text=%E2%80%9CFeria%20de%20Desarrollo%20Sostenible%E2%80%9D%20realizada%20en%20plaza%20de%20Coyhaique%20logr%C3%B3%20amplia%20participaci%C3%B3n%20de%20la%20ciudadan%C3%ADa&#038;url=https:\/\/radiorevelacionfm.cl\/?p=36657' aria-hidden='false' data-av_icon='\ue8f1' data-av_iconfont='entypo-fontello' title='' data-avia-related-tooltip='Compartir en Twitter' rel=\"noopener\"><span class='avia_hidden_link_text'>Compartir en Twitter<\/span><\/a><\/li><li class='av-share-link av-social-link-whatsapp' ><a target=\"_blank\" aria-label=\"Compartir en Whatsapp\" href='https:\/\/api.whatsapp.com\/send?text=https:\/\/radiorevelacionfm.cl\/?p=36657' aria-hidden='false' data-av_icon='\uf232' data-av_iconfont='entypo-fontello' title='' data-avia-related-tooltip='Compartir en Whatsapp' rel=\"noopener\"><span class='avia_hidden_link_text'>Compartir en Whatsapp<\/span><\/a><\/li><li class='av-share-link av-social-link-linkedin' ><a target=\"_blank\" aria-label=\"Compartir en LinkedIn\" href='https:\/\/linkedin.com\/shareArticle?mini=true&#038;title=%E2%80%9CFeria%20de%20Desarrollo%20Sostenible%E2%80%9D%20realizada%20en%20plaza%20de%20Coyhaique%20logr%C3%B3%20amplia%20participaci%C3%B3n%20de%20la%20ciudadan%C3%ADa&#038;url=https:\/\/radiorevelacionfm.cl\/?p=36657' aria-hidden='false' data-av_icon='\ue8fc' data-av_iconfont='entypo-fontello' title='' data-avia-related-tooltip='Compartir en LinkedIn' rel=\"noopener\"><span class='avia_hidden_link_text'>Compartir en LinkedIn<\/span><\/a><\/li><li class='av-share-link av-social-link-mail' ><a  aria-label=\"Compartir por correo\" href='mailto:?subject=%E2%80%9CFeria%20de%20Desarrollo%20Sostenible%E2%80%9D%20realizada%20en%20plaza%20de%20Coyhaique%20logr%C3%B3%20amplia%20participaci%C3%B3n%20de%20la%20ciudadan%C3%ADa&#038;body=https:\/\/radiorevelacionfm.cl\/?p=36657' aria-hidden='false' data-av_icon='\ue805' data-av_iconfont='entypo-fontello' title='' data-avia-related-tooltip='Compartir por correo'><span class='avia_hidden_link_text'>Compartir por correo<\/span><\/a><\/li><\/ul><\/div><\/div>\n<div  style='height:50px' class='hr hr-invisible   avia-builder-el-8  el_after_av_social_share  el_before_av_comments_list '><span class='hr-inner ' ><span class='hr-inner-style'><\/span><\/span><\/div>\n<div  class='av-buildercomment  av-blog-meta-html-info-disabled av-blog-meta-tag-disabled  '><\/div>\n","protected":false},"excerpt":{"rendered":"","protected":false},"author":1,"featured_media":36658,"comment_status":"open","ping_status":"open","sticky":false,"template":"","format":"standard","meta":{"footnotes":""},"categories":[39],"tags":[],"class_list":["post-36657","post","type-post","status-publish","format-standard","has-post-thumbnail","hentry","category-medio-ambiente"],"jetpack_featured_media_url":"https:\/\/radiorevelacionfm.cl\/wp-content\/uploads\/2023\/11\/20231107_143959704_ios-1_optimized-1.jpg","_links":{"self":[{"href":"https:\/\/radiorevelacionfm.cl\/index.php?rest_route=\/wp\/v2\/posts\/36657","targetHints":{"allow":["GET"]}}],"collection":[{"href":"https:\/\/radiorevelacionfm.cl\/index.php?rest_route=\/wp\/v2\/posts"}],"about":[{"href":"https:\/\/radiorevelacionfm.cl\/index.php?rest_route=\/wp\/v2\/types\/post"}],"author":[{"embeddable":true,"href":"https:\/\/radiorevelacionfm.cl\/index.php?rest_route=\/wp\/v2\/users\/1"}],"replies":[{"embeddable":true,"href":"https:\/\/radiorevelacionfm.cl\/index.php?rest_route=%2Fwp%2Fv2%2Fcomments&post=36657"}],"version-history":[{"count":3,"href":"https:\/\/radiorevelacionfm.cl\/index.php?rest_route=\/wp\/v2\/posts\/36657\/revisions"}],"predecessor-version":[{"id":36715,"href":"https:\/\/radiorevelacionfm.cl\/index.php?rest_route=\/wp\/v2\/posts\/36657\/revisions\/36715"}],"wp:featuredmedia":[{"embeddable":true,"href":"https:\/\/radiorevelacionfm.cl\/index.php?rest_route=\/wp\/v2\/media\/36658"}],"wp:attachment":[{"href":"https:\/\/radiorevelacionfm.cl\/index.php?rest_route=%2Fwp%2Fv2%2Fmedia&parent=36657"}],"wp:term":[{"taxonomy":"category","embeddable":true,"href":"https:\/\/radiorevelacionfm.cl\/index.php?rest_route=%2Fwp%2Fv2%2Fcategories&post=36657"},{"taxonomy":"post_tag","embeddable":true,"href":"https:\/\/radiorevelacionfm.cl\/index.php?rest_route=%2Fwp%2Fv2%2Ftags&post=36657"}],"curies":[{"name":"wp","href":"https:\/\/api.w.org\/{rel}","templated":true}]}}