{"id":36654,"date":"2023-11-07T18:05:39","date_gmt":"2023-11-07T21:05:39","guid":{"rendered":"https:\/\/radiorevelacionfm.cl\/?p=36654"},"modified":"2023-11-07T18:05:39","modified_gmt":"2023-11-07T21:05:39","slug":"espacios-culturales-de-tortel-y-cochrane-se-adjudican-convocatoria-para-programacion-artistica","status":"publish","type":"post","link":"https:\/\/radiorevelacionfm.cl\/?p=36654","title":{"rendered":"Espacios culturales de Tortel y Cochrane se adjudican convocatoria para programaci\u00f3n art\u00edstica"},"content":{"rendered":"<div class=\"flex_column av_one_full  flex_column_div av-zero-column-padding first  avia-builder-el-0  el_before_av_one_full  avia-builder-el-first  \" style='border-radius:0px; '><div  class='avia-image-container  av-styling-    avia-builder-el-1  avia-builder-el-no-sibling  avia-align-center '  itemprop=\"image\" itemscope=\"itemscope\" itemtype=\"https:\/\/schema.org\/ImageObject\"  ><div class='avia-image-container-inner'><div class='avia-image-overlay-wrap'><img decoding=\"async\" class='wp-image-36655 avia-img-lazy-loading-not-36655 avia_image' src=\"https:\/\/radiorevelacionfm.cl\/wp-content\/uploads\/2023\/11\/actividades-artisticas-centro-cultural-cochrane-3-1_optimized_optimized.jpg\" alt='' title='actividades-art\u00edsticas----centro-cultural-cochrane-3-(1)_optimized_optimized' height=\"600\" width=\"899\"  itemprop=\"thumbnailUrl\" srcset=\"https:\/\/radiorevelacionfm.cl\/wp-content\/uploads\/2023\/11\/actividades-artisticas-centro-cultural-cochrane-3-1_optimized_optimized.jpg 899w, https:\/\/radiorevelacionfm.cl\/wp-content\/uploads\/2023\/11\/actividades-artisticas-centro-cultural-cochrane-3-1_optimized_optimized-300x200.jpg 300w, https:\/\/radiorevelacionfm.cl\/wp-content\/uploads\/2023\/11\/actividades-artisticas-centro-cultural-cochrane-3-1_optimized_optimized-768x513.jpg 768w, https:\/\/radiorevelacionfm.cl\/wp-content\/uploads\/2023\/11\/actividades-artisticas-centro-cultural-cochrane-3-1_optimized_optimized-705x471.jpg 705w, https:\/\/radiorevelacionfm.cl\/wp-content\/uploads\/2023\/11\/actividades-artisticas-centro-cultural-cochrane-3-1_optimized_optimized-450x300.jpg 450w, https:\/\/radiorevelacionfm.cl\/wp-content\/uploads\/2023\/11\/actividades-artisticas-centro-cultural-cochrane-3-1_optimized_optimized-600x400.jpg 600w\" sizes=\"(max-width: 899px) 100vw, 899px\" \/><\/div><\/div><\/div><\/div><div class=\"flex_column av_one_full  flex_column_div av-zero-column-padding first  avia-builder-el-2  el_after_av_one_full  el_before_av_one_full  column-top-margin\" style='border-radius:0px; '><section class=\"av_textblock_section \"  itemscope=\"itemscope\" itemtype=\"https:\/\/schema.org\/BlogPosting\" itemprop=\"blogPost\" ><div class='avia_textblock  '   itemprop=\"text\" ><p style=\"text-align: center;\"><span style=\"font-size: 18pt;\"><strong>Espacios culturales de Tortel y Cochrane se adjudican convocatoria para programaci\u00f3n art\u00edstica<\/strong><\/span><\/p>\n<div id=\"gtx-trans\" style=\"position: absolute; left: -50px; top: 4.31534px;\">\n<div class=\"gtx-trans-icon\"><\/div>\n<\/div>\n<\/div><\/section><\/div><div class=\"flex_column av_one_full  flex_column_div av-zero-column-padding first  avia-builder-el-4  el_after_av_one_full  el_before_av_hr  column-top-margin\" style='border-radius:0px; '><section class=\"av_textblock_section \"  itemscope=\"itemscope\" itemtype=\"https:\/\/schema.org\/BlogPosting\" itemprop=\"blogPost\" ><div class='avia_textblock  '   itemprop=\"text\" ><p style=\"text-align: justify;\"><em>Un total de 331.031.408 millones ser\u00e1n transferidos a espacios culturales de todo Chile. La inyecci\u00f3n de recursos busca fortalecer la planificaci\u00f3n e iniciativas levantadas en beneficio de la sociedad civil.<\/em><\/p>\n<p style=\"text-align: justify;\">El Ministerio de las Culturas, las Artes y el Patrimonio, a trav\u00e9s de su programa Red Cultura comunic\u00f3 los resultados de la convocatoria p\u00fablica para la Gesti\u00f3n Cultural Local, la que tuvo un total de 36 comunas seleccionadas a lo largo del pa\u00eds. En la regi\u00f3n, Tortel y Cochrane se adjudicaron por segundo a\u00f1o consecutivo los recursos para continuar el trabajo impulsado desde sus espacios culturales.<\/p>\n<p style=\"text-align: justify;\">A diferencia de las versiones anteriores, este a\u00f1o el financiamiento para la programaci\u00f3n puso el acento en aquellos espacios culturales municipales que tuvieran vigente su Plan Municipal de Cultura (PMC) y firmada la Agenda de Desarrollo Cultural Comunal 2023-2028. Lo anterior en base al modelo de pertinencia local y la escucha activa de las comunidades al momento de trazar una hoja de ruta representativa de las necesidades art\u00edsticas y territoriales.<\/p>\n<p style=\"text-align: justify;\">Al igual que el 2022, los proyectos \u201cFestival Caleta Tortel, II versi\u00f3n\u201d y \u201cProgramaci\u00f3n Art\u00edstica Centro Cultural\u201d, permitir\u00e1n la circulaci\u00f3n de producciones identitarias junto a la participaci\u00f3n ciudadana que cada a\u00f1o cobra mayor inter\u00e9s frente el acceso al arte, el derecho a descanso y disfrute de las manifestaciones simb\u00f3licas, torn\u00e1ndose una demanda latente el contar con una cartelera actualizada y variada tanto para adultos y ni\u00f1os.<\/p>\n<p style=\"text-align: justify;\">Frente a los resultados, el titular de cultura en la Regi\u00f3n de Ays\u00e9n, Felipe Quiroz, manifest\u00f3: \u201cDesde la Secretar\u00eda Ministerial vemos con mucho orgullo que dos municipios hayan continuado nuestra alianza en materia de Gesti\u00f3n Cultural Local\u201d. La autoridad tambi\u00e9n enfatiz\u00f3 los beneficios que conllevan convocatorias de directo impacto en la construcci\u00f3n de la vida cultural y la socializaci\u00f3n de pr\u00e1cticas entre los habitantes. \u201cEste resultado es producto del esfuerzo de los gobiernos locales para relevar y proyectar una agenda program\u00e1tica que haga sentido a las comunidades\u201d.<\/p>\n<p style=\"text-align: justify;\">Tras el anuncio oficial del ministerio, el encargo del Centro Cultural de Cochrane, Danilo Cruces, ante los resultados que abren el abanico de posibilidades en materia art\u00edstica y patrimonial, sostuvo: \u201cEs importante para nosotros no s\u00f3lo como comuna de Cochrane, sino que para todo el territorio aysenino porque las dificultades que experimentamos para programar, hacer actividades, en realidad son dificultades enfrentadas por toda la regi\u00f3n. En el fondo estamos todos en la misma situaci\u00f3n, entonces creo que ser una vez m\u00e1s favorecidos con esta convocatoria es sin dudas algo que nos motiva e impulsa a seguir\u201d.<\/p>\n<p style=\"text-align: justify;\">Desde Tortel, la encargada subrogante de Cultura, Karem Unda, puntualiz\u00f3 lo significativo del financiamiento para la organizaci\u00f3n y proyecci\u00f3n de actividades a partir de las particularidades del proyecto, entre las que se considera la participaci\u00f3n de adolescentes y personas mayores. \u201cEs muy necesario contar con los fondos, esto dado que se entrega el reconocimiento al valor cultural y un espacio de uni\u00f3n y trabajo colaborativo en distintas instancias art\u00edsticas, culturales y tambi\u00e9n sociales\u201d.<\/p>\n<\/div><\/section><\/div><div  style='height:50px' class='hr hr-invisible   avia-builder-el-6  el_after_av_one_full  el_before_av_social_share '><span class='hr-inner ' ><span class='hr-inner-style'><\/span><\/span><\/div><\/p>\n<div  class='av-social-sharing-box  avia-builder-el-7  el_after_av_hr  el_before_av_hr  '><div class='av-share-box'><h5 class='av-share-link-description av-no-toc '>Compartir esta noticia<\/h5><ul class='av-share-box-list noLightbox'><li class='av-share-link av-social-link-facebook' ><a target=\"_blank\" aria-label=\"Compartir en Facebook\" href='https:\/\/www.facebook.com\/sharer.php?u=https:\/\/radiorevelacionfm.cl\/?p=36654&#038;t=Espacios%20culturales%20de%20Tortel%20y%20Cochrane%20se%20adjudican%20convocatoria%20para%20programaci%C3%B3n%20art%C3%ADstica' aria-hidden='false' data-av_icon='\ue8f3' data-av_iconfont='entypo-fontello' title='' data-avia-related-tooltip='Compartir en Facebook' rel=\"noopener\"><span class='avia_hidden_link_text'>Compartir en Facebook<\/span><\/a><\/li><li class='av-share-link av-social-link-twitter' ><a target=\"_blank\" aria-label=\"Compartir en Twitter\" href='https:\/\/twitter.com\/share?text=Espacios%20culturales%20de%20Tortel%20y%20Cochrane%20se%20adjudican%20convocatoria%20para%20programaci%C3%B3n%20art%C3%ADstica&#038;url=https:\/\/radiorevelacionfm.cl\/?p=36654' aria-hidden='false' data-av_icon='\ue8f1' data-av_iconfont='entypo-fontello' title='' data-avia-related-tooltip='Compartir en Twitter' rel=\"noopener\"><span class='avia_hidden_link_text'>Compartir en Twitter<\/span><\/a><\/li><li class='av-share-link av-social-link-whatsapp' ><a target=\"_blank\" aria-label=\"Compartir en Whatsapp\" href='https:\/\/api.whatsapp.com\/send?text=https:\/\/radiorevelacionfm.cl\/?p=36654' aria-hidden='false' data-av_icon='\uf232' data-av_iconfont='entypo-fontello' title='' data-avia-related-tooltip='Compartir en Whatsapp' rel=\"noopener\"><span class='avia_hidden_link_text'>Compartir en Whatsapp<\/span><\/a><\/li><li class='av-share-link av-social-link-linkedin' ><a target=\"_blank\" aria-label=\"Compartir en LinkedIn\" href='https:\/\/linkedin.com\/shareArticle?mini=true&#038;title=Espacios%20culturales%20de%20Tortel%20y%20Cochrane%20se%20adjudican%20convocatoria%20para%20programaci%C3%B3n%20art%C3%ADstica&#038;url=https:\/\/radiorevelacionfm.cl\/?p=36654' aria-hidden='false' data-av_icon='\ue8fc' data-av_iconfont='entypo-fontello' title='' data-avia-related-tooltip='Compartir en LinkedIn' rel=\"noopener\"><span class='avia_hidden_link_text'>Compartir en LinkedIn<\/span><\/a><\/li><li class='av-share-link av-social-link-mail' ><a  aria-label=\"Compartir por correo\" href='mailto:?subject=Espacios%20culturales%20de%20Tortel%20y%20Cochrane%20se%20adjudican%20convocatoria%20para%20programaci%C3%B3n%20art%C3%ADstica&#038;body=https:\/\/radiorevelacionfm.cl\/?p=36654' aria-hidden='false' data-av_icon='\ue805' data-av_iconfont='entypo-fontello' title='' data-avia-related-tooltip='Compartir por correo'><span class='avia_hidden_link_text'>Compartir por correo<\/span><\/a><\/li><\/ul><\/div><\/div>\n<div  style='height:50px' class='hr hr-invisible   avia-builder-el-8  el_after_av_social_share  el_before_av_comments_list '><span class='hr-inner ' ><span class='hr-inner-style'><\/span><\/span><\/div>\n<div  class='av-buildercomment  av-blog-meta-html-info-disabled av-blog-meta-tag-disabled  '><\/div>\n","protected":false},"excerpt":{"rendered":"","protected":false},"author":1,"featured_media":36655,"comment_status":"open","ping_status":"open","sticky":false,"template":"","format":"standard","meta":{"footnotes":""},"categories":[52],"tags":[],"class_list":["post-36654","post","type-post","status-publish","format-standard","has-post-thumbnail","hentry","category-cultura"],"jetpack_featured_media_url":"https:\/\/radiorevelacionfm.cl\/wp-content\/uploads\/2023\/11\/actividades-artisticas-centro-cultural-cochrane-3-1_optimized_optimized.jpg","_links":{"self":[{"href":"https:\/\/radiorevelacionfm.cl\/index.php?rest_route=\/wp\/v2\/posts\/36654","targetHints":{"allow":["GET"]}}],"collection":[{"href":"https:\/\/radiorevelacionfm.cl\/index.php?rest_route=\/wp\/v2\/posts"}],"about":[{"href":"https:\/\/radiorevelacionfm.cl\/index.php?rest_route=\/wp\/v2\/types\/post"}],"author":[{"embeddable":true,"href":"https:\/\/radiorevelacionfm.cl\/index.php?rest_route=\/wp\/v2\/users\/1"}],"replies":[{"embeddable":true,"href":"https:\/\/radiorevelacionfm.cl\/index.php?rest_route=%2Fwp%2Fv2%2Fcomments&post=36654"}],"version-history":[{"count":1,"href":"https:\/\/radiorevelacionfm.cl\/index.php?rest_route=\/wp\/v2\/posts\/36654\/revisions"}],"predecessor-version":[{"id":36656,"href":"https:\/\/radiorevelacionfm.cl\/index.php?rest_route=\/wp\/v2\/posts\/36654\/revisions\/36656"}],"wp:featuredmedia":[{"embeddable":true,"href":"https:\/\/radiorevelacionfm.cl\/index.php?rest_route=\/wp\/v2\/media\/36655"}],"wp:attachment":[{"href":"https:\/\/radiorevelacionfm.cl\/index.php?rest_route=%2Fwp%2Fv2%2Fmedia&parent=36654"}],"wp:term":[{"taxonomy":"category","embeddable":true,"href":"https:\/\/radiorevelacionfm.cl\/index.php?rest_route=%2Fwp%2Fv2%2Fcategories&post=36654"},{"taxonomy":"post_tag","embeddable":true,"href":"https:\/\/radiorevelacionfm.cl\/index.php?rest_route=%2Fwp%2Fv2%2Ftags&post=36654"}],"curies":[{"name":"wp","href":"https:\/\/api.w.org\/{rel}","templated":true}]}}