{"id":36651,"date":"2023-11-07T15:09:30","date_gmt":"2023-11-07T18:09:30","guid":{"rendered":"https:\/\/radiorevelacionfm.cl\/?p=36651"},"modified":"2023-11-07T15:09:30","modified_gmt":"2023-11-07T18:09:30","slug":"artesano-aysenino-rodrigo-lizama-gana-medalla-internacional-de-artesania","status":"publish","type":"post","link":"https:\/\/radiorevelacionfm.cl\/?p=36651","title":{"rendered":"Artesano aysenino Rodrigo Lizama gana medalla internacional de artesan\u00eda"},"content":{"rendered":"<div class=\"flex_column av_one_full  flex_column_div av-zero-column-padding first  avia-builder-el-0  el_before_av_one_full  avia-builder-el-first  \" style='border-radius:0px; '><div  class='avia-image-container  av-styling-    avia-builder-el-1  avia-builder-el-no-sibling  avia-align-center '  itemprop=\"image\" itemscope=\"itemscope\" itemtype=\"https:\/\/schema.org\/ImageObject\"  ><div class='avia-image-container-inner'><div class='avia-image-overlay-wrap'><img decoding=\"async\" class='wp-image-36652 avia-img-lazy-loading-not-36652 avia_image' src=\"https:\/\/radiorevelacionfm.cl\/wp-content\/uploads\/2023\/11\/rodrigo-lizama-1_optimized.jpg\" alt='' title='rodrigo-lizama-(1)_optimized' height=\"600\" width=\"901\"  itemprop=\"thumbnailUrl\" srcset=\"https:\/\/radiorevelacionfm.cl\/wp-content\/uploads\/2023\/11\/rodrigo-lizama-1_optimized.jpg 901w, https:\/\/radiorevelacionfm.cl\/wp-content\/uploads\/2023\/11\/rodrigo-lizama-1_optimized-300x200.jpg 300w, https:\/\/radiorevelacionfm.cl\/wp-content\/uploads\/2023\/11\/rodrigo-lizama-1_optimized-768x511.jpg 768w, https:\/\/radiorevelacionfm.cl\/wp-content\/uploads\/2023\/11\/rodrigo-lizama-1_optimized-705x469.jpg 705w, https:\/\/radiorevelacionfm.cl\/wp-content\/uploads\/2023\/11\/rodrigo-lizama-1_optimized-450x300.jpg 450w, https:\/\/radiorevelacionfm.cl\/wp-content\/uploads\/2023\/11\/rodrigo-lizama-1_optimized-600x400.jpg 600w\" sizes=\"(max-width: 901px) 100vw, 901px\" \/><\/div><\/div><\/div><\/div><div class=\"flex_column av_one_full  flex_column_div av-zero-column-padding first  avia-builder-el-2  el_after_av_one_full  el_before_av_one_full  column-top-margin\" style='border-radius:0px; '><section class=\"av_textblock_section \"  itemscope=\"itemscope\" itemtype=\"https:\/\/schema.org\/BlogPosting\" itemprop=\"blogPost\" ><div class='avia_textblock  '   itemprop=\"text\" ><p style=\"text-align: center;\"><span style=\"font-size: 18pt;\"><b>Artesano aysenino Rodrigo Lizama gana medalla internacional de artesan\u00eda<\/b><\/span><\/p>\n<div id=\"gtx-trans\" style=\"position: absolute; left: -50px; top: 4.31534px;\">\n<div class=\"gtx-trans-icon\"><\/div>\n<\/div>\n<\/div><\/section><\/div><div class=\"flex_column av_one_full  flex_column_div av-zero-column-padding first  avia-builder-el-4  el_after_av_one_full  el_before_av_hr  column-top-margin\" style='border-radius:0px; '><section class=\"av_textblock_section \"  itemscope=\"itemscope\" itemtype=\"https:\/\/schema.org\/BlogPosting\" itemprop=\"blogPost\" ><div class='avia_textblock  '   itemprop=\"text\" ><p style=\"text-align: justify;\">Desde Cuenca, Ecuador, llegan excelentes noticias para el sector artesanal de la Regi\u00f3n de Ays\u00e9n. El artesano en madera Rodrigo Lizama fue galardonado con la Medalla del Centro Interamericano de Artesan\u00edas y Artes Populares (CIDAP), premio que se entreg\u00f3 durante la 22\u00ba edici\u00f3n del Festival de las Artesan\u00edas de Am\u00e9rica Faam 2023.<\/p>\n<p style=\"text-align: justify;\">Se trata de uno de los principales festivales de artesan\u00edas de Am\u00e9rica Latina y el mayor de excelencia en Ecuador, hasta donde llegan exponentes destacados del continente para experimentar un intercambio cultural, de procesos y materialidades.<\/p>\n<p style=\"text-align: justify;\">El \u00c1rea de Artesan\u00eda del Ministerio de las Culturas, las Artes y el Patrimonio patrocin\u00f3 y apoy\u00f3 la participaci\u00f3n de artesanos y artesanos que han sido distinguidos con el Sello de Excelencia de la Artesan\u00eda, como fue el caso Rodrigo Lizama en 2017 y 2021.<\/p>\n<p style=\"text-align: justify;\">Lizama obtuvo los sellos por piezas que modelan finos y suaves p\u00e1jaros en madera, adem\u00e1s del Sello de Reconocimiento de Excelencia del Consejo Mundial de Artesan\u00edas-UNESCO para la Artesan\u00eda del Cono Sur. Emocionado con este reconocimiento, el artesano cuenta que \u201clos \u00faltimos a\u00f1os he entregado la vida a desarrollarme como cultor del volumen en madera, aprendiendo siempre nuevas t\u00e9cnicas, desarrollando nuevos dise\u00f1os, explotando mi imaginario y mi cuerpo en la b\u00fasqueda de la excelencia en el oficio, por lo que este reconocimiento, adem\u00e1s de hacerme muy feliz, viene a confirmar que las miles de horas dedicadas a esta labor no han sido en vano y tambi\u00e9n marca un hito en mi relaci\u00f3n con los artesanos de Ecuador que comenz\u00f3 el a\u00f1o 2018 cuando particip\u00e9 por primera vez en el Festival de Artesan\u00edas de America\u201d.<\/p>\n<p style=\"text-align: justify;\">La medalla CIDAP promueve la labor artesanal y reconoce la excelencia de la artesan\u00eda, y los saberes y tradiciones que preservan la memoria e identidad de los pueblos. Se trata de un homenaje a la vida de los artesanos y artesanas y a las comunidades artesanales que destacan por sus oficios a nivel nacional e internacional.<\/p>\n<p style=\"text-align: justify;\">Para el seremi de las Culturas Ays\u00e9n, Felipe Quiroz, se trata de \u201cun incentivo mayor no solo para la inagotable creatividad de Rodrigo Lizama, sino para las nuevas generaciones de artesanos y artesanas que pueden ver en estos oficios una profesi\u00f3n cada vez m\u00e1s valorada social y culturalmente\u201d.<\/p>\n<p style=\"text-align: justify;\">Este 2023, Chile particip\u00f3 como invitado especial en el Festival de Artesan\u00edas de Am\u00e9rica Faam 2023, que incluy\u00f3 la presentaci\u00f3n musical de Nano Stern, una muestra gastron\u00f3mica, y una muestra de arpilleras tradicionales y contempor\u00e1neas.<\/p>\n<\/div><\/section><\/div><div  style='height:50px' class='hr hr-invisible   avia-builder-el-6  el_after_av_one_full  el_before_av_social_share '><span class='hr-inner ' ><span class='hr-inner-style'><\/span><\/span><\/div><\/p>\n<div  class='av-social-sharing-box  avia-builder-el-7  el_after_av_hr  el_before_av_hr  '><div class='av-share-box'><h5 class='av-share-link-description av-no-toc '>Compartir esta noticia<\/h5><ul class='av-share-box-list noLightbox'><li class='av-share-link av-social-link-facebook' ><a target=\"_blank\" aria-label=\"Compartir en Facebook\" href='https:\/\/www.facebook.com\/sharer.php?u=https:\/\/radiorevelacionfm.cl\/?p=36651&#038;t=Artesano%20aysenino%20Rodrigo%20Lizama%20gana%20medalla%20internacional%20de%20artesan%C3%ADa' aria-hidden='false' data-av_icon='\ue8f3' data-av_iconfont='entypo-fontello' title='' data-avia-related-tooltip='Compartir en Facebook' rel=\"noopener\"><span class='avia_hidden_link_text'>Compartir en Facebook<\/span><\/a><\/li><li class='av-share-link av-social-link-twitter' ><a target=\"_blank\" aria-label=\"Compartir en Twitter\" href='https:\/\/twitter.com\/share?text=Artesano%20aysenino%20Rodrigo%20Lizama%20gana%20medalla%20internacional%20de%20artesan%C3%ADa&#038;url=https:\/\/radiorevelacionfm.cl\/?p=36651' aria-hidden='false' data-av_icon='\ue8f1' data-av_iconfont='entypo-fontello' title='' data-avia-related-tooltip='Compartir en Twitter' rel=\"noopener\"><span class='avia_hidden_link_text'>Compartir en Twitter<\/span><\/a><\/li><li class='av-share-link av-social-link-whatsapp' ><a target=\"_blank\" aria-label=\"Compartir en Whatsapp\" href='https:\/\/api.whatsapp.com\/send?text=https:\/\/radiorevelacionfm.cl\/?p=36651' aria-hidden='false' data-av_icon='\uf232' data-av_iconfont='entypo-fontello' title='' data-avia-related-tooltip='Compartir en Whatsapp' rel=\"noopener\"><span class='avia_hidden_link_text'>Compartir en Whatsapp<\/span><\/a><\/li><li class='av-share-link av-social-link-linkedin' ><a target=\"_blank\" aria-label=\"Compartir en LinkedIn\" href='https:\/\/linkedin.com\/shareArticle?mini=true&#038;title=Artesano%20aysenino%20Rodrigo%20Lizama%20gana%20medalla%20internacional%20de%20artesan%C3%ADa&#038;url=https:\/\/radiorevelacionfm.cl\/?p=36651' aria-hidden='false' data-av_icon='\ue8fc' data-av_iconfont='entypo-fontello' title='' data-avia-related-tooltip='Compartir en LinkedIn' rel=\"noopener\"><span class='avia_hidden_link_text'>Compartir en LinkedIn<\/span><\/a><\/li><li class='av-share-link av-social-link-mail' ><a  aria-label=\"Compartir por correo\" href='mailto:?subject=Artesano%20aysenino%20Rodrigo%20Lizama%20gana%20medalla%20internacional%20de%20artesan%C3%ADa&#038;body=https:\/\/radiorevelacionfm.cl\/?p=36651' aria-hidden='false' data-av_icon='\ue805' data-av_iconfont='entypo-fontello' title='' data-avia-related-tooltip='Compartir por correo'><span class='avia_hidden_link_text'>Compartir por correo<\/span><\/a><\/li><\/ul><\/div><\/div>\n<div  style='height:50px' class='hr hr-invisible   avia-builder-el-8  el_after_av_social_share  el_before_av_comments_list '><span class='hr-inner ' ><span class='hr-inner-style'><\/span><\/span><\/div>\n<div  class='av-buildercomment  av-blog-meta-html-info-disabled av-blog-meta-tag-disabled  '><\/div>\n","protected":false},"excerpt":{"rendered":"","protected":false},"author":1,"featured_media":36652,"comment_status":"open","ping_status":"open","sticky":false,"template":"","format":"standard","meta":{"footnotes":""},"categories":[52],"tags":[],"class_list":["post-36651","post","type-post","status-publish","format-standard","has-post-thumbnail","hentry","category-cultura"],"jetpack_featured_media_url":"https:\/\/radiorevelacionfm.cl\/wp-content\/uploads\/2023\/11\/rodrigo-lizama-1_optimized.jpg","_links":{"self":[{"href":"https:\/\/radiorevelacionfm.cl\/index.php?rest_route=\/wp\/v2\/posts\/36651","targetHints":{"allow":["GET"]}}],"collection":[{"href":"https:\/\/radiorevelacionfm.cl\/index.php?rest_route=\/wp\/v2\/posts"}],"about":[{"href":"https:\/\/radiorevelacionfm.cl\/index.php?rest_route=\/wp\/v2\/types\/post"}],"author":[{"embeddable":true,"href":"https:\/\/radiorevelacionfm.cl\/index.php?rest_route=\/wp\/v2\/users\/1"}],"replies":[{"embeddable":true,"href":"https:\/\/radiorevelacionfm.cl\/index.php?rest_route=%2Fwp%2Fv2%2Fcomments&post=36651"}],"version-history":[{"count":1,"href":"https:\/\/radiorevelacionfm.cl\/index.php?rest_route=\/wp\/v2\/posts\/36651\/revisions"}],"predecessor-version":[{"id":36653,"href":"https:\/\/radiorevelacionfm.cl\/index.php?rest_route=\/wp\/v2\/posts\/36651\/revisions\/36653"}],"wp:featuredmedia":[{"embeddable":true,"href":"https:\/\/radiorevelacionfm.cl\/index.php?rest_route=\/wp\/v2\/media\/36652"}],"wp:attachment":[{"href":"https:\/\/radiorevelacionfm.cl\/index.php?rest_route=%2Fwp%2Fv2%2Fmedia&parent=36651"}],"wp:term":[{"taxonomy":"category","embeddable":true,"href":"https:\/\/radiorevelacionfm.cl\/index.php?rest_route=%2Fwp%2Fv2%2Fcategories&post=36651"},{"taxonomy":"post_tag","embeddable":true,"href":"https:\/\/radiorevelacionfm.cl\/index.php?rest_route=%2Fwp%2Fv2%2Ftags&post=36651"}],"curies":[{"name":"wp","href":"https:\/\/api.w.org\/{rel}","templated":true}]}}