{"id":36647,"date":"2023-11-07T14:51:48","date_gmt":"2023-11-07T17:51:48","guid":{"rendered":"https:\/\/radiorevelacionfm.cl\/?p=36647"},"modified":"2023-11-07T14:51:48","modified_gmt":"2023-11-07T17:51:48","slug":"mop-invierte-sobre-8-mil-millones-en-mejoramiento-de-aerodromos-en-la-region","status":"publish","type":"post","link":"https:\/\/radiorevelacionfm.cl\/?p=36647","title":{"rendered":"MOP invierte sobre 8 mil millones en mejoramiento de aer\u00f3dromos en la regi\u00f3n"},"content":{"rendered":"<div class=\"flex_column av_one_full  flex_column_div av-zero-column-padding first  avia-builder-el-0  el_before_av_one_full  avia-builder-el-first  \" style='border-radius:0px; '><div  class='avia-image-container  av-styling-    avia-builder-el-1  avia-builder-el-no-sibling  avia-align-center '  itemprop=\"image\" itemscope=\"itemscope\" itemtype=\"https:\/\/schema.org\/ImageObject\"  ><div class='avia-image-container-inner'><div class='avia-image-overlay-wrap'><img decoding=\"async\" class='wp-image-36649 avia-img-lazy-loading-not-36649 avia_image' src=\"https:\/\/radiorevelacionfm.cl\/wp-content\/uploads\/2023\/11\/teniente-vidal-aerodromo-1-1_optimized.jpg\" alt='' title='teniente-vidal-aerodromo-1-(1)_optimized' height=\"600\" width=\"900\"  itemprop=\"thumbnailUrl\" srcset=\"https:\/\/radiorevelacionfm.cl\/wp-content\/uploads\/2023\/11\/teniente-vidal-aerodromo-1-1_optimized.jpg 900w, https:\/\/radiorevelacionfm.cl\/wp-content\/uploads\/2023\/11\/teniente-vidal-aerodromo-1-1_optimized-300x200.jpg 300w, https:\/\/radiorevelacionfm.cl\/wp-content\/uploads\/2023\/11\/teniente-vidal-aerodromo-1-1_optimized-768x512.jpg 768w, https:\/\/radiorevelacionfm.cl\/wp-content\/uploads\/2023\/11\/teniente-vidal-aerodromo-1-1_optimized-705x470.jpg 705w, https:\/\/radiorevelacionfm.cl\/wp-content\/uploads\/2023\/11\/teniente-vidal-aerodromo-1-1_optimized-450x300.jpg 450w, https:\/\/radiorevelacionfm.cl\/wp-content\/uploads\/2023\/11\/teniente-vidal-aerodromo-1-1_optimized-600x400.jpg 600w\" sizes=\"(max-width: 900px) 100vw, 900px\" \/><\/div><\/div><\/div><\/div><div class=\"flex_column av_one_full  flex_column_div av-zero-column-padding first  avia-builder-el-2  el_after_av_one_full  el_before_av_one_full  column-top-margin\" style='border-radius:0px; '><section class=\"av_textblock_section \"  itemscope=\"itemscope\" itemtype=\"https:\/\/schema.org\/BlogPosting\" itemprop=\"blogPost\" ><div class='avia_textblock  '   itemprop=\"text\" ><p style=\"text-align: center;\"><strong><span style=\"font-size: 18pt;\">MOP invierte sobre 8 mil millones en mejoramiento de aer\u00f3dromos en la regi\u00f3n<\/span><\/strong><\/p>\n<div id=\"gtx-trans\" style=\"position: absolute; left: -50px; top: 4.31534px;\">\n<div class=\"gtx-trans-icon\"><\/div>\n<\/div>\n<\/div><\/section><\/div><div class=\"flex_column av_one_full  flex_column_div av-zero-column-padding first  avia-builder-el-4  el_after_av_one_full  el_before_av_hr  column-top-margin\" style='border-radius:0px; '><section class=\"av_textblock_section \"  itemscope=\"itemscope\" itemtype=\"https:\/\/schema.org\/BlogPosting\" itemprop=\"blogPost\" ><div class='avia_textblock  '   itemprop=\"text\" ><p style=\"text-align: justify;\"><em>Obras que se materializar\u00e1n durante el \u00faltimo trimestre de este a\u00f1o y el a\u00f1o 2024, apuntan a garantizar est\u00e1ndar de seguridad operacional en los Aer\u00f3dromos.<\/em><\/p>\n<p style=\"text-align: justify;\">El Secretario Regional Ministerial de Obras P\u00fablicas, Patricio Sanhueza Ulloa, destac\u00f3 la importante inversi\u00f3n que el gobierno del presidente Gabriel Boric est\u00e1 realizando en la regi\u00f3n de Ays\u00e9n a trav\u00e9s de la Direcci\u00f3n Regional de Aeropuertos, la que alcanza los ocho mil millones de pesos en el mejoramiento de diversos Aer\u00f3dromos que se ejecutar\u00e1 durante el \u00faltimo trimestre del a\u00f1o 2023 y el a\u00f1o 2024.<\/p>\n<p style=\"text-align: justify;\">\u201cFue adjudicado y se inici\u00f3 el contrato de conservaci\u00f3n mayor del Aer\u00f3dromo de Villa O\u2019Higgins, el que integra el Plan de Mejoramiento para la Integraci\u00f3n y Conectividad, cumpliendo el compromiso del presidente Gabriel Boric y que fue adjudicado a la empresa constructora AGS por $1.808 millones de inversi\u00f3n, a la que se suma la Asesor\u00eda a la Inspecci\u00f3n Fiscal adjudicada a la empresa Ferrer y Asociados Ingenieros Consultores S.A con una inversi\u00f3n de 158 millones de pesos; tambi\u00e9n se adjudic\u00f3 a la empresa constructora FAMCO los trabajos de reparaci\u00f3n de cercos perimetrales en los Aer\u00f3dromos Teniente Vidal en Coyhaique con una inversi\u00f3n de $301 millones y Cabo 1\u00b0 Juan Rom\u00e1n en Puerto Ays\u00e9n el que considera una inversi\u00f3n de $317 millones, ambas obras son muy importantes en la entrega de seguridad a los Aer\u00f3dromos as\u00ed como tambi\u00e9n para la realizaci\u00f3n de las operaciones a\u00e9reas sin interrupciones, previniendo con ello eventual entrada de animales a la pista. Se suma a ello, la adjudicaci\u00f3n de las obras de conservaci\u00f3n con sello en la pista del Aeropuerto de Balmaceda a la Empresa Duhao con una inversi\u00f3n de $1.173 millones de pesos; tambi\u00e9n en proceso de evaluaci\u00f3n econ\u00f3mica se encuentran los contratos de conservaci\u00f3n mayor del Aer\u00f3dromo de Puyuhuapi y la conservaci\u00f3n mayor del Aer\u00f3dromo de Chile Chico, este \u00faltimo busca terminar los trabajos que quedaron inconclusos producto de la quiebra de la empresa a cargo. El \u00faltimo contrato licitado a fines del mes de octubre fue la conservaci\u00f3n rutinaria del Aeropuerto de Balmaceda para realizar labores de limpieza de fosos, trabajos que est\u00e1n programados materializar a inicios del a\u00f1o 2024 y las obras de mejoramiento del Aer\u00f3dromo de Pto. Cisnes que su licitaci\u00f3n se realizar\u00e1 el segundo semestre del 2024.Todas estas obras buscan garantizar un est\u00e1ndar de seguridad operacional en todos los Aer\u00f3dromos intervenidos de nuestra regi\u00f3n de Ays\u00e9n, los que cumplen el importante rol de mantener conectados v\u00eda a\u00e9rea a todas las personas\u201d, destac\u00f3 el SEREMI del MOP.<\/p>\n<p style=\"text-align: justify;\">Cada uno de estos contratos, agreg\u00f3 la autoridad sectorial de Obras P\u00fablicas, \u201ctraer\u00e1 consigo la generaci\u00f3n de empleo permanente y de calidad, as\u00ed como tambi\u00e9n forman parte de los contratos que estamos impulsando entre las empresas contratistas en reciente workshop realizado en la capital del pa\u00eds, para impulsar la participaci\u00f3n de las empresas constructoras en nuestras licitaciones, as\u00ed como tambi\u00e9n dar nuevas oportunidades a la industria, fortalecer la econom\u00eda regional y entregar obras de calidad a la comunidad regional. Cuando hacemos esta inversi\u00f3n p\u00fablica en las peque\u00f1as localidades atraemos empleo local lo que es muy significativo, porque genera dinamismo econ\u00f3mico relevante, as\u00ed que felicitamos al equipo de la Direcci\u00f3n de Aeropuertos que ha logrado pr\u00e1cticamente duplicar la inversi\u00f3n en ejecuci\u00f3n, y sus licitaciones han tenido buen resultado, porque todas las obras que ellos han llamado a licitaci\u00f3n\u00a0 han logrado estar acorde a los precios que los oferentes han presentado, as\u00ed que han sido un \u00e9xito\u201d.<\/p>\n<p style=\"text-align: justify;\"><strong><u>AER\u00d3DROMO DE MELINKA<\/u><\/strong><\/p>\n<p style=\"text-align: justify;\">Para informar a la comunidad los pr\u00f3ximos trabajos de conservaci\u00f3n que se realizar\u00e1n en la pista del Aer\u00f3dromo de Melinka, ubicado en la comuna de Las Guaitecas viaj\u00f3 esta semana la Directora Regional de Aeropuertos del MOP Anita \u00c1lvarez Lemus, junto a su equipo t\u00e9cnico, quienes acompa\u00f1ados por las autoridades locales realizaron una inspecci\u00f3n t\u00e9cnica a la pista a intervenir.<\/p>\n<p style=\"text-align: justify;\">Durante la visita inspectiva, la Directora Regional de Aeropuertos se\u00f1al\u00f3 \u201clas obras son parte de los contratos de conservaci\u00f3n mayor a los Aer\u00f3dromos con la aplicaci\u00f3n de doble tratamiento superficial asf\u00e1ltico en la pista, trabajos de roce y limpieza de fosos entre otras obras, que deber\u00e1 realizar la empresa Transportes Correntoso LTDA supervisada por la Inspecci\u00f3n Fiscal del personal de la Direcci\u00f3n Regional de Aeropuertos, y consideran una inversi\u00f3n de 694 millones de pesos. Estos trabajos en Melinka contar\u00e1n tambi\u00e9n con asesor\u00eda a la Inspecci\u00f3n Fiscal a cargo la empresa RYQ ingenier\u00eda S.A la que considera una inversi\u00f3n de $145 millones\u201d.<\/p>\n<\/div><\/section><\/div><div  style='height:50px' class='hr hr-invisible   avia-builder-el-6  el_after_av_one_full  el_before_av_social_share '><span class='hr-inner ' ><span class='hr-inner-style'><\/span><\/span><\/div><\/p>\n<div  class='av-social-sharing-box  avia-builder-el-7  el_after_av_hr  el_before_av_hr  '><div class='av-share-box'><h5 class='av-share-link-description av-no-toc '>Compartir esta noticia<\/h5><ul class='av-share-box-list noLightbox'><li class='av-share-link av-social-link-facebook' ><a target=\"_blank\" aria-label=\"Compartir en Facebook\" href='https:\/\/www.facebook.com\/sharer.php?u=https:\/\/radiorevelacionfm.cl\/?p=36647&#038;t=MOP%20invierte%20sobre%208%20mil%20millones%20en%20mejoramiento%20de%20aer%C3%B3dromos%20en%20la%20regi%C3%B3n' aria-hidden='false' data-av_icon='\ue8f3' data-av_iconfont='entypo-fontello' title='' data-avia-related-tooltip='Compartir en Facebook' rel=\"noopener\"><span class='avia_hidden_link_text'>Compartir en Facebook<\/span><\/a><\/li><li class='av-share-link av-social-link-twitter' ><a target=\"_blank\" aria-label=\"Compartir en Twitter\" href='https:\/\/twitter.com\/share?text=MOP%20invierte%20sobre%208%20mil%20millones%20en%20mejoramiento%20de%20aer%C3%B3dromos%20en%20la%20regi%C3%B3n&#038;url=https:\/\/radiorevelacionfm.cl\/?p=36647' aria-hidden='false' data-av_icon='\ue8f1' data-av_iconfont='entypo-fontello' title='' data-avia-related-tooltip='Compartir en Twitter' rel=\"noopener\"><span class='avia_hidden_link_text'>Compartir en Twitter<\/span><\/a><\/li><li class='av-share-link av-social-link-whatsapp' ><a target=\"_blank\" aria-label=\"Compartir en Whatsapp\" href='https:\/\/api.whatsapp.com\/send?text=https:\/\/radiorevelacionfm.cl\/?p=36647' aria-hidden='false' data-av_icon='\uf232' data-av_iconfont='entypo-fontello' title='' data-avia-related-tooltip='Compartir en Whatsapp' rel=\"noopener\"><span class='avia_hidden_link_text'>Compartir en Whatsapp<\/span><\/a><\/li><li class='av-share-link av-social-link-linkedin' ><a target=\"_blank\" aria-label=\"Compartir en LinkedIn\" href='https:\/\/linkedin.com\/shareArticle?mini=true&#038;title=MOP%20invierte%20sobre%208%20mil%20millones%20en%20mejoramiento%20de%20aer%C3%B3dromos%20en%20la%20regi%C3%B3n&#038;url=https:\/\/radiorevelacionfm.cl\/?p=36647' aria-hidden='false' data-av_icon='\ue8fc' data-av_iconfont='entypo-fontello' title='' data-avia-related-tooltip='Compartir en LinkedIn' rel=\"noopener\"><span class='avia_hidden_link_text'>Compartir en LinkedIn<\/span><\/a><\/li><li class='av-share-link av-social-link-mail' ><a  aria-label=\"Compartir por correo\" href='mailto:?subject=MOP%20invierte%20sobre%208%20mil%20millones%20en%20mejoramiento%20de%20aer%C3%B3dromos%20en%20la%20regi%C3%B3n&#038;body=https:\/\/radiorevelacionfm.cl\/?p=36647' aria-hidden='false' data-av_icon='\ue805' data-av_iconfont='entypo-fontello' title='' data-avia-related-tooltip='Compartir por correo'><span class='avia_hidden_link_text'>Compartir por correo<\/span><\/a><\/li><\/ul><\/div><\/div>\n<div  style='height:50px' class='hr hr-invisible   avia-builder-el-8  el_after_av_social_share  el_before_av_comments_list '><span class='hr-inner ' ><span class='hr-inner-style'><\/span><\/span><\/div>\n<div  class='av-buildercomment  av-blog-meta-html-info-disabled av-blog-meta-tag-disabled  '><\/div>\n","protected":false},"excerpt":{"rendered":"","protected":false},"author":1,"featured_media":36649,"comment_status":"open","ping_status":"open","sticky":false,"template":"","format":"standard","meta":{"footnotes":""},"categories":[38],"tags":[],"class_list":["post-36647","post","type-post","status-publish","format-standard","has-post-thumbnail","hentry","category-regional"],"jetpack_featured_media_url":"https:\/\/radiorevelacionfm.cl\/wp-content\/uploads\/2023\/11\/teniente-vidal-aerodromo-1-1_optimized.jpg","_links":{"self":[{"href":"https:\/\/radiorevelacionfm.cl\/index.php?rest_route=\/wp\/v2\/posts\/36647","targetHints":{"allow":["GET"]}}],"collection":[{"href":"https:\/\/radiorevelacionfm.cl\/index.php?rest_route=\/wp\/v2\/posts"}],"about":[{"href":"https:\/\/radiorevelacionfm.cl\/index.php?rest_route=\/wp\/v2\/types\/post"}],"author":[{"embeddable":true,"href":"https:\/\/radiorevelacionfm.cl\/index.php?rest_route=\/wp\/v2\/users\/1"}],"replies":[{"embeddable":true,"href":"https:\/\/radiorevelacionfm.cl\/index.php?rest_route=%2Fwp%2Fv2%2Fcomments&post=36647"}],"version-history":[{"count":1,"href":"https:\/\/radiorevelacionfm.cl\/index.php?rest_route=\/wp\/v2\/posts\/36647\/revisions"}],"predecessor-version":[{"id":36650,"href":"https:\/\/radiorevelacionfm.cl\/index.php?rest_route=\/wp\/v2\/posts\/36647\/revisions\/36650"}],"wp:featuredmedia":[{"embeddable":true,"href":"https:\/\/radiorevelacionfm.cl\/index.php?rest_route=\/wp\/v2\/media\/36649"}],"wp:attachment":[{"href":"https:\/\/radiorevelacionfm.cl\/index.php?rest_route=%2Fwp%2Fv2%2Fmedia&parent=36647"}],"wp:term":[{"taxonomy":"category","embeddable":true,"href":"https:\/\/radiorevelacionfm.cl\/index.php?rest_route=%2Fwp%2Fv2%2Fcategories&post=36647"},{"taxonomy":"post_tag","embeddable":true,"href":"https:\/\/radiorevelacionfm.cl\/index.php?rest_route=%2Fwp%2Fv2%2Ftags&post=36647"}],"curies":[{"name":"wp","href":"https:\/\/api.w.org\/{rel}","templated":true}]}}