{"id":36644,"date":"2023-11-08T10:45:19","date_gmt":"2023-11-08T13:45:19","guid":{"rendered":"https:\/\/radiorevelacionfm.cl\/?p=36644"},"modified":"2023-11-08T10:45:19","modified_gmt":"2023-11-08T13:45:19","slug":"chile-cuida-gobierno-entrega-bases-del-sistema-nacional-e-integral-de-cuidados-y-anuncia-proyecto-de-ley-para-2024","status":"publish","type":"post","link":"https:\/\/radiorevelacionfm.cl\/?p=36644","title":{"rendered":"\u00abChile Cuida\u00bb: Gobierno entrega bases del Sistema Nacional e Integral de Cuidados y anuncia proyecto de ley para 2024"},"content":{"rendered":"<div class=\"flex_column av_one_full  flex_column_div av-zero-column-padding first  avia-builder-el-0  el_before_av_one_full  avia-builder-el-first  \" style='border-radius:0px; '><div  class='avia-image-container  av-styling-    avia-builder-el-1  avia-builder-el-no-sibling  avia-align-center '  itemprop=\"image\" itemscope=\"itemscope\" itemtype=\"https:\/\/schema.org\/ImageObject\"  ><div class='avia-image-container-inner'><div class='avia-image-overlay-wrap'><img decoding=\"async\" class='wp-image-36645 avia-img-lazy-loading-not-36645 avia_image' src=\"https:\/\/radiorevelacionfm.cl\/wp-content\/uploads\/2023\/11\/seremi-anuncio-2-1_optimized.jpg\" alt='' title='seremi-anuncio-2-(1)_optimized' height=\"600\" width=\"1067\"  itemprop=\"thumbnailUrl\" srcset=\"https:\/\/radiorevelacionfm.cl\/wp-content\/uploads\/2023\/11\/seremi-anuncio-2-1_optimized.jpg 1067w, https:\/\/radiorevelacionfm.cl\/wp-content\/uploads\/2023\/11\/seremi-anuncio-2-1_optimized-300x169.jpg 300w, https:\/\/radiorevelacionfm.cl\/wp-content\/uploads\/2023\/11\/seremi-anuncio-2-1_optimized-1030x579.jpg 1030w, https:\/\/radiorevelacionfm.cl\/wp-content\/uploads\/2023\/11\/seremi-anuncio-2-1_optimized-768x432.jpg 768w, https:\/\/radiorevelacionfm.cl\/wp-content\/uploads\/2023\/11\/seremi-anuncio-2-1_optimized-705x396.jpg 705w, https:\/\/radiorevelacionfm.cl\/wp-content\/uploads\/2023\/11\/seremi-anuncio-2-1_optimized-450x253.jpg 450w, https:\/\/radiorevelacionfm.cl\/wp-content\/uploads\/2023\/11\/seremi-anuncio-2-1_optimized-600x337.jpg 600w\" sizes=\"(max-width: 1067px) 100vw, 1067px\" \/><\/div><\/div><\/div><\/div><div class=\"flex_column av_one_full  flex_column_div av-zero-column-padding first  avia-builder-el-2  el_after_av_one_full  el_before_av_one_full  column-top-margin\" style='border-radius:0px; '><section class=\"av_textblock_section \"  itemscope=\"itemscope\" itemtype=\"https:\/\/schema.org\/BlogPosting\" itemprop=\"blogPost\" ><div class='avia_textblock  '   itemprop=\"text\" ><p style=\"text-align: center;\"><span style=\"font-size: 18pt;\"><span lang=\"ES-MX\"><b class=\"v1ContentPasted0\">\u00abChile Cuida\u00bb: Gobierno entrega bases del Sistema Nacional e Integral de Cuidados y anuncia proyecto de ley para 2024<\/b><\/span><span lang=\"ES-MX\"><b class=\"v1ContentPasted0\">\u00a0<\/b><\/span><\/span><\/p>\n<p style=\"text-align: center;\"><span lang=\"ES-MX\" style=\"font-size: 18pt;\">\u00a0<\/span><\/p>\n<div id=\"gtx-trans\" style=\"position: absolute; left: -50px; top: 4.31534px;\">\n<div class=\"gtx-trans-icon\"><\/div>\n<\/div>\n<\/div><\/section><\/div><div class=\"flex_column av_one_full  flex_column_div av-zero-column-padding first  avia-builder-el-4  el_after_av_one_full  el_before_av_hr  column-top-margin\" style='border-radius:0px; '><section class=\"av_textblock_section \"  itemscope=\"itemscope\" itemtype=\"https:\/\/schema.org\/BlogPosting\" itemprop=\"blogPost\" ><div class='avia_textblock  '   itemprop=\"text\" ><p style=\"text-align: justify;\"><i><span class=\"v1ContentPasted0\" lang=\"ES-MX\">En Ays\u00e9n la Seremi de Desarrollo Social y Familia\u00a0<\/span><span class=\"v1ContentPasted0\" lang=\"ES-MX\">destaca la construcci\u00f3n de un nuevo centro comunitario de cuidados y valora i<\/span><span class=\"v1ContentPasted0\" lang=\"ES-MX\">ngreso de proyecto de ley que institucionaliza el cuidado como un derecho social y humano.<\/span><span class=\"v1ContentPasted0\" lang=\"ES-MX\">\u00a0<\/span><\/i><\/p>\n<p style=\"text-align: justify;\"><span class=\"v1ContentPasted0\" lang=\"ES-MX\">Denominado como Chile Cuida, este lunes el presidente Gabriel Boric dio a conocer las bases del Sistema Nacional e Integral de Cuidados, bajo los principios de que es un derecho social y humano, anunciando un incremento en el presupuesto 2024\u00a0<\/span><span class=\"v1ContentPasted0\" lang=\"ES-MX\"><span class=\"v1ContentPasted0\">\u00a0<\/span><\/span><span class=\"v1ContentPasted0\" lang=\"ES-MX\">de un 25%\u00a0<\/span><span class=\"v1ContentPasted0\" lang=\"ES-MX\"><span class=\"v1ContentPasted0\">\u00a0<\/span><\/span><span class=\"v1ContentPasted0\" lang=\"ES-MX\">en los recursos destinados a cuidados con m\u00e1s de $94 mil millones\u00a0<\/span><span class=\"v1ContentPasted0\" lang=\"ES-MX\"><span class=\"v1ContentPasted0\">\u00a0<\/span><\/span><span class=\"v1ContentPasted0\" lang=\"ES-MX\">para fortalecer la oferta existente y sumar nuevas medidas.<\/span><span class=\"v1ContentPasted0\" lang=\"ES-MX\">\u00a0<\/span><\/p>\n<p style=\"text-align: justify;\"><span class=\"v1ContentPasted0\" lang=\"ES-MX\">El Presidente Gabriel Boric resalt\u00f3\u00a0<\/span><span class=\"v1ContentPasted0\" lang=\"ES-MX\"><span class=\"v1ContentPasted0\">\u00a0<\/span><\/span><span class=\"v1ContentPasted0\" lang=\"ES-MX\">que \u00ab<\/span><span class=\"v1ContentPasted0\" lang=\"ES-MX\">Esperemos que cuando se apruebe el presupuesto de este a\u00f1o a fines de este mes, el presupuesto del Ministerio de Desarrollo Social y Familia va a haber fortalecido y ampliado su cobertura en el \u00e1mbito de cuidados en un 25%.<\/span><span class=\"v1ContentPasted0\">\u00a0La sociedad chilena reconoce a las cuidadoras.\u00a0<\/span><span class=\"v1ContentPasted0\">Y adem\u00e1s anunciamos un proyecto de ley que institucionaliza el sistema nacional e integral de cuidado Chile Cuida y que va a ser ingresado al Parlamento durante el primer semestre del 2024.<\/span><span class=\"v1ContentPasted0\">\u00a0A medida que nuestra poblaci\u00f3n envejece, las necesidades de cuidado van en aumento y, por lo tanto, se hace cada vez m\u00e1s necesario hacernos cargo de una red que cuide a quienes cuidan. Por ello, Chile necesita un nuevo pacto fiscal, porque esto lo tenemos que sostener responsablemente en el tiempo\u00bb.<\/span><span lang=\"ES-MX\">\u00a0<\/span><\/p>\n<p style=\"text-align: justify;\"><span class=\"v1ContentPasted0\" lang=\"ES-MX\">Desde Centro de Cuidado de Adultos Mayores de Puerto Ib\u00e1\u00f1ez, la Seremi de Desarrollo Social y Familia Karina Acevedo, valor\u00f3 el ingreso del proyecto de ley para el pr\u00f3ximo semestre al Congreso\u00a0<\/span><span class=\"v1ContentPasted0\" lang=\"CA\">\u00ab<\/span><span class=\"v1ContentPasted0\" lang=\"ES-MX\">Estamos muy muy contentos como Min<\/span><span class=\"v1ContentPasted0\">is<\/span><span class=\"v1ContentPasted0\">terio<\/span><span class=\"v1ContentPasted0\">\u00a0en la regi\u00f3n de Ays\u00e9n, con el proyecto de ley que crea un Sistema Nacional de Cuidados, ese es un proyecto que nace de todas las regiones, de los di\u00e1logos que desarrollamos en todas las comunas donde levantamos nuestras medidas y nuestra mirada del territorio. E<\/span><span class=\"v1ContentPasted0\">s s\u00faper importante para poder lograr que este sistema integral de cuidado se concrete, que podamos contar con un nuevo pacto fiscal y que nos sumemos en este espacio como un Estado y como sociedad comprometida en estos cambios.<\/span><span class=\"v1ContentPasted0\">\u00a0Con el tema de Cuidados hagamos visible<\/span><span class=\"v1ContentPasted0\">\u00a0lo i<\/span><span class=\"v1ContentPasted0\">nvisible<\/span><span class=\"v1ContentPasted0\">,<\/span><span class=\"v1ContentPasted0\">\u00a0porque es necesario que vayamos cambiando la l\u00f3gica cultural.\u00a0<\/span><span lang=\"ES-MX\">\u00a0<\/span><\/p>\n<p style=\"text-align: justify;\"><span class=\"v1ContentPasted0\" lang=\"ES-MX\">La autoridad regional enfatiz\u00f3 en que las nuevas bases de \u00abChile<\/span><span class=\"v1ContentPasted0\">\u00a0Cuida\u00bb es un deber de reconstrucci\u00f3n como pa\u00eds y como sociedad<\/span><span class=\"v1ContentPasted0\">, poniendo en valor<\/span><span class=\"v1ContentPasted0\" lang=\"ES-MX\">\u00a0<\/span><span class=\"v1ContentPasted0\" lang=\"CA\">\u00abQueremos<\/span><span class=\"v1ContentPasted0\">\u00a0destacar el futuro Centro\u00a0<\/span><span class=\"v1ContentPasted0\">Comunitario<\/span><span class=\"v1ContentPasted0\">\u00a0que se\u00a0<\/span><span class=\"v1ContentPasted0\">establece<\/span><span class=\"v1ContentPasted0\">\u00a0en Puerto\u00a0<\/span><span class=\"v1ContentPasted0\">Ays\u00e9n<\/span><span class=\"v1ContentPasted0\">\u00a0<\/span><span class=\"v1ContentPasted0\">con gentileza del alcalde que nos da el espacio y con recursos del Estado para poder construir a trav\u00e9s del Serviu. Adem\u00e1s de eso el presidente enfatiza en una nueva residencia para personas\u00a0<\/span><span class=\"v1ContentPasted0\">con<\/span><span class=\"v1ContentPasted0\">\u00a0discapacidad, que es de\u00a0<\/span><span class=\"v1ContentPasted0\">Senadis<\/span><span class=\"v1ContentPasted0\">\u00a0y que no tenemos en la regi\u00f3n y es importante. Eso es un desaf\u00edo pa\u00eds y el\u00a0<\/span><span class=\"v1ContentPasted0\">p<\/span><span class=\"v1ContentPasted0\">residente nos invita a sumarnos a este nuevo Sistema Integral de Cuidados\u00bb.<\/span><span lang=\"ES-MX\">\u00a0<\/span><\/p>\n<p style=\"text-align: justify;\"><span class=\"v1ContentPasted0\" lang=\"ES-MX\">Finalmente, se hizo hincapi\u00e9 en el uso de la credencial de personas cuidadoras, que es la puerta de entrada para el Sistema Nacional de Cuidados, ya que no solo las reconoce, sino que adem\u00e1s busca reducir los tiempos de espera en servicios p\u00fablicos. En esa l\u00ednea, la seremi Karina Acevedo llam\u00f3 a seguir inscribi\u00e9ndose en el Registro Social de Hogares para seguir fortaleciendo esta herramienta que, por ahora, adem\u00e1s de entregar informaci\u00f3n sobre las personas cuidadoras, otorga el beneficio de tener atenci\u00f3n preferencial en algunos servicios del Estado, como el Registro Civil, y BancoEstado y donde adem\u00e1s los privados tambi\u00e9n fueron llamados a sumarse.\u00a0<\/span><span class=\"v1ContentPasted0\" lang=\"ES-MX\"><b>\u00a0<\/b><\/span><\/p>\n<\/div><\/section><\/div><div  style='height:50px' class='hr hr-invisible   avia-builder-el-6  el_after_av_one_full  el_before_av_social_share '><span class='hr-inner ' ><span class='hr-inner-style'><\/span><\/span><\/div><\/p>\n<div  class='av-social-sharing-box  avia-builder-el-7  el_after_av_hr  el_before_av_hr  '><div class='av-share-box'><h5 class='av-share-link-description av-no-toc '>Compartir esta noticia<\/h5><ul class='av-share-box-list noLightbox'><li class='av-share-link av-social-link-facebook' ><a target=\"_blank\" aria-label=\"Compartir en Facebook\" href='https:\/\/www.facebook.com\/sharer.php?u=https:\/\/radiorevelacionfm.cl\/?p=36644&#038;t=%C2%ABChile%20Cuida%C2%BB%3A%20Gobierno%20entrega%20bases%20del%20Sistema%20Nacional%20e%20Integral%20de%20Cuidados%20y%20anuncia%20proyecto%20de%20ley%20para%202024' aria-hidden='false' data-av_icon='\ue8f3' data-av_iconfont='entypo-fontello' title='' data-avia-related-tooltip='Compartir en Facebook' rel=\"noopener\"><span class='avia_hidden_link_text'>Compartir en Facebook<\/span><\/a><\/li><li class='av-share-link av-social-link-twitter' ><a target=\"_blank\" aria-label=\"Compartir en Twitter\" href='https:\/\/twitter.com\/share?text=%C2%ABChile%20Cuida%C2%BB%3A%20Gobierno%20entrega%20bases%20del%20Sistema%20Nacional%20e%20Integral%20de%20Cuidados%20y%20anuncia%20proyecto%20de%20ley%20para%202024&#038;url=https:\/\/radiorevelacionfm.cl\/?p=36644' aria-hidden='false' data-av_icon='\ue8f1' data-av_iconfont='entypo-fontello' title='' data-avia-related-tooltip='Compartir en Twitter' rel=\"noopener\"><span class='avia_hidden_link_text'>Compartir en Twitter<\/span><\/a><\/li><li class='av-share-link av-social-link-whatsapp' ><a target=\"_blank\" aria-label=\"Compartir en Whatsapp\" href='https:\/\/api.whatsapp.com\/send?text=https:\/\/radiorevelacionfm.cl\/?p=36644' aria-hidden='false' data-av_icon='\uf232' data-av_iconfont='entypo-fontello' title='' data-avia-related-tooltip='Compartir en Whatsapp' rel=\"noopener\"><span class='avia_hidden_link_text'>Compartir en Whatsapp<\/span><\/a><\/li><li class='av-share-link av-social-link-linkedin' ><a target=\"_blank\" aria-label=\"Compartir en LinkedIn\" href='https:\/\/linkedin.com\/shareArticle?mini=true&#038;title=%C2%ABChile%20Cuida%C2%BB%3A%20Gobierno%20entrega%20bases%20del%20Sistema%20Nacional%20e%20Integral%20de%20Cuidados%20y%20anuncia%20proyecto%20de%20ley%20para%202024&#038;url=https:\/\/radiorevelacionfm.cl\/?p=36644' aria-hidden='false' data-av_icon='\ue8fc' data-av_iconfont='entypo-fontello' title='' data-avia-related-tooltip='Compartir en LinkedIn' rel=\"noopener\"><span class='avia_hidden_link_text'>Compartir en LinkedIn<\/span><\/a><\/li><li class='av-share-link av-social-link-mail' ><a  aria-label=\"Compartir por correo\" href='mailto:?subject=%C2%ABChile%20Cuida%C2%BB%3A%20Gobierno%20entrega%20bases%20del%20Sistema%20Nacional%20e%20Integral%20de%20Cuidados%20y%20anuncia%20proyecto%20de%20ley%20para%202024&#038;body=https:\/\/radiorevelacionfm.cl\/?p=36644' aria-hidden='false' data-av_icon='\ue805' data-av_iconfont='entypo-fontello' title='' data-avia-related-tooltip='Compartir por correo'><span class='avia_hidden_link_text'>Compartir por correo<\/span><\/a><\/li><\/ul><\/div><\/div>\n<div  style='height:50px' class='hr hr-invisible   avia-builder-el-8  el_after_av_social_share  el_before_av_comments_list '><span class='hr-inner ' ><span class='hr-inner-style'><\/span><\/span><\/div>\n<div  class='av-buildercomment  av-blog-meta-html-info-disabled av-blog-meta-tag-disabled  '><\/div>\n","protected":false},"excerpt":{"rendered":"","protected":false},"author":1,"featured_media":36645,"comment_status":"open","ping_status":"open","sticky":false,"template":"","format":"standard","meta":{"footnotes":""},"categories":[38],"tags":[],"class_list":["post-36644","post","type-post","status-publish","format-standard","has-post-thumbnail","hentry","category-regional"],"jetpack_featured_media_url":"https:\/\/radiorevelacionfm.cl\/wp-content\/uploads\/2023\/11\/seremi-anuncio-2-1_optimized.jpg","_links":{"self":[{"href":"https:\/\/radiorevelacionfm.cl\/index.php?rest_route=\/wp\/v2\/posts\/36644","targetHints":{"allow":["GET"]}}],"collection":[{"href":"https:\/\/radiorevelacionfm.cl\/index.php?rest_route=\/wp\/v2\/posts"}],"about":[{"href":"https:\/\/radiorevelacionfm.cl\/index.php?rest_route=\/wp\/v2\/types\/post"}],"author":[{"embeddable":true,"href":"https:\/\/radiorevelacionfm.cl\/index.php?rest_route=\/wp\/v2\/users\/1"}],"replies":[{"embeddable":true,"href":"https:\/\/radiorevelacionfm.cl\/index.php?rest_route=%2Fwp%2Fv2%2Fcomments&post=36644"}],"version-history":[{"count":1,"href":"https:\/\/radiorevelacionfm.cl\/index.php?rest_route=\/wp\/v2\/posts\/36644\/revisions"}],"predecessor-version":[{"id":36646,"href":"https:\/\/radiorevelacionfm.cl\/index.php?rest_route=\/wp\/v2\/posts\/36644\/revisions\/36646"}],"wp:featuredmedia":[{"embeddable":true,"href":"https:\/\/radiorevelacionfm.cl\/index.php?rest_route=\/wp\/v2\/media\/36645"}],"wp:attachment":[{"href":"https:\/\/radiorevelacionfm.cl\/index.php?rest_route=%2Fwp%2Fv2%2Fmedia&parent=36644"}],"wp:term":[{"taxonomy":"category","embeddable":true,"href":"https:\/\/radiorevelacionfm.cl\/index.php?rest_route=%2Fwp%2Fv2%2Fcategories&post=36644"},{"taxonomy":"post_tag","embeddable":true,"href":"https:\/\/radiorevelacionfm.cl\/index.php?rest_route=%2Fwp%2Fv2%2Ftags&post=36644"}],"curies":[{"name":"wp","href":"https:\/\/api.w.org\/{rel}","templated":true}]}}