{"id":36641,"date":"2023-11-07T12:11:18","date_gmt":"2023-11-07T15:11:18","guid":{"rendered":"https:\/\/radiorevelacionfm.cl\/?p=36641"},"modified":"2023-11-07T12:11:18","modified_gmt":"2023-11-07T15:11:18","slug":"core-victor-escobar-critica-demora-en-entrega-de-recursos-a-micro-y-pequenas-empresas-regionales","status":"publish","type":"post","link":"https:\/\/radiorevelacionfm.cl\/?p=36641","title":{"rendered":"CORE V\u00edctor Escobar critica demora en entrega de recursos a micro y peque\u00f1as empresas regionales"},"content":{"rendered":"<div class=\"flex_column av_one_full  flex_column_div av-zero-column-padding first  avia-builder-el-0  el_before_av_one_full  avia-builder-el-first  \" style='border-radius:0px; '><div  class='avia-image-container  av-styling-    avia-builder-el-1  avia-builder-el-no-sibling  avia-align-center '  itemprop=\"image\" itemscope=\"itemscope\" itemtype=\"https:\/\/schema.org\/ImageObject\"  ><div class='avia-image-container-inner'><div class='avia-image-overlay-wrap'><img decoding=\"async\" class='wp-image-36642 avia-img-lazy-loading-not-36642 avia_image' src=\"https:\/\/radiorevelacionfm.cl\/wp-content\/uploads\/2023\/11\/jpg-consejero-escobar-1-1.jpg\" alt='' title='jpg consejero escobar (1) (1)' height=\"600\" width=\"1069\"  itemprop=\"thumbnailUrl\" srcset=\"https:\/\/radiorevelacionfm.cl\/wp-content\/uploads\/2023\/11\/jpg-consejero-escobar-1-1.jpg 1069w, https:\/\/radiorevelacionfm.cl\/wp-content\/uploads\/2023\/11\/jpg-consejero-escobar-1-1-300x168.jpg 300w, https:\/\/radiorevelacionfm.cl\/wp-content\/uploads\/2023\/11\/jpg-consejero-escobar-1-1-1030x578.jpg 1030w, https:\/\/radiorevelacionfm.cl\/wp-content\/uploads\/2023\/11\/jpg-consejero-escobar-1-1-768x431.jpg 768w, https:\/\/radiorevelacionfm.cl\/wp-content\/uploads\/2023\/11\/jpg-consejero-escobar-1-1-705x396.jpg 705w, https:\/\/radiorevelacionfm.cl\/wp-content\/uploads\/2023\/11\/jpg-consejero-escobar-1-1-450x253.jpg 450w, https:\/\/radiorevelacionfm.cl\/wp-content\/uploads\/2023\/11\/jpg-consejero-escobar-1-1-600x337.jpg 600w\" sizes=\"(max-width: 1069px) 100vw, 1069px\" \/><\/div><\/div><\/div><\/div><div class=\"flex_column av_one_full  flex_column_div av-zero-column-padding first  avia-builder-el-2  el_after_av_one_full  el_before_av_one_full  column-top-margin\" style='border-radius:0px; '><section class=\"av_textblock_section \"  itemscope=\"itemscope\" itemtype=\"https:\/\/schema.org\/BlogPosting\" itemprop=\"blogPost\" ><div class='avia_textblock  '   itemprop=\"text\" ><p style=\"text-align: center;\"><span style=\"font-size: 18pt;\"><strong>CORE V\u00edctor Escobar critica demora en entrega de recursos a micro y peque\u00f1as empresas regionales <\/strong><\/span><\/p>\n<div id=\"gtx-trans\" style=\"position: absolute; left: -50px; top: 4.31534px;\">\n<div class=\"gtx-trans-icon\"><\/div>\n<\/div>\n<\/div><\/section><\/div><div class=\"flex_column av_one_full  flex_column_div av-zero-column-padding first  avia-builder-el-4  el_after_av_one_full  el_before_av_hr  column-top-margin\" style='border-radius:0px; '><section class=\"av_textblock_section \"  itemscope=\"itemscope\" itemtype=\"https:\/\/schema.org\/BlogPosting\" itemprop=\"blogPost\" ><div class='avia_textblock  '   itemprop=\"text\" ><p style=\"text-align: justify;\"><em>Se\u00f1al\u00f3 que los fondos corresponden al segundo llamado del concurso Fortalece y Reactiva del Gore Ays\u00e9n.<\/em><\/p>\n<p style=\"text-align: justify;\">Su preocupaci\u00f3n por el excesivo retraso que est\u00e1 teniendo la entrega de recursos en el marco del segundo llamado del concurso Fortalece y Reactiva del Gobierno Regional de Ays\u00e9n, manifest\u00f3 en los \u00faltimos d\u00edas el consejero por la Provincia Capit\u00e1n Prat, V\u00edctor Escobar.<\/p>\n<p style=\"text-align: justify;\">Al respecto, el representante provincial se\u00f1al\u00f3 que el tema se debe a distintos tr\u00e1mites administrativos pendientes y que han demorado la concreci\u00f3n de estos fondos, recordando que en el primer llamado fueron numerosas las Mipymes beneficiadas, lo que apuntaba a fortalecer sus emprendimientos considerando las consecuencias de la pandemia por COVID 19. \u201cTras el primer llamado a concurso y despu\u00e9s de muchas gestiones, logramos el aumento de recursos por cerca de 6 mil millones de pesos, quedando en manos del Gobierno Regional, a trav\u00e9s de su divisi\u00f3n de presupuesto e inversiones, las gestiones para que los fondos llegaran pronto a las micro y peque\u00f1as empresas de la regi\u00f3n de Ays\u00e9n\u201d, explic\u00f3.<\/p>\n<p style=\"text-align: justify;\">Sin embargo y a pesar de que el aumento fue aprobado en mayo pasado, a la fecha no hay novedades de cu\u00e1ndo \u00e9stos ser\u00e1n entregados a los beneficiarios. \u201cLa \u00faltima solicitud de cambio de acuerdo por parte del Gobierno Regional al Core se dio el pasado 3 de octubre, esto luego de una fallida resoluci\u00f3n frente a Contralor\u00eda Regional que no visualizaba un buen camino para toma de raz\u00f3n del recurso que se debe transferir a la Fundaci\u00f3n de Desarrollo Educacional y Tecnol\u00f3gico La Araucan\u00eda\u201d, precis\u00f3.<\/p>\n<p style=\"text-align: justify;\">Escobar cuestion\u00f3 la negligencia administrativa de los equipos pertinentes, lo que ha desembocado en \u201cla angustiante paciencia que hasta hoy mantienen los peque\u00f1os emprendedores de nuestra regi\u00f3n, criticando los excesivos tr\u00e1mites burocr\u00e1ticos para hacer llegar los recursos \u201ca las familias que m\u00e1s lo requieren\u201d.<\/p>\n<p style=\"text-align: justify;\">Por \u00faltimo, el consejero provincial espera \u201cque se tenga una pronta toma de raz\u00f3n para que se apresure la entrega del financiamiento\u201d.<\/p>\n<\/div><\/section><\/div><div  style='height:50px' class='hr hr-invisible   avia-builder-el-6  el_after_av_one_full  el_before_av_social_share '><span class='hr-inner ' ><span class='hr-inner-style'><\/span><\/span><\/div><\/p>\n<div  class='av-social-sharing-box  avia-builder-el-7  el_after_av_hr  el_before_av_hr  '><div class='av-share-box'><h5 class='av-share-link-description av-no-toc '>Compartir esta noticia<\/h5><ul class='av-share-box-list noLightbox'><li class='av-share-link av-social-link-facebook' ><a target=\"_blank\" aria-label=\"Compartir en Facebook\" href='https:\/\/www.facebook.com\/sharer.php?u=https:\/\/radiorevelacionfm.cl\/?p=36641&#038;t=CORE%20V%C3%ADctor%20Escobar%20critica%20demora%20en%20entrega%20de%20recursos%20a%20micro%20y%20peque%C3%B1as%20empresas%20regionales' aria-hidden='false' data-av_icon='\ue8f3' data-av_iconfont='entypo-fontello' title='' data-avia-related-tooltip='Compartir en Facebook' rel=\"noopener\"><span class='avia_hidden_link_text'>Compartir en Facebook<\/span><\/a><\/li><li class='av-share-link av-social-link-twitter' ><a target=\"_blank\" aria-label=\"Compartir en Twitter\" href='https:\/\/twitter.com\/share?text=CORE%20V%C3%ADctor%20Escobar%20critica%20demora%20en%20entrega%20de%20recursos%20a%20micro%20y%20peque%C3%B1as%20empresas%20regionales&#038;url=https:\/\/radiorevelacionfm.cl\/?p=36641' aria-hidden='false' data-av_icon='\ue8f1' data-av_iconfont='entypo-fontello' title='' data-avia-related-tooltip='Compartir en Twitter' rel=\"noopener\"><span class='avia_hidden_link_text'>Compartir en Twitter<\/span><\/a><\/li><li class='av-share-link av-social-link-whatsapp' ><a target=\"_blank\" aria-label=\"Compartir en Whatsapp\" href='https:\/\/api.whatsapp.com\/send?text=https:\/\/radiorevelacionfm.cl\/?p=36641' aria-hidden='false' data-av_icon='\uf232' data-av_iconfont='entypo-fontello' title='' data-avia-related-tooltip='Compartir en Whatsapp' rel=\"noopener\"><span class='avia_hidden_link_text'>Compartir en Whatsapp<\/span><\/a><\/li><li class='av-share-link av-social-link-linkedin' ><a target=\"_blank\" aria-label=\"Compartir en LinkedIn\" href='https:\/\/linkedin.com\/shareArticle?mini=true&#038;title=CORE%20V%C3%ADctor%20Escobar%20critica%20demora%20en%20entrega%20de%20recursos%20a%20micro%20y%20peque%C3%B1as%20empresas%20regionales&#038;url=https:\/\/radiorevelacionfm.cl\/?p=36641' aria-hidden='false' data-av_icon='\ue8fc' data-av_iconfont='entypo-fontello' title='' data-avia-related-tooltip='Compartir en LinkedIn' rel=\"noopener\"><span class='avia_hidden_link_text'>Compartir en LinkedIn<\/span><\/a><\/li><li class='av-share-link av-social-link-mail' ><a  aria-label=\"Compartir por correo\" href='mailto:?subject=CORE%20V%C3%ADctor%20Escobar%20critica%20demora%20en%20entrega%20de%20recursos%20a%20micro%20y%20peque%C3%B1as%20empresas%20regionales&#038;body=https:\/\/radiorevelacionfm.cl\/?p=36641' aria-hidden='false' data-av_icon='\ue805' data-av_iconfont='entypo-fontello' title='' data-avia-related-tooltip='Compartir por correo'><span class='avia_hidden_link_text'>Compartir por correo<\/span><\/a><\/li><\/ul><\/div><\/div>\n<div  style='height:50px' class='hr hr-invisible   avia-builder-el-8  el_after_av_social_share  el_before_av_comments_list '><span class='hr-inner ' ><span class='hr-inner-style'><\/span><\/span><\/div>\n<div  class='av-buildercomment  av-blog-meta-html-info-disabled av-blog-meta-tag-disabled  '><\/div>\n","protected":false},"excerpt":{"rendered":"","protected":false},"author":1,"featured_media":36642,"comment_status":"open","ping_status":"open","sticky":false,"template":"","format":"standard","meta":{"footnotes":""},"categories":[38],"tags":[],"class_list":["post-36641","post","type-post","status-publish","format-standard","has-post-thumbnail","hentry","category-regional"],"jetpack_featured_media_url":"https:\/\/radiorevelacionfm.cl\/wp-content\/uploads\/2023\/11\/jpg-consejero-escobar-1-1.jpg","_links":{"self":[{"href":"https:\/\/radiorevelacionfm.cl\/index.php?rest_route=\/wp\/v2\/posts\/36641","targetHints":{"allow":["GET"]}}],"collection":[{"href":"https:\/\/radiorevelacionfm.cl\/index.php?rest_route=\/wp\/v2\/posts"}],"about":[{"href":"https:\/\/radiorevelacionfm.cl\/index.php?rest_route=\/wp\/v2\/types\/post"}],"author":[{"embeddable":true,"href":"https:\/\/radiorevelacionfm.cl\/index.php?rest_route=\/wp\/v2\/users\/1"}],"replies":[{"embeddable":true,"href":"https:\/\/radiorevelacionfm.cl\/index.php?rest_route=%2Fwp%2Fv2%2Fcomments&post=36641"}],"version-history":[{"count":1,"href":"https:\/\/radiorevelacionfm.cl\/index.php?rest_route=\/wp\/v2\/posts\/36641\/revisions"}],"predecessor-version":[{"id":36643,"href":"https:\/\/radiorevelacionfm.cl\/index.php?rest_route=\/wp\/v2\/posts\/36641\/revisions\/36643"}],"wp:featuredmedia":[{"embeddable":true,"href":"https:\/\/radiorevelacionfm.cl\/index.php?rest_route=\/wp\/v2\/media\/36642"}],"wp:attachment":[{"href":"https:\/\/radiorevelacionfm.cl\/index.php?rest_route=%2Fwp%2Fv2%2Fmedia&parent=36641"}],"wp:term":[{"taxonomy":"category","embeddable":true,"href":"https:\/\/radiorevelacionfm.cl\/index.php?rest_route=%2Fwp%2Fv2%2Fcategories&post=36641"},{"taxonomy":"post_tag","embeddable":true,"href":"https:\/\/radiorevelacionfm.cl\/index.php?rest_route=%2Fwp%2Fv2%2Ftags&post=36641"}],"curies":[{"name":"wp","href":"https:\/\/api.w.org\/{rel}","templated":true}]}}