{"id":36638,"date":"2023-11-07T11:33:23","date_gmt":"2023-11-07T14:33:23","guid":{"rendered":"https:\/\/radiorevelacionfm.cl\/?p=36638"},"modified":"2023-11-07T11:33:23","modified_gmt":"2023-11-07T14:33:23","slug":"diez-familias-de-aysen-mejoran-su-calidad-de-vida-gracias-a-proyectos-de-aislacion-termica","status":"publish","type":"post","link":"https:\/\/radiorevelacionfm.cl\/?p=36638","title":{"rendered":"Diez familias de Ays\u00e9n mejoran su calidad de vida gracias a proyectos de aislaci\u00f3n t\u00e9rmica"},"content":{"rendered":"<div class=\"flex_column av_one_full  flex_column_div av-zero-column-padding first  avia-builder-el-0  el_before_av_one_full  avia-builder-el-first  \" style='border-radius:0px; '><div  class='avia-image-container  av-styling-    avia-builder-el-1  avia-builder-el-no-sibling  avia-align-center '  itemprop=\"image\" itemscope=\"itemscope\" itemtype=\"https:\/\/schema.org\/ImageObject\"  ><div class='avia-image-container-inner'><div class='avia-image-overlay-wrap'><img decoding=\"async\" class='wp-image-36639 avia-img-lazy-loading-not-36639 avia_image' src=\"https:\/\/radiorevelacionfm.cl\/wp-content\/uploads\/2023\/11\/mejoramiento-termico-1-1_optimized-1.jpg\" alt='' title='mejoramiento-termico-1-(1)_optimized (1)' height=\"600\" width=\"1048\"  itemprop=\"thumbnailUrl\" srcset=\"https:\/\/radiorevelacionfm.cl\/wp-content\/uploads\/2023\/11\/mejoramiento-termico-1-1_optimized-1.jpg 1048w, https:\/\/radiorevelacionfm.cl\/wp-content\/uploads\/2023\/11\/mejoramiento-termico-1-1_optimized-1-300x172.jpg 300w, https:\/\/radiorevelacionfm.cl\/wp-content\/uploads\/2023\/11\/mejoramiento-termico-1-1_optimized-1-1030x590.jpg 1030w, https:\/\/radiorevelacionfm.cl\/wp-content\/uploads\/2023\/11\/mejoramiento-termico-1-1_optimized-1-768x440.jpg 768w, https:\/\/radiorevelacionfm.cl\/wp-content\/uploads\/2023\/11\/mejoramiento-termico-1-1_optimized-1-705x404.jpg 705w, https:\/\/radiorevelacionfm.cl\/wp-content\/uploads\/2023\/11\/mejoramiento-termico-1-1_optimized-1-450x258.jpg 450w, https:\/\/radiorevelacionfm.cl\/wp-content\/uploads\/2023\/11\/mejoramiento-termico-1-1_optimized-1-600x344.jpg 600w\" sizes=\"(max-width: 1048px) 100vw, 1048px\" \/><\/div><\/div><\/div><\/div><div class=\"flex_column av_one_full  flex_column_div av-zero-column-padding first  avia-builder-el-2  el_after_av_one_full  el_before_av_one_full  column-top-margin\" style='border-radius:0px; '><section class=\"av_textblock_section \"  itemscope=\"itemscope\" itemtype=\"https:\/\/schema.org\/BlogPosting\" itemprop=\"blogPost\" ><div class='avia_textblock  '   itemprop=\"text\" ><p style=\"text-align: center;\"><strong><span style=\"font-size: 18pt;\">Diez familias de Ays\u00e9n mejoran su calidad de vida gracias a proyectos de aislaci\u00f3n t\u00e9rmica <\/span><\/strong><\/p>\n<div id=\"gtx-trans\" style=\"position: absolute; left: -50px; top: 4.31534px;\">\n<div class=\"gtx-trans-icon\"><\/div>\n<\/div>\n<\/div><\/section><\/div><div class=\"flex_column av_one_full  flex_column_div av-zero-column-padding first  avia-builder-el-4  el_after_av_one_full  el_before_av_hr  column-top-margin\" style='border-radius:0px; '><section class=\"av_textblock_section \"  itemscope=\"itemscope\" itemtype=\"https:\/\/schema.org\/BlogPosting\" itemprop=\"blogPost\" ><div class='avia_textblock  '   itemprop=\"text\" ><p style=\"text-align: justify;\"><em>Trabajo coordinado entre la SECPLAN de la Municipalidad de Ays\u00e9n, fondos del Serviu y la perseverancia de las familias permitieron lograr el beneficio.<\/em><\/p>\n<p style=\"text-align: justify;\">Con un momento de camarader\u00eda las 10 familias de Puerto Ays\u00e9n beneficiadas con el mejoramiento t\u00e9rmico de sus viviendas, compartieron junto al Alcalde Julio Uribe, profesionales de la Secretaria Comunal de Planificaci\u00f3n y el equipo del Serviu local, el termino de los trabajos que cambiaron considerablemente su calidad de vida. Tal como lo evidencian las palabras de la presidenta del comit\u00e9 \u201cSin Fronteras\u201d, Jessica Ferrada.<\/p>\n<p style=\"text-align: justify;\">\u201cQuiero dar las gracias al equipo t\u00e9cnico de la Municipalidad, al Alcalde que nos apoy\u00f3 bastante con esto y gracias a Dios fuimos diez familias beneficiadas, que vamos a pasar un lindo invierno, con harta comodidad, con harto calorcito. Fue un proyecto maravilloso, donde se nos cambiaron las ventanas a termo panel, con revestimiento bastante bueno, as\u00ed es que, estamos contentos. Esto mejora la calidad de vida, la calefacci\u00f3n y lo otro importante es que, varios de los socios del comit\u00e9, no ten\u00edan regularizado el tema de su vivienda, porque ten\u00edan ampliaciones y la Municipalidad les ayud\u00f3 en regularizar sus casas, as\u00ed es que, estamos contentos, agradecidos\u201d.<\/p>\n<p style=\"text-align: justify;\">En tanto, Rodrigo Rojas Melgarejo, constructor civil de SECPLAN del Municipio de Ays\u00e9n, entidad patrocinante en este proyecto de mejoramiento t\u00e9rmico, entreg\u00f3 detalles de c\u00f3mo se pudo obtener el beneficio para las 10 familias del comit\u00e9 \u201cSin Fronteras\u201d.<\/p>\n<p style=\"text-align: justify;\">\u201cEste es un llamado el DS 255 del MINVU, Serviu en este caso y nosotros como entidad patrocinante somos los gestores de reunir a la gente, a los beneficiarios, pedirle los ahorros, los documentos que necesit\u00e1bamos, despu\u00e9s gestionamos el ingreso a Serviu con expediente t\u00e9cnico, con todo lo que conlleva la postulaci\u00f3n del proyecto. Son vecinos de distintos lugares, de la Balsa, de calle Palena, calle Las Quilas y en diferentes puntos del radio urbano de Puerto Ays\u00e9n. Esto es lo que a nosotros como profesionales del Municipio nos convoca, estamos muy contentos por los resultados, porque al final es un beneficio netamente para ellos y un orgullo poder transmitir mis conocimientos\u201d.<\/p>\n<p style=\"text-align: justify;\">La empresa a cargo de las obras fue \u201cCerro Cord\u00f3n\u201d, quienes, dependiendo los incrementos de cada beneficiario, realizaron mejora envolvente t\u00e9rmica de la vivienda, se crea un doble tabique, aumentando as\u00ed el espesor con lana de vidrio y polietileno expandido, cambio techumbre y piso ventilado.<\/p>\n<\/div><\/section><\/div><div  style='height:50px' class='hr hr-invisible   avia-builder-el-6  el_after_av_one_full  el_before_av_social_share '><span class='hr-inner ' ><span class='hr-inner-style'><\/span><\/span><\/div><\/p>\n<div  class='av-social-sharing-box  avia-builder-el-7  el_after_av_hr  el_before_av_hr  '><div class='av-share-box'><h5 class='av-share-link-description av-no-toc '>Compartir esta noticia<\/h5><ul class='av-share-box-list noLightbox'><li class='av-share-link av-social-link-facebook' ><a target=\"_blank\" aria-label=\"Compartir en Facebook\" href='https:\/\/www.facebook.com\/sharer.php?u=https:\/\/radiorevelacionfm.cl\/?p=36638&#038;t=Diez%20familias%20de%20Ays%C3%A9n%20mejoran%20su%20calidad%20de%20vida%20gracias%20a%20proyectos%20de%20aislaci%C3%B3n%20t%C3%A9rmica' aria-hidden='false' data-av_icon='\ue8f3' data-av_iconfont='entypo-fontello' title='' data-avia-related-tooltip='Compartir en Facebook' rel=\"noopener\"><span class='avia_hidden_link_text'>Compartir en Facebook<\/span><\/a><\/li><li class='av-share-link av-social-link-twitter' ><a target=\"_blank\" aria-label=\"Compartir en Twitter\" href='https:\/\/twitter.com\/share?text=Diez%20familias%20de%20Ays%C3%A9n%20mejoran%20su%20calidad%20de%20vida%20gracias%20a%20proyectos%20de%20aislaci%C3%B3n%20t%C3%A9rmica&#038;url=https:\/\/radiorevelacionfm.cl\/?p=36638' aria-hidden='false' data-av_icon='\ue8f1' data-av_iconfont='entypo-fontello' title='' data-avia-related-tooltip='Compartir en Twitter' rel=\"noopener\"><span class='avia_hidden_link_text'>Compartir en Twitter<\/span><\/a><\/li><li class='av-share-link av-social-link-whatsapp' ><a target=\"_blank\" aria-label=\"Compartir en Whatsapp\" href='https:\/\/api.whatsapp.com\/send?text=https:\/\/radiorevelacionfm.cl\/?p=36638' aria-hidden='false' data-av_icon='\uf232' data-av_iconfont='entypo-fontello' title='' data-avia-related-tooltip='Compartir en Whatsapp' rel=\"noopener\"><span class='avia_hidden_link_text'>Compartir en Whatsapp<\/span><\/a><\/li><li class='av-share-link av-social-link-linkedin' ><a target=\"_blank\" aria-label=\"Compartir en LinkedIn\" href='https:\/\/linkedin.com\/shareArticle?mini=true&#038;title=Diez%20familias%20de%20Ays%C3%A9n%20mejoran%20su%20calidad%20de%20vida%20gracias%20a%20proyectos%20de%20aislaci%C3%B3n%20t%C3%A9rmica&#038;url=https:\/\/radiorevelacionfm.cl\/?p=36638' aria-hidden='false' data-av_icon='\ue8fc' data-av_iconfont='entypo-fontello' title='' data-avia-related-tooltip='Compartir en LinkedIn' rel=\"noopener\"><span class='avia_hidden_link_text'>Compartir en LinkedIn<\/span><\/a><\/li><li class='av-share-link av-social-link-mail' ><a  aria-label=\"Compartir por correo\" href='mailto:?subject=Diez%20familias%20de%20Ays%C3%A9n%20mejoran%20su%20calidad%20de%20vida%20gracias%20a%20proyectos%20de%20aislaci%C3%B3n%20t%C3%A9rmica&#038;body=https:\/\/radiorevelacionfm.cl\/?p=36638' aria-hidden='false' data-av_icon='\ue805' data-av_iconfont='entypo-fontello' title='' data-avia-related-tooltip='Compartir por correo'><span class='avia_hidden_link_text'>Compartir por correo<\/span><\/a><\/li><\/ul><\/div><\/div>\n<div  style='height:50px' class='hr hr-invisible   avia-builder-el-8  el_after_av_social_share  el_before_av_comments_list '><span class='hr-inner ' ><span class='hr-inner-style'><\/span><\/span><\/div>\n<div  class='av-buildercomment  av-blog-meta-html-info-disabled av-blog-meta-tag-disabled  '><\/div>\n","protected":false},"excerpt":{"rendered":"","protected":false},"author":1,"featured_media":36639,"comment_status":"open","ping_status":"open","sticky":false,"template":"","format":"standard","meta":{"footnotes":""},"categories":[57],"tags":[],"class_list":["post-36638","post","type-post","status-publish","format-standard","has-post-thumbnail","hentry","category-vivienda"],"jetpack_featured_media_url":"https:\/\/radiorevelacionfm.cl\/wp-content\/uploads\/2023\/11\/mejoramiento-termico-1-1_optimized-1.jpg","_links":{"self":[{"href":"https:\/\/radiorevelacionfm.cl\/index.php?rest_route=\/wp\/v2\/posts\/36638","targetHints":{"allow":["GET"]}}],"collection":[{"href":"https:\/\/radiorevelacionfm.cl\/index.php?rest_route=\/wp\/v2\/posts"}],"about":[{"href":"https:\/\/radiorevelacionfm.cl\/index.php?rest_route=\/wp\/v2\/types\/post"}],"author":[{"embeddable":true,"href":"https:\/\/radiorevelacionfm.cl\/index.php?rest_route=\/wp\/v2\/users\/1"}],"replies":[{"embeddable":true,"href":"https:\/\/radiorevelacionfm.cl\/index.php?rest_route=%2Fwp%2Fv2%2Fcomments&post=36638"}],"version-history":[{"count":1,"href":"https:\/\/radiorevelacionfm.cl\/index.php?rest_route=\/wp\/v2\/posts\/36638\/revisions"}],"predecessor-version":[{"id":36640,"href":"https:\/\/radiorevelacionfm.cl\/index.php?rest_route=\/wp\/v2\/posts\/36638\/revisions\/36640"}],"wp:featuredmedia":[{"embeddable":true,"href":"https:\/\/radiorevelacionfm.cl\/index.php?rest_route=\/wp\/v2\/media\/36639"}],"wp:attachment":[{"href":"https:\/\/radiorevelacionfm.cl\/index.php?rest_route=%2Fwp%2Fv2%2Fmedia&parent=36638"}],"wp:term":[{"taxonomy":"category","embeddable":true,"href":"https:\/\/radiorevelacionfm.cl\/index.php?rest_route=%2Fwp%2Fv2%2Fcategories&post=36638"},{"taxonomy":"post_tag","embeddable":true,"href":"https:\/\/radiorevelacionfm.cl\/index.php?rest_route=%2Fwp%2Fv2%2Ftags&post=36638"}],"curies":[{"name":"wp","href":"https:\/\/api.w.org\/{rel}","templated":true}]}}