{"id":3663,"date":"2021-04-29T18:56:51","date_gmt":"2021-04-29T21:56:51","guid":{"rendered":"https:\/\/radiorevelacionfm.cl\/?p=3663"},"modified":"2021-04-29T19:06:58","modified_gmt":"2021-04-29T22:06:58","slug":"condenan-a-5-anos-de-libertad-vigilada-a-autor-de-fatal-accidente-ocurrido-el-2020-en-sector-lago-los-palos","status":"publish","type":"post","link":"https:\/\/radiorevelacionfm.cl\/?p=3663","title":{"rendered":"Condenan a 5 a\u00f1os de libertad vigilada a autor de fatal accidente ocurrido el 2020 en Lago Los Palos comuna de Ays\u00e9n"},"content":{"rendered":"<div class=\"flex_column av_one_full  flex_column_div av-zero-column-padding first  avia-builder-el-0  el_before_av_one_full  avia-builder-el-first  \" style='border-radius:0px; '><div  class='avia-image-container  av-styling-    avia-builder-el-1  avia-builder-el-no-sibling  avia-align-center '  itemprop=\"image\" itemscope=\"itemscope\" itemtype=\"https:\/\/schema.org\/ImageObject\"  ><div class='avia-image-container-inner'><div class='avia-image-overlay-wrap'><img decoding=\"async\" class='wp-image-0 avia-img-lazy-loading-not-0 avia_image' src=\"https:\/\/radiorevelacionfm.cl\/wp-content\/uploads\/2021\/04\/Foto-1-audiencia-top-1.jpg\" alt='' title=''   itemprop=\"thumbnailUrl\"  \/><\/div><\/div><\/div><\/div>\n<div class=\"flex_column av_one_full  flex_column_div av-zero-column-padding first  avia-builder-el-2  el_after_av_one_full  el_before_av_one_full  column-top-margin\" style='border-radius:0px; '><section class=\"av_textblock_section \"  itemscope=\"itemscope\" itemtype=\"https:\/\/schema.org\/BlogPosting\" itemprop=\"blogPost\" ><div class='avia_textblock  '   itemprop=\"text\" ><p style=\"text-align: center;\"><strong><span style=\"font-size: 18pt;\">Condenan a 5 a\u00f1os de libertad vigilada a autor de fatal accidente ocurrido el 2020 en Lago Los Palos comuna de Ays\u00e9n\u00a0<\/span><\/strong><\/p>\n<div id=\"gtx-trans\" style=\"position: absolute; left: -50px; top: 4.31534px;\">\n<div class=\"gtx-trans-icon\"><\/div>\n<\/div>\n<\/div><\/section><\/div><div class=\"flex_column av_one_full  flex_column_div av-zero-column-padding first  avia-builder-el-4  el_after_av_one_full  el_before_av_hr  column-top-margin\" style='border-radius:0px; '><section class=\"av_textblock_section \"  itemscope=\"itemscope\" itemtype=\"https:\/\/schema.org\/BlogPosting\" itemprop=\"blogPost\" ><div class='avia_textblock  '   itemprop=\"text\" ><p class=\"v1MsoNormal\" style=\"text-align: justify;\">El Tribunal de Juicio Oral en lo Penal de Coyhaique conden\u00f3 a Ra\u00fal Enrique Santana Montalva a la pena de 5 a\u00f1os de presidio, con el beneficio de la libertad vigilada intensiva por igual lapso, en calidad de autor del delito de conducci\u00f3n de veh\u00edculo motorizado en estado de ebriedad con resultado de muerte y lesiones menos graves. Il\u00edcito perpetrado en septiembre del a\u00f1o pasado, en la comuna de Ays\u00e9n.<\/p>\n<p class=\"v1MsoNormal\" style=\"text-align: justify;\">En fallo un\u00e1nime (causa rol 17-2021), el tribunal -integrado por los magistrados Patricio Z\u00fa\u00f1iga Valenzuela (presidente), Pablo Freire Gavil\u00e1n y M\u00f3nica Coloma Pulgar (redactora)- aplic\u00f3, adem\u00e1s, a Santana Montalva las accesorias legales de inhabilidad perpetua para el manejo de veh\u00edculos a tracci\u00f3n mec\u00e1nica, la inhabilitaci\u00f3n absoluta perpetua para derechos pol\u00edticos y la inhabilitaci\u00f3n absoluta para cargos y oficios p\u00fablicos durante el tiempo de la condena; m\u00e1s el pago de 12 UTM y de las costas del proceso.<\/p>\n<p class=\"v1MsoNormal\" style=\"text-align: justify;\">En la causa, y de conformidad a lo dispuesto en el art\u00edculo 196 ter de la ley 18.290, el tribunal dispuso que \u00ab(&#8230;) la pena sustitutiva estar\u00e1 en suspenso por el plazo de un a\u00f1o, a contar del d\u00eda 21 de septiembre de 2020, fecha desde la cual se encuentra privado de libertad por esta causa, sirvi\u00e9ndole por lo tanto de abono un total de 220 d\u00edas a la fecha\u00bb.<\/p>\n<p class=\"v1MsoNormal\" style=\"text-align: justify;\">Adicionalmente, el tribunal impuso al condenado \u00abla obligaci\u00f3n de mantenerse en su domicilio por el lapso de 6 horas continuas, desde las 24 horas de cada d\u00eda hasta las 6 horas del d\u00eda siguiente. Y la obligaci\u00f3n de cursar un programa de orientaci\u00f3n en el consumo problem\u00e1tico de alcohol en el centro asistencial correspondiente a su domicilio\u00bb. Adem\u00e1s, el tribunal decret\u00f3 el comiso de la camioneta marca Toyota, modelo Hilux, color azul, Placa Patente PL4546.<\/p>\n<p class=\"v1MsoNormal\" style=\"text-align: justify;\">El tribunal dio por acreditado, m\u00e1s all\u00e1 de toda duda razonable, que aproximadamente entre las 20.30 y las 21 horas del 20 de septiembre de 2020, \u00aben instantes en que el imputado Ra\u00fal Enrique Santana Montalva conduc\u00eda en estado de ebriedad y sin contar con una licencia de conducir, perdi\u00f3 el control del veh\u00edculo al llegar al kil\u00f3metro 11 de la ruta N.\u00ba X-528, en espec\u00edfico a la salida de una curva existente en el lugar, desviando su desplazamiento hacia la izquierda y volc\u00e1ndose, lo que provoc\u00f3 que el veh\u00edculo cayera en las aguas del Lago Los Palos, resultando producto de esta situaci\u00f3n sus acompa\u00f1antes Gabriel Neftal\u00ed Eduardo R\u00edos D\u00edaz y Sergio Uberlindo Almonacid Mart\u00ednez fallecidos por asfixia por sumersi\u00f3n, mientras que Katerine Felicinda Ruiz Lagos result\u00f3 con lesiones de car\u00e1cter menos graves, consistentes en m\u00faltiples laceraciones superficiales en caras anteriores de ambas extremidades, rodilla izquierda leve aumento de volumen, equimosis, dolor a la palpaci\u00f3n y movilizaci\u00f3n\u00bb.<\/p>\n<\/div><\/section><\/div><\/p>\n<div  style='height:50px' class='hr hr-invisible   avia-builder-el-6  el_after_av_one_full  el_before_av_social_share '><span class='hr-inner ' ><span class='hr-inner-style'><\/span><\/span><\/div>\n<div  class='av-social-sharing-box  avia-builder-el-7  el_after_av_hr  el_before_av_hr  '><div class='av-share-box'><h5 class='av-share-link-description av-no-toc '>Compartir esta noticia<\/h5><ul class='av-share-box-list noLightbox'><li class='av-share-link av-social-link-facebook' ><a target=\"_blank\" aria-label=\"Compartir en Facebook\" href='https:\/\/www.facebook.com\/sharer.php?u=https:\/\/radiorevelacionfm.cl\/?p=3663&#038;t=Condenan%20a%205%20a%C3%B1os%20de%20libertad%20vigilada%20a%20autor%20de%20fatal%20accidente%20ocurrido%20el%202020%20en%20Lago%20Los%20Palos%20comuna%20de%20Ays%C3%A9n' aria-hidden='false' data-av_icon='\ue8f3' data-av_iconfont='entypo-fontello' title='' data-avia-related-tooltip='Compartir en Facebook' rel=\"noopener\"><span class='avia_hidden_link_text'>Compartir en Facebook<\/span><\/a><\/li><li class='av-share-link av-social-link-twitter' ><a target=\"_blank\" aria-label=\"Compartir en Twitter\" href='https:\/\/twitter.com\/share?text=Condenan%20a%205%20a%C3%B1os%20de%20libertad%20vigilada%20a%20autor%20de%20fatal%20accidente%20ocurrido%20el%202020%20en%20Lago%20Los%20Palos%20comuna%20de%20Ays%C3%A9n&#038;url=https:\/\/radiorevelacionfm.cl\/?p=3663' aria-hidden='false' data-av_icon='\ue8f1' data-av_iconfont='entypo-fontello' title='' data-avia-related-tooltip='Compartir en Twitter' rel=\"noopener\"><span class='avia_hidden_link_text'>Compartir en Twitter<\/span><\/a><\/li><li class='av-share-link av-social-link-whatsapp' ><a target=\"_blank\" aria-label=\"Compartir en Whatsapp\" href='https:\/\/api.whatsapp.com\/send?text=https:\/\/radiorevelacionfm.cl\/?p=3663' aria-hidden='false' data-av_icon='\uf232' data-av_iconfont='entypo-fontello' title='' data-avia-related-tooltip='Compartir en Whatsapp' rel=\"noopener\"><span class='avia_hidden_link_text'>Compartir en Whatsapp<\/span><\/a><\/li><li class='av-share-link av-social-link-linkedin' ><a target=\"_blank\" aria-label=\"Compartir en LinkedIn\" href='https:\/\/linkedin.com\/shareArticle?mini=true&#038;title=Condenan%20a%205%20a%C3%B1os%20de%20libertad%20vigilada%20a%20autor%20de%20fatal%20accidente%20ocurrido%20el%202020%20en%20Lago%20Los%20Palos%20comuna%20de%20Ays%C3%A9n&#038;url=https:\/\/radiorevelacionfm.cl\/?p=3663' aria-hidden='false' data-av_icon='\ue8fc' data-av_iconfont='entypo-fontello' title='' data-avia-related-tooltip='Compartir en LinkedIn' rel=\"noopener\"><span class='avia_hidden_link_text'>Compartir en LinkedIn<\/span><\/a><\/li><li class='av-share-link av-social-link-mail' ><a  aria-label=\"Compartir por correo\" href='mailto:?subject=Condenan%20a%205%20a%C3%B1os%20de%20libertad%20vigilada%20a%20autor%20de%20fatal%20accidente%20ocurrido%20el%202020%20en%20Lago%20Los%20Palos%20comuna%20de%20Ays%C3%A9n&#038;body=https:\/\/radiorevelacionfm.cl\/?p=3663' aria-hidden='false' data-av_icon='\ue805' data-av_iconfont='entypo-fontello' title='' data-avia-related-tooltip='Compartir por correo'><span class='avia_hidden_link_text'>Compartir por correo<\/span><\/a><\/li><\/ul><\/div><\/div>\n<div  style='height:50px' class='hr hr-invisible   avia-builder-el-8  el_after_av_social_share  el_before_av_comments_list '><span class='hr-inner ' ><span class='hr-inner-style'><\/span><\/span><\/div>\n<div  class='av-buildercomment  av-blog-meta-html-info-disabled av-blog-meta-tag-disabled  '><\/div>\n","protected":false},"excerpt":{"rendered":"","protected":false},"author":1,"featured_media":0,"comment_status":"open","ping_status":"open","sticky":false,"template":"","format":"standard","meta":{"footnotes":""},"categories":[55],"tags":[],"class_list":["post-3663","post","type-post","status-publish","format-standard","hentry","category-justicia"],"jetpack_featured_media_url":"","_links":{"self":[{"href":"https:\/\/radiorevelacionfm.cl\/index.php?rest_route=\/wp\/v2\/posts\/3663","targetHints":{"allow":["GET"]}}],"collection":[{"href":"https:\/\/radiorevelacionfm.cl\/index.php?rest_route=\/wp\/v2\/posts"}],"about":[{"href":"https:\/\/radiorevelacionfm.cl\/index.php?rest_route=\/wp\/v2\/types\/post"}],"author":[{"embeddable":true,"href":"https:\/\/radiorevelacionfm.cl\/index.php?rest_route=\/wp\/v2\/users\/1"}],"replies":[{"embeddable":true,"href":"https:\/\/radiorevelacionfm.cl\/index.php?rest_route=%2Fwp%2Fv2%2Fcomments&post=3663"}],"version-history":[{"count":3,"href":"https:\/\/radiorevelacionfm.cl\/index.php?rest_route=\/wp\/v2\/posts\/3663\/revisions"}],"predecessor-version":[{"id":3667,"href":"https:\/\/radiorevelacionfm.cl\/index.php?rest_route=\/wp\/v2\/posts\/3663\/revisions\/3667"}],"wp:attachment":[{"href":"https:\/\/radiorevelacionfm.cl\/index.php?rest_route=%2Fwp%2Fv2%2Fmedia&parent=3663"}],"wp:term":[{"taxonomy":"category","embeddable":true,"href":"https:\/\/radiorevelacionfm.cl\/index.php?rest_route=%2Fwp%2Fv2%2Fcategories&post=3663"},{"taxonomy":"post_tag","embeddable":true,"href":"https:\/\/radiorevelacionfm.cl\/index.php?rest_route=%2Fwp%2Fv2%2Ftags&post=3663"}],"curies":[{"name":"wp","href":"https:\/\/api.w.org\/{rel}","templated":true}]}}