{"id":36601,"date":"2023-11-06T14:33:40","date_gmt":"2023-11-06T17:33:40","guid":{"rendered":"https:\/\/radiorevelacionfm.cl\/?p=36601"},"modified":"2023-11-06T14:33:40","modified_gmt":"2023-11-06T17:33:40","slug":"desconocidos-vandalizaron-placa-de-monolito-fronterizo-dedicada-a-los-derechos-humanos-en-coyhaique","status":"publish","type":"post","link":"https:\/\/radiorevelacionfm.cl\/?p=36601","title":{"rendered":"Desconocidos vandalizaron placa de monolito fronterizo dedicada a los Derechos Humanos en Coyhaique"},"content":{"rendered":"<div class=\"flex_column av_one_full  flex_column_div av-zero-column-padding first  avia-builder-el-0  el_before_av_one_full  avia-builder-el-first  \" style='border-radius:0px; '><div  class='avia-image-container  av-styling-    avia-builder-el-1  avia-builder-el-no-sibling  avia-align-center '  itemprop=\"image\" itemscope=\"itemscope\" itemtype=\"https:\/\/schema.org\/ImageObject\"  ><div class='avia-image-container-inner'><div class='avia-image-overlay-wrap'><img decoding=\"async\" class='wp-image-36602 avia-img-lazy-loading-not-36602 avia_image' src=\"https:\/\/radiorevelacionfm.cl\/wp-content\/uploads\/2023\/11\/Placa-monolito-fronterizo-hito-45-1-1.jpg\" alt='' title='Placa monolito fronterizo hito 45 (1) (1)' height=\"600\" width=\"899\"  itemprop=\"thumbnailUrl\" srcset=\"https:\/\/radiorevelacionfm.cl\/wp-content\/uploads\/2023\/11\/Placa-monolito-fronterizo-hito-45-1-1.jpg 899w, https:\/\/radiorevelacionfm.cl\/wp-content\/uploads\/2023\/11\/Placa-monolito-fronterizo-hito-45-1-1-300x200.jpg 300w, https:\/\/radiorevelacionfm.cl\/wp-content\/uploads\/2023\/11\/Placa-monolito-fronterizo-hito-45-1-1-768x513.jpg 768w, https:\/\/radiorevelacionfm.cl\/wp-content\/uploads\/2023\/11\/Placa-monolito-fronterizo-hito-45-1-1-705x471.jpg 705w, https:\/\/radiorevelacionfm.cl\/wp-content\/uploads\/2023\/11\/Placa-monolito-fronterizo-hito-45-1-1-450x300.jpg 450w, https:\/\/radiorevelacionfm.cl\/wp-content\/uploads\/2023\/11\/Placa-monolito-fronterizo-hito-45-1-1-600x400.jpg 600w\" sizes=\"(max-width: 899px) 100vw, 899px\" \/><\/div><\/div><\/div><\/div><div class=\"flex_column av_one_full  flex_column_div av-zero-column-padding first  avia-builder-el-2  el_after_av_one_full  el_before_av_one_full  column-top-margin\" style='border-radius:0px; '><section class=\"av_textblock_section \"  itemscope=\"itemscope\" itemtype=\"https:\/\/schema.org\/BlogPosting\" itemprop=\"blogPost\" ><div class='avia_textblock  '   itemprop=\"text\" ><p style=\"text-align: center;\"><span style=\"font-size: 18pt;\"><strong>Desconocidos vandalizaron placa de monolito fronterizo dedicada a los Derechos Humanos en Coyhaique<\/strong><\/span><\/p>\n<div id=\"gtx-trans\" style=\"position: absolute; left: -50px; top: 4.31534px;\">\n<div class=\"gtx-trans-icon\"><\/div>\n<\/div>\n<\/div><\/section><\/div><div class=\"flex_column av_one_full  flex_column_div av-zero-column-padding first  avia-builder-el-4  el_after_av_one_full  el_before_av_hr  column-top-margin\" style='border-radius:0px; '><section class=\"av_textblock_section \"  itemscope=\"itemscope\" itemtype=\"https:\/\/schema.org\/BlogPosting\" itemprop=\"blogPost\" ><div class='avia_textblock  '   itemprop=\"text\" ><p style=\"font-weight: 400; text-align: justify;\"><em>La instalaci\u00f3n conmemorativa hab\u00eda sido recientemente encabezada, en el hito 45 de Ays\u00e9n, por la ministra de las Culturas Carolina Arredondo y el subsecretario de Derechos Humanos Xavier Altamirano, en el marco de los 50 a\u00f1os del Golpe de Estado en Chile.<\/em><\/p>\n<p style=\"font-weight: 400; text-align: justify;\">Una denuncia formal present\u00f3 la Agrupaci\u00f3n de Derechos Humanos de Coyhaique en la PDI, tras conocer que la placa conmemorativa recientemente instalada en el hito 45, en la frontera entre Chile y Argentina, fue extra\u00edda \u00a0desde el monolito existente en el lugar.<\/p>\n<p style=\"font-weight: 400; text-align: justify;\">\u201cHemos sido informados que desconocidos vandalizaron el monolito instalado el pasado 27 de octubre en el paso fronterizo de Coyhaique Alto, hito 45. Este monolito se levant\u00f3 en memoria de Juan Vera, N\u00e9stor Castillo y Rosendo P\u00e9rez, detenidos desaparecidos el a\u00f1o 1973 en complicidad entre\u00a0la\u00a0polic\u00eda argentina y militares chilenos\u201d, coment\u00f3 Mar\u00eda Erita Vera Vera, presidenta de la Agrupaci\u00f3n de Derechos Humanos de Coyhaique.<\/p>\n<p style=\"font-weight: 400; text-align: justify;\">Agreg\u00f3 en este sentido que \u201ceste monolito ven\u00eda a reivindicar la memoria de estos tres chilenos y dignificar de manera simb\u00f3lica una reparaci\u00f3n tan necesaria, tanto para las v\u00edctimas como para sus familiares. Hoy con profundo dolor y tristeza recibimos esta noticia de que ha sido vandalizado\u201d.<\/p>\n<p style=\"font-weight: 400; text-align: justify;\">Fue el viernes 27 de octubre que, con la presencia de la ministra de las Culturas, las Artes y el Patrimonio, Carolina Arredondo Marz\u00e1n, del subsecretario de Derechos Humanos Xavier Altamirano Molina, \u00a0autoridades regionales y representantes de la Agrupaci\u00f3n de DDHH, se inaugur\u00f3 esta primera placa conmemorativa de memoria, ubicada en una frontera chilena, en el marco de los 50 a\u00f1os del Golpe de Estado.<\/p>\n<p style=\"font-weight: 400; text-align: justify;\">El espacio, que contempl\u00f3 adem\u00e1s la plantaci\u00f3n de \u00f1ires, recordando el 27 de octubre de 1973, fecha en que los dirigentes Juan Vera Oyarz\u00fan, N\u00e9stor Castillo Sep\u00falveda y Rosendo P\u00e9rez R\u00edos, quienes hab\u00edan buscado refugio en la Argentina ante la represi\u00f3n de la dictadura en Chile, fueron retenidos \u00a0en la localidad trasandina de R\u00edo Mayo por gendarmer\u00eda a la espera del asilo pol\u00edtico, sin embargo, \u00a0posteriormente fueron \u00a0entregados a una patrulla de militares, carabineros y civiles chilenos para ser ingresados ilegalmente al pa\u00eds, a trav\u00e9s del hito 45. Nunca m\u00e1s se supo de ellos, siendo hasta hoy detenidos desaparecidos del conocido Caso Coyhaique.<\/p>\n<p style=\"font-weight: 400; text-align: justify;\">\u201cEste tipo de actos solo nos muestra el verdadero rostro de quienes no respetan la memoria y que justifican las violaciones a los derechos humanos en nuestro pa\u00eds durante la dictadura. Esperamos poner una denuncia y esperamos que las polic\u00edas logren identificar a quienes realizaron este da\u00f1o. Es muy importante para el pa\u00eds y para la democracia, mantener viva la memoria y respetar las ideas de todos los que habitamos nuestro pa\u00eds y de quienes piensan diferente\u201d, concluy\u00f3 la presidenta de la Agrupaci\u00f3n de Derechos Humanos de Coyhaique.<\/p>\n<\/div><\/section><\/div><div  style='height:50px' class='hr hr-invisible   avia-builder-el-6  el_after_av_one_full  el_before_av_social_share '><span class='hr-inner ' ><span class='hr-inner-style'><\/span><\/span><\/div><\/p>\n<div  class='av-social-sharing-box  avia-builder-el-7  el_after_av_hr  el_before_av_hr  '><div class='av-share-box'><h5 class='av-share-link-description av-no-toc '>Compartir esta noticia<\/h5><ul class='av-share-box-list noLightbox'><li class='av-share-link av-social-link-facebook' ><a target=\"_blank\" aria-label=\"Compartir en Facebook\" href='https:\/\/www.facebook.com\/sharer.php?u=https:\/\/radiorevelacionfm.cl\/?p=36601&#038;t=Desconocidos%20vandalizaron%20placa%20de%20monolito%20fronterizo%20dedicada%20a%20los%20Derechos%20Humanos%20en%20Coyhaique' aria-hidden='false' data-av_icon='\ue8f3' data-av_iconfont='entypo-fontello' title='' data-avia-related-tooltip='Compartir en Facebook' rel=\"noopener\"><span class='avia_hidden_link_text'>Compartir en Facebook<\/span><\/a><\/li><li class='av-share-link av-social-link-twitter' ><a target=\"_blank\" aria-label=\"Compartir en Twitter\" href='https:\/\/twitter.com\/share?text=Desconocidos%20vandalizaron%20placa%20de%20monolito%20fronterizo%20dedicada%20a%20los%20Derechos%20Humanos%20en%20Coyhaique&#038;url=https:\/\/radiorevelacionfm.cl\/?p=36601' aria-hidden='false' data-av_icon='\ue8f1' data-av_iconfont='entypo-fontello' title='' data-avia-related-tooltip='Compartir en Twitter' rel=\"noopener\"><span class='avia_hidden_link_text'>Compartir en Twitter<\/span><\/a><\/li><li class='av-share-link av-social-link-whatsapp' ><a target=\"_blank\" aria-label=\"Compartir en Whatsapp\" href='https:\/\/api.whatsapp.com\/send?text=https:\/\/radiorevelacionfm.cl\/?p=36601' aria-hidden='false' data-av_icon='\uf232' data-av_iconfont='entypo-fontello' title='' data-avia-related-tooltip='Compartir en Whatsapp' rel=\"noopener\"><span class='avia_hidden_link_text'>Compartir en Whatsapp<\/span><\/a><\/li><li class='av-share-link av-social-link-linkedin' ><a target=\"_blank\" aria-label=\"Compartir en LinkedIn\" href='https:\/\/linkedin.com\/shareArticle?mini=true&#038;title=Desconocidos%20vandalizaron%20placa%20de%20monolito%20fronterizo%20dedicada%20a%20los%20Derechos%20Humanos%20en%20Coyhaique&#038;url=https:\/\/radiorevelacionfm.cl\/?p=36601' aria-hidden='false' data-av_icon='\ue8fc' data-av_iconfont='entypo-fontello' title='' data-avia-related-tooltip='Compartir en LinkedIn' rel=\"noopener\"><span class='avia_hidden_link_text'>Compartir en LinkedIn<\/span><\/a><\/li><li class='av-share-link av-social-link-mail' ><a  aria-label=\"Compartir por correo\" href='mailto:?subject=Desconocidos%20vandalizaron%20placa%20de%20monolito%20fronterizo%20dedicada%20a%20los%20Derechos%20Humanos%20en%20Coyhaique&#038;body=https:\/\/radiorevelacionfm.cl\/?p=36601' aria-hidden='false' data-av_icon='\ue805' data-av_iconfont='entypo-fontello' title='' data-avia-related-tooltip='Compartir por correo'><span class='avia_hidden_link_text'>Compartir por correo<\/span><\/a><\/li><\/ul><\/div><\/div>\n<div  style='height:50px' class='hr hr-invisible   avia-builder-el-8  el_after_av_social_share  el_before_av_comments_list '><span class='hr-inner ' ><span class='hr-inner-style'><\/span><\/span><\/div>\n<div  class='av-buildercomment  av-blog-meta-html-info-disabled av-blog-meta-tag-disabled  '><\/div>\n","protected":false},"excerpt":{"rendered":"","protected":false},"author":1,"featured_media":36602,"comment_status":"open","ping_status":"open","sticky":false,"template":"","format":"standard","meta":{"footnotes":""},"categories":[38],"tags":[],"class_list":["post-36601","post","type-post","status-publish","format-standard","has-post-thumbnail","hentry","category-regional"],"jetpack_featured_media_url":"https:\/\/radiorevelacionfm.cl\/wp-content\/uploads\/2023\/11\/Placa-monolito-fronterizo-hito-45-1-1.jpg","_links":{"self":[{"href":"https:\/\/radiorevelacionfm.cl\/index.php?rest_route=\/wp\/v2\/posts\/36601","targetHints":{"allow":["GET"]}}],"collection":[{"href":"https:\/\/radiorevelacionfm.cl\/index.php?rest_route=\/wp\/v2\/posts"}],"about":[{"href":"https:\/\/radiorevelacionfm.cl\/index.php?rest_route=\/wp\/v2\/types\/post"}],"author":[{"embeddable":true,"href":"https:\/\/radiorevelacionfm.cl\/index.php?rest_route=\/wp\/v2\/users\/1"}],"replies":[{"embeddable":true,"href":"https:\/\/radiorevelacionfm.cl\/index.php?rest_route=%2Fwp%2Fv2%2Fcomments&post=36601"}],"version-history":[{"count":1,"href":"https:\/\/radiorevelacionfm.cl\/index.php?rest_route=\/wp\/v2\/posts\/36601\/revisions"}],"predecessor-version":[{"id":36603,"href":"https:\/\/radiorevelacionfm.cl\/index.php?rest_route=\/wp\/v2\/posts\/36601\/revisions\/36603"}],"wp:featuredmedia":[{"embeddable":true,"href":"https:\/\/radiorevelacionfm.cl\/index.php?rest_route=\/wp\/v2\/media\/36602"}],"wp:attachment":[{"href":"https:\/\/radiorevelacionfm.cl\/index.php?rest_route=%2Fwp%2Fv2%2Fmedia&parent=36601"}],"wp:term":[{"taxonomy":"category","embeddable":true,"href":"https:\/\/radiorevelacionfm.cl\/index.php?rest_route=%2Fwp%2Fv2%2Fcategories&post=36601"},{"taxonomy":"post_tag","embeddable":true,"href":"https:\/\/radiorevelacionfm.cl\/index.php?rest_route=%2Fwp%2Fv2%2Ftags&post=36601"}],"curies":[{"name":"wp","href":"https:\/\/api.w.org\/{rel}","templated":true}]}}